{"id":3548,"date":"2014-03-18T15:36:00","date_gmt":"2014-03-18T12:36:00","guid":{"rendered":"https:\/\/dia.edu.az\/?p=3548"},"modified":"2021-03-07T15:39:55","modified_gmt":"2021-03-07T12:39:55","slug":"akademiya-v%c9%99-milli-konservatoriya-birg%c9%99-novruz-bayrami-t%c9%99dbiri-kecirmisdir","status":"publish","type":"post","link":"https:\/\/legacy.dia.edu.az\/en\/arxivl\u0259r\/3548","title":{"rendered":"Akademiya v\u0259 Milli Konservatoriya birg\u0259 Novruz Bayram\u0131 t\u0259dbiri ke\u00e7irmi\u015fdir"},"content":{"rendered":"<p><strong>Akademiya v\u0259 Milli Konservatoriya birg\u0259 Novruz Bayram\u0131 t\u0259dbiri ke\u00e7irmi\u015fdir<\/strong><\/p>\n\n\n\n<p>Mart\u0131n 18-d\u0259 Az\u0259rbaycan Respublikas\u0131n\u0131n Prezidenti yan\u0131nda D\u00f6vl\u0259t \u0130dar\u0259\u00e7ilik Akademiyas\u0131nda xalq\u0131m\u0131z\u0131n \u0259ziz bayram\u0131 olan\u00a0Novruz bayram\u0131\u00a0m\u00fcnasib\u0259til\u0259 t\u0259dbir ke\u00e7irilmi\u015fdir.\u00a0\u00a0<br>Birg\u0259 ke\u00e7iril\u0259n t\u0259dbiri Akademiyan\u0131n rektoru,\u00a0akademik Urxan \u018fl\u0259kb\u0259rov\u00a0v\u0259 Milli Konservatoriyan\u0131n rektoru professor Siyavu\u015f K\u0259rimi\u00a0a\u00e7araq kollektivin b\u00fct\u00fcn \u00fczvl\u0259rini bayram m\u00fcnasib\u0259ti\u00a0il\u0259 t\u0259brik etmi\u015f, ham\u0131ya cansa\u011fl\u0131\u011f\u0131, g\u00f6z\u0259l bahar \u0259hval-ruhiyy\u0259si, sevinc, ruzi-b\u0259r\u0259k\u0259t, firavan g\u00fcnl\u0259r arzulam\u0131\u015flar.<br>Novruz q\u0259dim zamanlardan xalq\u0131m\u0131z t\u0259r\u0259find\u0259n y\u00fcks\u0259k s\u0259viyy\u0259d\u0259 qeyd olunmu\u015f, t\u0259bi\u0259tin oyan\u0131\u015f\u0131 il\u0259 \u00fcr\u0259kl\u0259rd\u0259 saf niyy\u0259tl\u0259rin, xo\u015f arzular\u0131n yarand\u0131\u011f\u0131 bir bayram say\u0131lm\u0131\u015fd\u0131r.\u00a0Natiql\u0259r\u00a0Ulu \u00d6nd\u0259r Heyd\u0259r \u018fliyevin d\u0259 insanlara t\u0259mizlik, n\u0259ciblik, mehribanl\u0131q, birlik hissl\u0259ri a\u015f\u0131layan Novruz bayram\u0131na h\u0259r zaman xalq\u0131m\u0131z\u0131n \u0259v\u0259zsiz milli s\u0259rv\u0259ti kimi yana\u015fd\u0131\u011f\u0131n\u0131 bildirmi\u015fdir.<br>Respublikam\u0131zda g\u00f6r\u00fcl\u0259n i\u015fl\u0259rd\u0259n, \u00f6lk\u0259mizin g\u00fcnb\u0259g\u00fcn t\u0259r\u0259qqisind\u0259n, beyn\u0259lxalq al\u0259md\u0259 n\u00fcfuzunun artmas\u0131ndan, regionumuzun lider d\u00f6vl\u0259t\u0259 \u00e7evrilm\u0259sind\u0259n v\u0259 b\u00fct\u00fcn bu i\u015fl\u0259rd\u0259 Heyd\u0259r \u018fliyev irsinin layiqli davam\u00e7\u0131s\u0131, h\u00f6rm\u0259tli Prezident c\u0259nab \u0130lham \u018fliyevin s\u0259m\u0259r\u0259li f\u0259aliyy\u0259tind\u0259n dan\u0131\u015fm\u0131\u015f, bu bayram\u0131 y\u00fcks\u0259k s\u0259viyy\u0259d\u0259 qeyd etm\u0259k \u00fc\u00e7\u00fcn m\u0259n\u0259vi haqq\u0131m\u0131z oldu\u011funu vur\u011fulam\u0131\u015flar.\u00a0 Bayram t\u0259dbiri respublikam\u0131z\u0131n tan\u0131nm\u0131\u015f inc\u0259s\u0259n\u0259t ustalar\u0131n\u0131nifas\u0131nda s\u0259sl\u0259ndiril\u0259n musiqi n\u00f6mr\u0259l\u0259ri\u00a0il\u0259 davam etdirilmi\u015fdir.<\/p>\n\n\n\n<figure class=\"wp-container-2 wp-block-gallery-1 wp-block-gallery columns-3 is-cropped\"><ul class=\"blocks-gallery-grid\"><li class=\"blocks-gallery-item\"><figure><img width=\"640\" height=\"425\" src=\"https:\/\/dia.edu.az\/wp-content\/uploads\/2021\/03\/2-15.jpg\" alt=\"\" data-id=\"3567\" data-full-url=\"https:\/\/dia.edu.az\/wp-content\/uploads\/2021\/03\/2-15.jpg\" data-link=\"https:\/\/dia.edu.az\/?attachment_id=3567\" class=\"wp-image-3567\" srcset=\"https:\/\/legacy.dia.edu.az\/wp-content\/uploads\/2021\/03\/2-15.jpg 640w, https:\/\/legacy.dia.edu.az\/wp-content\/uploads\/2021\/03\/2-15-300x199.jpg 300w, https:\/\/legacy.dia.edu.az\/wp-content\/uploads\/2021\/03\/2-15-150x100.jpg 150w, https:\/\/legacy.dia.edu.az\/wp-content\/uploads\/2021\/03\/2-15-300x199@2x.jpg 600w\" sizes=\"(max-width: 640px) 100vw, 640px\" \/><\/figure><\/li><li class=\"blocks-gallery-item\"><figure><img width=\"640\" height=\"425\" src=\"https:\/\/dia.edu.az\/wp-content\/uploads\/2021\/03\/3-12.jpg\" alt=\"\" data-id=\"3570\" data-full-url=\"https:\/\/dia.edu.az\/wp-content\/uploads\/2021\/03\/3-12.jpg\" data-link=\"https:\/\/dia.edu.az\/?attachment_id=3570\" class=\"wp-image-3570\" srcset=\"https:\/\/legacy.dia.edu.az\/wp-content\/uploads\/2021\/03\/3-12.jpg 640w, https:\/\/legacy.dia.edu.az\/wp-content\/uploads\/2021\/03\/3-12-300x199.jpg 300w, https:\/\/legacy.dia.edu.az\/wp-content\/uploads\/2021\/03\/3-12-150x100.jpg 150w, https:\/\/legacy.dia.edu.az\/wp-content\/uploads\/2021\/03\/3-12-300x199@2x.jpg 600w\" sizes=\"(max-width: 640px) 100vw, 640px\" \/><\/figure><\/li><li class=\"blocks-gallery-item\"><figure><img width=\"640\" height=\"425\" src=\"https:\/\/dia.edu.az\/wp-content\/uploads\/2021\/03\/4-9.jpg\" alt=\"\" data-id=\"3573\" data-full-url=\"https:\/\/dia.edu.az\/wp-content\/uploads\/2021\/03\/4-9.jpg\" data-link=\"https:\/\/dia.edu.az\/?attachment_id=3573\" class=\"wp-image-3573\" srcset=\"https:\/\/legacy.dia.edu.az\/wp-content\/uploads\/2021\/03\/4-9.jpg 640w, https:\/\/legacy.dia.edu.az\/wp-content\/uploads\/2021\/03\/4-9-300x199.jpg 300w, https:\/\/legacy.dia.edu.az\/wp-content\/uploads\/2021\/03\/4-9-150x100.jpg 150w, https:\/\/legacy.dia.edu.az\/wp-content\/uploads\/2021\/03\/4-9-300x199@2x.jpg 600w\" sizes=\"(max-width: 640px) 100vw, 640px\" \/><\/figure><\/li><li class=\"blocks-gallery-item\"><figure><img width=\"640\" height=\"425\" src=\"https:\/\/dia.edu.az\/wp-content\/uploads\/2021\/03\/5-6.jpg\" alt=\"\" data-id=\"3576\" data-full-url=\"https:\/\/dia.edu.az\/wp-content\/uploads\/2021\/03\/5-6.jpg\" data-link=\"https:\/\/dia.edu.az\/?attachment_id=3576\" class=\"wp-image-3576\" srcset=\"https:\/\/legacy.dia.edu.az\/wp-content\/uploads\/2021\/03\/5-6.jpg 640w, https:\/\/legacy.dia.edu.az\/wp-content\/uploads\/2021\/03\/5-6-300x199.jpg 300w, https:\/\/legacy.dia.edu.az\/wp-content\/uploads\/2021\/03\/5-6-150x100.jpg 150w, https:\/\/legacy.dia.edu.az\/wp-content\/uploads\/2021\/03\/5-6-300x199@2x.jpg 600w\" sizes=\"(max-width: 640px) 100vw, 640px\" \/><\/figure><\/li><li class=\"blocks-gallery-item\"><figure><img width=\"640\" height=\"425\" src=\"https:\/\/dia.edu.az\/wp-content\/uploads\/2021\/03\/6-5.jpg\" alt=\"\" data-id=\"3579\" data-full-url=\"https:\/\/dia.edu.az\/wp-content\/uploads\/2021\/03\/6-5.jpg\" data-link=\"https:\/\/dia.edu.az\/?attachment_id=3579\" class=\"wp-image-3579\" srcset=\"https:\/\/legacy.dia.edu.az\/wp-content\/uploads\/2021\/03\/6-5.jpg 640w, https:\/\/legacy.dia.edu.az\/wp-content\/uploads\/2021\/03\/6-5-300x199.jpg 300w, https:\/\/legacy.dia.edu.az\/wp-content\/uploads\/2021\/03\/6-5-150x100.jpg 150w, https:\/\/legacy.dia.edu.az\/wp-content\/uploads\/2021\/03\/6-5-300x199@2x.jpg 600w\" sizes=\"(max-width: 640px) 100vw, 640px\" \/><\/figure><\/li><\/ul><\/figure>","protected":false},"excerpt":{"rendered":"<p>Akademiya v\u0259 Milli Konservatoriya birg\u0259 Novruz Bayram\u0131 t\u0259dbiri ke\u00e7irmi\u015fdir Mart\u0131n 18-d\u0259 Az\u0259rbaycan Respublikas\u0131n\u0131n Prezidenti yan\u0131nda D\u00f6vl\u0259t \u0130dar\u0259\u00e7ilik Akademiyas\u0131nda xalq\u0131m\u0131z\u0131n \u0259ziz bayram\u0131 olan\u00a0Novruz bayram\u0131\u00a0m\u00fcnasib\u0259til\u0259 t\u0259dbir ke\u00e7irilmi\u015fdir.\u00a0\u00a0Birg\u0259 ke\u00e7iril\u0259n t\u0259dbiri Akademiyan\u0131n rektoru,\u00a0akademik Urxan \u018fl\u0259kb\u0259rov\u00a0v\u0259 Milli Konservatoriyan\u0131n rektoru professor Siyavu\u015f K\u0259rimi\u00a0a\u00e7araq kollektivin b\u00fct\u00fcn \u00fczvl\u0259rini bayram m\u00fcnasib\u0259ti\u00a0il\u0259 t\u0259brik etmi\u015f, ham\u0131ya cansa\u011fl\u0131\u011f\u0131, g\u00f6z\u0259l bahar \u0259hval-ruhiyy\u0259si, sevinc, ruzi-b\u0259r\u0259k\u0259t, firavan g\u00fcnl\u0259r arzulam\u0131\u015flar.Novruz q\u0259dim [&hellip;]<\/p>","protected":false},"author":2,"featured_media":3564,"comment_status":"closed","ping_status":"closed","sticky":false,"template":"","format":"standard","meta":[],"categories":[137],"tags":[197,192,189,191,190],"_links":{"self":[{"href":"https:\/\/legacy.dia.edu.az\/en\/wp-json\/wp\/v2\/posts\/3548"}],"collection":[{"href":"https:\/\/legacy.dia.edu.az\/en\/wp-json\/wp\/v2\/posts"}],"about":[{"href":"https:\/\/legacy.dia.edu.az\/en\/wp-json\/wp\/v2\/types\/post"}],"author":[{"embeddable":true,"href":"https:\/\/legacy.dia.edu.az\/en\/wp-json\/wp\/v2\/users\/2"}],"replies":[{"embeddable":true,"href":"https:\/\/legacy.dia.edu.az\/en\/wp-json\/wp\/v2\/comments?post=3548"}],"version-history":[{"count":0,"href":"https:\/\/legacy.dia.edu.az\/en\/wp-json\/wp\/v2\/posts\/3548\/revisions"}],"wp:featuredmedia":[{"embeddable":true,"href":"https:\/\/legacy.dia.edu.az\/en\/wp-json\/wp\/v2\/media\/3564"}],"wp:attachment":[{"href":"https:\/\/legacy.dia.edu.az\/en\/wp-json\/wp\/v2\/media?parent=3548"}],"wp:term":[{"taxonomy":"category","embeddable":true,"href":"https:\/\/legacy.dia.edu.az\/en\/wp-json\/wp\/v2\/categories?post=3548"},{"taxonomy":"post_tag","embeddable":true,"href":"https:\/\/legacy.dia.edu.az\/en\/wp-json\/wp\/v2\/tags?post=3548"}],"curies":[{"name":"wp","href":"https:\/\/api.w.org\/{rel}","templated":true}]}}