{"id":3534,"date":"2014-03-28T15:32:00","date_gmt":"2014-03-28T12:32:00","guid":{"rendered":"https:\/\/dia.edu.az\/?p=3534"},"modified":"2021-03-07T15:35:44","modified_gmt":"2021-03-07T12:35:44","slug":"muasir-dunya-v%c9%99-az%c9%99rbaycanlilarin-soyqirim-h%c9%99qiq%c9%99tl%c9%99ri-adli-elmi-praktiki-konfrans-kecirilmisdir","status":"publish","type":"post","link":"https:\/\/legacy.dia.edu.az\/en\/arxivl\u0259r\/3534","title":{"rendered":"M\u00fcasir D\u00fcnya v\u0259 Az\u0259rbaycanl\u0131lar\u0131n Soyq\u0131r\u0131m H\u0259qiq\u0259tl\u0259ri adl\u0131 Elmi-Praktiki Konfrans ke\u00e7irilmi\u015fdir"},"content":{"rendered":"<p><strong>M\u00fcasir D\u00fcnya v\u0259 Az\u0259rbaycanl\u0131lar\u0131n Soyq\u0131r\u0131m H\u0259qiq\u0259tl\u0259ri adl\u0131 Elmi-Praktiki Konfrans ke\u00e7irilmi\u015fdir<\/strong><\/p>\n\n\n\n<p>28 mart 2014-c\u00fc il tarixd\u0259&nbsp; Az\u0259rbaycan Respublikas\u0131n\u0131n Prezidenti yan\u0131nda D\u00f6vl\u0259t \u0130dar\u0259\u00e7ilik Akademiyas\u0131, \u201cAz\u0259rbaycan Respublikas\u0131 Da\u011fl\u0131q Qaraba\u011f B\u00f6lg\u0259sinin Az\u0259rbaycanl\u0131&nbsp; \u0130cmas\u0131\u201d \u0130ctimai Birliyi, \u201cSoyq\u0131r\u0131m H\u0259qiq\u0259tl\u0259rinin Tan\u0131d\u0131lmas\u0131\u201d \u0130ctimai Birliyinin birg\u0259 t\u0259\u015fkilat\u00e7\u0131l\u0131\u011f\u0131 il\u0259 \u201cM\u00fcasir D\u00fcnya v\u0259 Az\u0259rbaycanl\u0131lar\u0131n Soyq\u0131r\u0131m H\u0259qiq\u0259tl\u0259ri\u201d m\u00f6vzusunda elmi-praktiki konfrans ke\u00e7irilmi\u015fdir.<\/p>\n\n\n\n<p>Az\u0259rbaycan\u0131n \u0259razi b\u00fct\u00f6vl\u00fcy\u00fc u\u011frunda \u015f\u0259hid olmu\u015f insanlar\u0131n ruhlar\u0131 yad edildikd\u0259n sonra, t\u0259dbiri giri\u015f s\u00f6z\u00fc il\u0259 a\u00e7an Az\u0259rbaycan Respublikas\u0131n\u0131n Prezidenti yan\u0131nda D\u00f6vl\u0259t \u0130dar\u0259\u00e7ilik Akademiyas\u0131n\u0131n rektoru, akademik Urxan&nbsp; \u018fl\u0259kb\u0259rov, \u00dcmummilli lider Heyd\u0259r \u018fliyev ikinci d\u0259f\u0259 siyasi hakimiyy\u0259t\u0259 yenid\u0259n qay\u0131td\u0131qdan sonra erm\u0259ni mill\u0259t\u00e7il\u0259ri t\u0259r\u0259find\u0259n xalq\u0131m\u0131za qar\u015f\u0131 h\u0259yata ke\u00e7iril\u0259n etnik t\u0259mizl\u0259m\u0259, soyq\u0131r\u0131m\u0131 v\u0259 t\u0259cav\u00fczkarl\u0131q siyas\u0259tinin \u0259sil mahiyy\u0259tinin&nbsp; a\u00e7\u0131qland\u0131\u011f\u0131,&nbsp; bu hadis\u0259l\u0259r\u0259 siyasi-h\u00fcquqi qiym\u0259t verildiyini qeyd etmi\u015fdir.&nbsp; Akademik Urxan&nbsp; \u018fl\u0259kb\u0259rov erm\u0259nil\u0259rin az\u0259rbaycanl\u0131lara qar\u015f\u0131 zaman-zaman t\u00f6r\u0259tdikl\u0259ri soyq\u0131r\u0131m\u0131 il\u0259 \u0259laq\u0259dar&nbsp;&nbsp;\u00fcmummilli lider Heyd\u0259r \u018fliyevin 1998-ci il mart\u0131n 26-da imzalad\u0131\u011f\u0131 F\u0259rmanla 31 mart Az\u0259rbaycanl\u0131lar\u0131n Soyq\u0131r\u0131m\u0131 G\u00fcn\u00fcn\u00fcn elan edilm\u0259sini&nbsp;t\u0259dbir i\u015ftirak\u00e7\u0131lar\u0131n\u0131n diqq\u0259tin\u0259 \u00e7atd\u0131rm\u0131\u015f,&nbsp;son ill\u0259rd\u0259 erm\u0259ni t\u0259cav\u00fcz\u00fcn\u00fcn n\u0259tic\u0259l\u0259ri, Az\u0259rbaycan\u0131n \u0259z\u0259li torpaqlar\u0131nda Erm\u0259nistan d\u00f6vl\u0259tinin yarad\u0131lmas\u0131, xalq\u0131m\u0131z\u0131n milli m\u0259d\u0259niyy\u0259t n\u00fcmun\u0259l\u0259rinin, toponiml\u0259rimizin \u00f6z\u00fcn\u00fcnk\u00fcl\u0259\u015fdirilm\u0259si bar\u0259d\u0259 tarixi faktlara \u0259saslanan qiym\u0259tli \u0259s\u0259rl\u0259rin \u00e7ap olunmas\u0131n\u0131n \u0259h\u0259miyy\u0259tini qeyd etmi\u015fdir.<\/p>\n\n\n\n<p>Daha sonra \u00e7\u0131x\u0131\u015f ed\u0259n \u201cAz\u0259rbaycan&nbsp; Respublikas\u0131 Da\u011fl\u0131q Qaraba\u011f B\u00f6lg\u0259sinin Az\u0259rbaycanl\u0131&nbsp; \u0130cmas\u0131\u201d \u0130ctimai Birliyinin s\u0259dri, icma r\u0259hb\u0259ri Bayram S\u0259f\u0259roverm\u0259ni mill\u0259t\u00e7il\u0259rinin t\u0259cav\u00fczkar siyas\u0259ti n\u0259tic\u0259sind\u0259, t\u0259kc\u0259 XX \u0259srd\u0259 az\u0259rbaycanl\u0131lar\u0131n 4 d\u0259f\u0259 &#8211; 1905-1906-c\u0131, 1918-1920-ci, 1948-1953-c\u00fc v\u0259 n\u0259hay\u0259t, 1988-1993-c\u00fc ill\u0259rd\u0259 t\u00f6r\u0259dil\u0259n soyq\u0131r\u0131m\u0131 v\u0259 etnik t\u0259mizl\u0259m\u0259l\u0259r\u0259 m\u0259ruz qald\u0131\u011f\u0131n\u0131 vur\u011fulam\u0131\u015fd\u0131r. O qeyd etmi\u015fdir ki, 1918-1920-ci ill\u0259rd\u0259 erm\u0259nil\u0259r t\u0259r\u0259find\u0259n t\u00f6r\u0259dilmi\u015f k\u00fctl\u0259vi q\u0131r\u011f\u0131nlar\u0131n Bak\u0131, Quba, \u015eamax\u0131, K\u00fcrd\u0259mir, L\u0259nk\u0259ranla yana\u015f\u0131, \u015eu\u015fada, \u0130r\u0259van quberniyas\u0131 \u0259razisind\u0259, Z\u0259ng\u0259zurda, Nax\u00e7\u0131vanda, \u015e\u0259rurda, Ordubadda, Qarsda v\u0259 ba\u015fqa b\u00f6lg\u0259l\u0259rd\u0259 davam etdirilm\u0259si n\u0259tic\u0259sind\u0259 y\u00fcz minl\u0259rl\u0259 az\u0259rbaycanl\u0131 \u0259n q\u0259ddar \u00fcsullarla q\u0259tl\u0259 yetirilmi\u015f, bir milyondan \u00e7ox \u0259hali \u00f6z do\u011fma torpaqlar\u0131ndan did\u0259rgin sal\u0131nm\u0131\u015fd\u0131r. O, \u00dcmummilli lider Heyd\u0259r \u018fliyevin 1993-c\u00fc ild\u0259 siyasi hakimiyy\u0259t\u0259 yenid\u0259n qay\u0131td\u0131qdan sonra erm\u0259ni mill\u0259t\u00e7il\u0259ri t\u0259r\u0259find\u0259n xalq\u0131m\u0131za qar\u015f\u0131 h\u0259yata ke\u00e7iril\u0259n etnik t\u0259mizl\u0259m\u0259, soyq\u0131r\u0131m\u0131 v\u0259 t\u0259cav\u00fczkarl\u0131q siyas\u0259tinin \u0259sil mahiyy\u0259ti&nbsp; a\u00e7\u0131qlanm\u0131\u015f,&nbsp; bu hadis\u0259l\u0259r\u0259 siyasi-h\u00fcquqi qiym\u0259t verildiyini vur\u011fulam\u0131\u015fd\u0131r. Bu siyasi kursu u\u011furla davam etdir\u0259n Az\u0259rbaycan Respublikas\u0131n\u0131n Prezidenti c\u0259nab \u0130lham \u018fliyevin \u201cAz\u0259rbaycan \u0259razi b\u00fct\u00f6vl\u00fcy\u00fc&nbsp; dan\u0131\u015f\u0131qlar\u0131n m\u00f6vzusu deyil, olmay\u0131bd\u0131r v\u0259 olmayacaqd\u0131r\u201d fikrini d\u0259f\u0259l\u0259rl\u0259 ir\u0259li s\u00fcrm\u0259sini, \u00f6lk\u0259mizin milli m\u0259nafel\u0259rinin qorunmas\u0131 \u015f\u0259rtil\u0259&nbsp; m\u00fcnaqi\u015f\u0259nin \u0259dal\u0259tli \u015f\u0259kild\u0259&nbsp; h\u0259ll olunaca\u011f\u0131na olan \u00fcmidl\u0259ri daha art\u0131rd\u0131\u011f\u0131n\u0131 t\u0259dbir i\u015ftirak\u00e7\u0131lar\u0131n\u0131n diqq\u0259tin\u0259 \u00e7atd\u0131rm\u0131\u015fd\u0131r.<\/p>\n\n\n\n<p>Daha sonra \u00e7\u0131x\u0131\u015f ed\u0259n m\u0259ruz\u0259\u00e7il\u0259r, Az\u0259rbaycan Respublikas\u0131n\u0131n Prezidenti yan\u0131nda D\u00f6vl\u0259t \u0130dar\u0259\u00e7ilik Akademiyas\u0131n\u0131n \u201cTarix\u201d kafedras\u0131n\u0131n m\u00fcdiri, Firdovsiyy\u0259 \u018fhm\u0259dova&nbsp; \u201c1918-ci il Soyq\u0131r\u0131m\u0131\u201d,&nbsp; Az\u0259rbaycan Respublikas\u0131n\u0131n Prezidenti yan\u0131nda D\u00f6vl\u0259t \u0130dar\u0259\u00e7ilik Akademiyas\u0131n\u0131n \u201cBeyn\u0259lxalq m\u00fcnasib\u0259tl\u0259r v\u0259 xarici siyas\u0259t\u201d kafedras\u0131n\u0131n dosenti,&nbsp; \u201cQaraba\u011f Ara\u015fd\u0131rmalar M\u0259rk\u0259zinin r\u0259hb\u0259ri, El\u00e7in \u018fhm\u0259dov \u201cErm\u0259nistan\u0131n Az\u0259rbaycana qar\u015f\u0131 etnik t\u0259mizl\u0259m\u0259, soyq\u0131r\u0131m v\u0259 t\u0259cav\u00fczkar siyas\u0259tinin m\u0259rh\u0259l\u0259l\u0259ri\u201d, \u201cSoyq\u0131r\u0131m H\u0259qiq\u0259tl\u0259rinin Tan\u0131d\u0131lmas\u0131\u201d \u0130ctimai Birliyinin S\u0259dri Ceyhun \u018fl\u0259kb\u0259rov \u201cSoyq\u0131r\u0131mlar\u0131n Tan\u0131d\u0131lmas\u0131nda g\u0259ncl\u0259rin v\u0259 QHT-nin rolu\u201d, Prezident Administrasiyas\u0131 \u0130ctimai-siyasi m\u0259s\u0259l\u0259l\u0259r \u015f\u00f6b\u0259sinin Xaricd\u0259 Ya\u015fayan Az\u0259rbaycanl\u0131larla&nbsp;&nbsp; \u0130\u015f \u00fczr\u0259 sektorun m\u00fcdiri, YAP Siyasi \u015euras\u0131n\u0131n \u00fczv\u00fc, siyasi elml\u0259r \u00fczr\u0259 f\u0259ls\u0259f\u0259 doktoru&nbsp; Qafar \u018fliyev, \u201cSoyq\u0131r\u0131m v\u0259 deportasiya h\u0259qiq\u0259tl\u0259rinin d\u00fcnyaya&nbsp; \u00e7atd\u0131r\u0131lmas\u0131 sah\u0259sind\u0259 g\u0259l\u0259c\u0259k perspektivl\u0259r\u201d m\u00f6vzular\u0131nda \u00e7\u0131x\u0131\u015flar etmi\u015fl\u0259r.<\/p>\n\n\n\n<p>T\u0259dbirin sonunda 31 mart \u2013 Az\u0259rbaycanl\u0131lar\u0131n Soyq\u0131r\u0131m\u0131 g\u00fcn\u00fc il\u0259 \u0259laq\u0259dar Az\u0259rbaycanda f\u0259aliyy\u0259t g\u00f6st\u0259r\u0259n beyn\u0259lxalq t\u0259\u015fkilatlar\u0131n n\u00fcmay\u0259nd\u0259likl\u0259rin\u0259 m\u00fcraci\u0259t q\u0259bul edilmi\u015fdir.<\/p>\n\n\n\n<figure class=\"wp-container-2 wp-block-gallery-1 wp-block-gallery columns-3 is-cropped\"><ul class=\"blocks-gallery-grid\"><li class=\"blocks-gallery-item\"><figure><img width=\"640\" height=\"426\" src=\"https:\/\/dia.edu.az\/wp-content\/uploads\/2021\/03\/5-4.jpg\" alt=\"\" data-id=\"3535\" data-full-url=\"https:\/\/dia.edu.az\/wp-content\/uploads\/2021\/03\/5-4.jpg\" data-link=\"https:\/\/dia.edu.az\/?attachment_id=3535\" class=\"wp-image-3535\" srcset=\"https:\/\/legacy.dia.edu.az\/wp-content\/uploads\/2021\/03\/5-4.jpg 640w, https:\/\/legacy.dia.edu.az\/wp-content\/uploads\/2021\/03\/5-4-300x200.jpg 300w, https:\/\/legacy.dia.edu.az\/wp-content\/uploads\/2021\/03\/5-4-150x100.jpg 150w, https:\/\/legacy.dia.edu.az\/wp-content\/uploads\/2021\/03\/5-4-300x200@2x.jpg 600w\" sizes=\"(max-width: 640px) 100vw, 640px\" \/><\/figure><\/li><li class=\"blocks-gallery-item\"><figure><img width=\"640\" height=\"426\" src=\"https:\/\/dia.edu.az\/wp-content\/uploads\/2021\/03\/6-3.jpg\" alt=\"\" data-id=\"3538\" data-full-url=\"https:\/\/dia.edu.az\/wp-content\/uploads\/2021\/03\/6-3.jpg\" data-link=\"https:\/\/dia.edu.az\/?attachment_id=3538\" class=\"wp-image-3538\" srcset=\"https:\/\/legacy.dia.edu.az\/wp-content\/uploads\/2021\/03\/6-3.jpg 640w, https:\/\/legacy.dia.edu.az\/wp-content\/uploads\/2021\/03\/6-3-300x200.jpg 300w, https:\/\/legacy.dia.edu.az\/wp-content\/uploads\/2021\/03\/6-3-150x100.jpg 150w, https:\/\/legacy.dia.edu.az\/wp-content\/uploads\/2021\/03\/6-3-300x200@2x.jpg 600w\" sizes=\"(max-width: 640px) 100vw, 640px\" \/><\/figure><\/li><li class=\"blocks-gallery-item\"><figure><img width=\"640\" height=\"426\" src=\"https:\/\/dia.edu.az\/wp-content\/uploads\/2021\/03\/7-3.jpg\" alt=\"\" data-id=\"3541\" data-full-url=\"https:\/\/dia.edu.az\/wp-content\/uploads\/2021\/03\/7-3.jpg\" data-link=\"https:\/\/dia.edu.az\/?attachment_id=3541\" class=\"wp-image-3541\" srcset=\"https:\/\/legacy.dia.edu.az\/wp-content\/uploads\/2021\/03\/7-3.jpg 640w, https:\/\/legacy.dia.edu.az\/wp-content\/uploads\/2021\/03\/7-3-300x200.jpg 300w, https:\/\/legacy.dia.edu.az\/wp-content\/uploads\/2021\/03\/7-3-150x100.jpg 150w, https:\/\/legacy.dia.edu.az\/wp-content\/uploads\/2021\/03\/7-3-300x200@2x.jpg 600w\" sizes=\"(max-width: 640px) 100vw, 640px\" \/><\/figure><\/li><li class=\"blocks-gallery-item\"><figure><img width=\"640\" height=\"426\" src=\"https:\/\/dia.edu.az\/wp-content\/uploads\/2021\/03\/8-1.jpg\" alt=\"\" data-id=\"3544\" data-full-url=\"https:\/\/dia.edu.az\/wp-content\/uploads\/2021\/03\/8-1.jpg\" data-link=\"https:\/\/dia.edu.az\/?attachment_id=3544\" class=\"wp-image-3544\" srcset=\"https:\/\/legacy.dia.edu.az\/wp-content\/uploads\/2021\/03\/8-1.jpg 640w, https:\/\/legacy.dia.edu.az\/wp-content\/uploads\/2021\/03\/8-1-300x200.jpg 300w, https:\/\/legacy.dia.edu.az\/wp-content\/uploads\/2021\/03\/8-1-150x100.jpg 150w, https:\/\/legacy.dia.edu.az\/wp-content\/uploads\/2021\/03\/8-1-300x200@2x.jpg 600w\" sizes=\"(max-width: 640px) 100vw, 640px\" \/><\/figure><\/li><\/ul><\/figure>","protected":false},"excerpt":{"rendered":"<p>M\u00fcasir D\u00fcnya v\u0259 Az\u0259rbaycanl\u0131lar\u0131n Soyq\u0131r\u0131m H\u0259qiq\u0259tl\u0259ri adl\u0131 Elmi-Praktiki Konfrans ke\u00e7irilmi\u015fdir 28 mart 2014-c\u00fc il tarixd\u0259&nbsp; Az\u0259rbaycan Respublikas\u0131n\u0131n Prezidenti yan\u0131nda D\u00f6vl\u0259t \u0130dar\u0259\u00e7ilik Akademiyas\u0131, \u201cAz\u0259rbaycan Respublikas\u0131 Da\u011fl\u0131q Qaraba\u011f B\u00f6lg\u0259sinin Az\u0259rbaycanl\u0131&nbsp; \u0130cmas\u0131\u201d \u0130ctimai Birliyi, \u201cSoyq\u0131r\u0131m H\u0259qiq\u0259tl\u0259rinin Tan\u0131d\u0131lmas\u0131\u201d \u0130ctimai Birliyinin birg\u0259 t\u0259\u015fkilat\u00e7\u0131l\u0131\u011f\u0131 il\u0259 \u201cM\u00fcasir D\u00fcnya v\u0259 Az\u0259rbaycanl\u0131lar\u0131n Soyq\u0131r\u0131m H\u0259qiq\u0259tl\u0259ri\u201d m\u00f6vzusunda elmi-praktiki konfrans ke\u00e7irilmi\u015fdir. Az\u0259rbaycan\u0131n \u0259razi b\u00fct\u00f6vl\u00fcy\u00fc u\u011frunda \u015f\u0259hid olmu\u015f [&hellip;]<\/p>","protected":false},"author":2,"featured_media":3535,"comment_status":"closed","ping_status":"closed","sticky":false,"template":"","format":"standard","meta":[],"categories":[137],"tags":[197,192,189,191,190],"_links":{"self":[{"href":"https:\/\/legacy.dia.edu.az\/en\/wp-json\/wp\/v2\/posts\/3534"}],"collection":[{"href":"https:\/\/legacy.dia.edu.az\/en\/wp-json\/wp\/v2\/posts"}],"about":[{"href":"https:\/\/legacy.dia.edu.az\/en\/wp-json\/wp\/v2\/types\/post"}],"author":[{"embeddable":true,"href":"https:\/\/legacy.dia.edu.az\/en\/wp-json\/wp\/v2\/users\/2"}],"replies":[{"embeddable":true,"href":"https:\/\/legacy.dia.edu.az\/en\/wp-json\/wp\/v2\/comments?post=3534"}],"version-history":[{"count":0,"href":"https:\/\/legacy.dia.edu.az\/en\/wp-json\/wp\/v2\/posts\/3534\/revisions"}],"wp:featuredmedia":[{"embeddable":true,"href":"https:\/\/legacy.dia.edu.az\/en\/wp-json\/wp\/v2\/media\/3535"}],"wp:attachment":[{"href":"https:\/\/legacy.dia.edu.az\/en\/wp-json\/wp\/v2\/media?parent=3534"}],"wp:term":[{"taxonomy":"category","embeddable":true,"href":"https:\/\/legacy.dia.edu.az\/en\/wp-json\/wp\/v2\/categories?post=3534"},{"taxonomy":"post_tag","embeddable":true,"href":"https:\/\/legacy.dia.edu.az\/en\/wp-json\/wp\/v2\/tags?post=3534"}],"curies":[{"name":"wp","href":"https:\/\/api.w.org\/{rel}","templated":true}]}}