{"id":3523,"date":"2014-04-11T15:24:00","date_gmt":"2014-04-11T12:24:00","guid":{"rendered":"https:\/\/dia.edu.az\/?p=3523"},"modified":"2021-03-07T15:30:09","modified_gmt":"2021-03-07T12:30:09","slug":"qarabag-arasdirmalar-m%c9%99rk%c9%99zind%c9%99-ali-m%c9%99kt%c9%99b-t%c9%99l%c9%99b%c9%99l%c9%99ri-ucun-qarabag-h%c9%99qiq%c9%99tl%c9%99ri-haqqinda-novb%c9%99ti-qisamudd%c9%99tli-kurslar-basa-catmisdi","status":"publish","type":"post","link":"https:\/\/legacy.dia.edu.az\/en\/arxivl\u0259r\/3523","title":{"rendered":"Qaraba\u011f Ara\u015fd\u0131rmalar M\u0259rk\u0259zind\u0259 Ali m\u0259kt\u0259b t\u0259l\u0259b\u0259l\u0259ri \u00fc\u00e7\u00fcn Qaraba\u011f h\u0259qiq\u0259tl\u0259ri haqq\u0131nda n\u00f6vb\u0259ti q\u0131sam\u00fcdd\u0259tli kurslar ba\u015fa \u00e7atm\u0131\u015fd\u0131r"},"content":{"rendered":"<p><strong>Qaraba\u011f Ara\u015fd\u0131rmalar M\u0259rk\u0259zind\u0259 Ali m\u0259kt\u0259b t\u0259l\u0259b\u0259l\u0259ri \u00fc\u00e7\u00fcn Qaraba\u011f h\u0259qiq\u0259tl\u0259ri haqq\u0131nda n\u00f6vb\u0259ti q\u0131sam\u00fcdd\u0259tli kurslar ba\u015fa \u00e7atm\u0131\u015fd\u0131r<\/strong><\/p>\n\n\n\n<p>Aprelin 11-d\u0259 Az\u0259rbaycan Respublikas\u0131n\u0131n Prezidenti yan\u0131nda D\u00f6vl\u0259t &nbsp;\u0130dar\u0259\u00e7ilik Akademiyas\u0131 v\u0259 \u201cAz\u0259rbaycan Respublikas\u0131 Da\u011fl\u0131q Qaraba\u011f B\u00f6lg\u0259sinin Az\u0259rbaycanl\u0131 \u0130cmas\u0131\u201d \u0130ctimai Birliyinin birg\u0259 t\u0259sis etdikl\u0259ri Qaraba\u011f Ara\u015fd\u0131rmalar M\u0259rk\u0259zind\u0259 Ali m\u0259kt\u0259b t\u0259l\u0259b\u0259l\u0259ri \u00fc\u00e7\u00fcn \u201cErm\u0259nistan-Az\u0259rbaycan, Da\u011fl\u0131q Qaraba\u011f m\u00fcnaqi\u015f\u0259si: tarixi k\u00f6kl\u0259ri, m\u0259rh\u0259l\u0259l\u0259ri v\u0259 h\u0259lli perspektivl\u0259ri\u201d proqram\u0131 \u00fczr\u0259 n\u00f6vb\u0259ti q\u0131sam\u00fcdd\u0259tl\u0131 kurslara yekun vurulmu\u015fdur.<\/p>\n\n\n\n<p>Aprelin 1-d\u0259n &#8211; 11-d\u0259k&nbsp; davam ed\u0259n kurslar\u0131n bu d\u0259f\u0259ki&nbsp; dinl\u0259yicil\u0259ri Bak\u0131 Slavyan Universitetinin t\u0259l\u0259b\u0259l\u0259ri olmu\u015flar. Sonuncu m\u00fchazir\u0259ni&nbsp;Az\u0259rbaycan Respublikas\u0131n\u0131n Prezidenti Administrasiyas\u0131n\u0131n ictimai-siyasi m\u0259s\u0259l\u0259l\u0259r s\u00f6b\u0259sinin m\u00fcdiri, professor \u018fli H\u0259s\u0259nov \u201cM\u00fcnaqi\u015f\u0259sinin nizama sal\u0131nmas\u0131 istiqam\u0259tind\u0259 apar\u0131lan dan\u0131\u015f\u0131qlar prosesind\u0259 Az\u0259rbaycan d\u00f6vl\u0259tinin m\u00f6vqeyi\u201d m\u00f6vzusunda oxumu\u015fdur. M\u00fcnaqi\u015f\u0259nin nizama sal\u0131nmas\u0131 prosesind\u0259 Erm\u0259ni\u015ftan\u0131n t\u0259cav\u00fczkar siyas\u0259tind\u0259n,&nbsp; qeyri-konstruktiv m\u00fcvqeyind\u0259n&nbsp; dan\u0131\u015fmaqla yana\u015f\u0131, &nbsp;Az\u0259rbaycan\u0131n apard\u0131\u011f\u0131 diplomatik s\u0259yl\u0259rini, son vaxtlar d\u00f6vl\u0259timizin h\u00fccum diplomatiyas\u0131na \u00fcst\u00fcnl\u00fck verdiyini qeyd ed\u0259n \u018fli H\u0259s\u0259nov eyni zamanda dinl\u0259yicil\u0259rin n\u0259z\u0259rin\u0259 \u00e7atd\u0131rm\u0131\u015fd\u0131r ki, Az\u0259rbaycan Prezidenti \u0130lham \u018fliyev bu i\u015f\u011fal, etnik t\u0259mizl\u0259m\u0259 siyas\u0259ti v\u0259 \u0259razil\u0259rimizin m\u00fcv\u0259qq\u0259ti olaraq itirilm\u0259si il\u0259 he\u00e7 vaxt bar\u0131\u015fmayaca\u011f\u0131n\u0131 bildirm\u0259kl\u0259 yana\u015f\u0131, \u00f6z torpaqlar\u0131m\u0131z\u0131 azad etm\u0259k \u00fc\u00e7\u00fcn tam \u0259sas\u0131m\u0131z\u0131n oldu\u011funu v\u0259 bunun beyn\u0259lxalq h\u00fcquq normalar\u0131 il\u0259 t\u0259sdiq etdiyini vur\u011fulam\u0131\u015fd\u0131r. Bu s\u0259b\u0259bd\u0259n biz&nbsp; Da\u011fl\u0131q Qaraba\u011f u\u011frunda Az\u0259rbaycan d\u00f6vl\u0259tinin, Az\u0259rbaycan Prezidentinin y\u00fcr\u00fctd\u00fcy\u00fc b\u00f6y\u00fck siyas\u0259t\u0259 d\u0259st\u0259k verm\u0259liyik. Erm\u0259nil\u0259rin C\u0259nubi Qafqazda yeritdikl\u0259ri t\u0259cav\u00fcz siyas\u0259tin\u0259 a\u011f\u0131l &nbsp;v\u0259 intellektl\u0259 yana\u015fmaq laz\u0131md\u0131r. Eyni zamanda, biz h\u0259m d\u0259 g\u00fccl\u00fc olmal\u0131y\u0131q. \u0130qtisadi g\u00fcc Az\u0259rbaycan\u0131n qurtulu\u015f missiyas\u0131n\u0131n \u0259sas\u0131n\u0131 t\u0259\u015fkil edir. Bununla yana\u015f\u0131, \u018fli H\u0259s\u0259nov t\u0259l\u0259b\u0259l\u0259rin n\u0259z\u0259rin\u0259 \u00e7atd\u0131rd\u0131 ki, &nbsp;biz, &nbsp;d\u00f6vl\u0259t ba\u015f\u00e7\u0131s\u0131n\u0131n Az\u0259rbaycan v\u0259t\u0259nda\u015flar\u0131, ziyal\u0131lar\u0131, ictimaiyy\u0259ti qar\u015f\u0131s\u0131nda qoydu\u011fu v\u0259 d\u0259f\u0259l\u0259rl\u0259 vur\u011fulad\u0131\u011f\u0131 missiyan\u0131 &#8211; h\u00fccum diplomatiyas\u0131n\u0131 yaddan \u00e7\u0131xarmamal\u0131, t\u0259cav\u00fczkar Erm\u0259nistan\u0131n b\u00fct\u00fcn d\u00fcnyada if\u015fa olunmas\u0131na nail olmal\u0131y\u0131q.<\/p>\n\n\n\n<p>Kurslarda \u201cAz\u0259rbaycan Respublikas\u0131 Da\u011fl\u0131q Qaraba\u011f B\u00f6lg\u0259sinin Az\u0259rbaycanl\u0131 \u0130cmas\u0131\u201d \u0130ctimai Birliyinin Qaraba\u011f Ara\u015fd\u0131rmalar M\u0259rk\u0259zinin r\u0259hb\u0259ri, D\u00f6vl\u0259t \u0130dar\u0259\u00e7ilik Akademiyas\u0131n\u0131n dosenti El\u00e7in \u018fhm\u0259dov \u201cErm\u0259nistan\u0131n Az\u0259rbaycana qar\u015f\u0131 \u0259razi iddialar\u0131&nbsp;v\u0259 t\u0259cav\u00fczkarl\u0131q siyas\u0259tinin tarixi k\u00f6kl\u0259ri&nbsp; v\u0259 m\u0259rh\u0259l\u0259l\u0259ri\u201d, &nbsp;AMEA Tarix \u0130nstitutunun&nbsp;professoru, tarix elml\u0259ri doktoru K\u0259rim \u015e\u00fck\u00fcrov &nbsp;\u201cErm\u0259nil\u0259rin Az\u0259rbaycan torpaqlar\u0131na k\u00f6\u00e7\u00fcr\u00fclm\u0259si v\u0259 onun n\u0259tic\u0259l\u0259ri\u201d,Az\u0259rbaycan Respublikas\u0131 Prezidentinin \u0130\u015fl\u0259r \u0130dar\u0259sinin Prezident Kitabxanas\u0131n\u0131n \u015f\u00f6b\u0259 m\u00fcdiri, AMEA Tarix \u0130nstitutunun Qaraba\u011f \u015f\u00f6b\u0259sinin b\u00f6y\u00fck elmi i\u015f\u00e7isi Nazim Mustafa&nbsp;\u201cXX \u0259srin \u0259vv\u0259ll\u0259rind\u0259 erm\u0259nil\u0259rin az\u0259rbaycanl\u0131lara qar\u015f\u0131 t\u0259cav\u00fcz\u00fc (1905-1906)\u201d; tarix elml\u0259ri doktoru, professor Solmaz Toqidi-R\u00fcst\u0259mova \u201cAz\u0259rbaycanl\u0131lar\u0131n soyq\u0131r\u0131m\u0131 (1918-1920-ci ill\u0259r);Az\u0259rbaycan Respublikas\u0131n\u0131n Prezidenti yan\u0131nda D\u00f6vl\u0259t \u0130dar\u0259\u00e7ilik Akademiyas\u0131n\u0131n &#8220;Tarix&#8221; kafedras\u0131n\u0131n m\u00fcdiri, dosent Firdovsiyy\u0259 \u018fhm\u0259dova\u201cErm\u0259nistan\u0131n Az\u0259rbaycana qar\u015f\u0131 \u0259razi iddialar\u0131 (1918-1923-c\u00fc ill\u0259r)\u201d;&nbsp;Tarix elml\u0259ri doktoru, professor, mill\u0259t v\u0259kili Musa Qas\u0131ml\u0131&nbsp;&#8220;Sovet d\u00f6vr\u00fcnd\u0259 Erm\u0259nistan\u0131n az\u0259rbaycanl\u0131lara qar\u015f\u0131 etnik t\u0259mizl\u0259m\u0259 siyas\u0259ti v\u0259 onun n\u0259tic\u0259l\u0259ri (1945-1985)&#8221;; \u201cAz\u0259rbaycan Respublikas\u0131 Da\u011fl\u0131q Qaraba\u011f b\u00f6lg\u0259sinin Az\u0259rbaycanl\u0131 \u0130cmas\u0131\u201d \u0130ctimai Birliyi \u0130dar\u0259 hey\u0259tinin \u00fczv\u00fc, Xocav\u0259nd rayon icra hakiliyy\u0259tinin ba\u015f\u00e7\u0131s\u0131 Eyvaz H\u00fcseynov&nbsp;&nbsp;\u201cErm\u0259nil\u0259rin az\u0259rbaycanl\u0131lara qar\u015f\u0131 etnik t\u0259mizl\u0259m\u0259 v\u0259 soyr\u0131r\u0131m siyas\u0259ti. Qarada\u011fl\u0131 soyq\u0131r\u0131m\u0131\u201d; \u201cAz\u0259rbaycan Respublikas\u0131 Da\u011fl\u0131q Qaraba\u011f b\u00f6lg\u0259sinin Az\u0259rbaycanl\u0131 \u0130cmas\u0131\u201d \u0130ctimai Birliyi \u0130dar\u0259 hey\u0259tinin \u00fczv\u00fc, Milli M\u0259slisinin deputat\u0131 Elman M\u0259mm\u0259dov \u201cErm\u0259nistan\u0131n Az\u0259rbaycana t\u0259cav\u00fcz\u00fcn\u00fcn geni\u015fl\u0259nm\u0259si. Xocal\u0131 soyq\u0131r\u0131m\u0131\u201d;&nbsp;Qaraba\u011f Ara\u015fd\u0131rmalar M\u0259rk\u0259zinin r\u0259hb\u0259ri El\u00e7in \u018fhm\u0259dov \u201cErm\u0259nistan-Az\u0259rbaycan, Da\u011fl\u0131q Qaraba\u011f m\u00fcnaqi\u015f\u0259si: beyn\u0259lxalq t\u0259\u015fkilatlar v\u0259 b\u00f6y\u00fck d\u00f6vl\u0259tl\u0259rin m\u00f6vqeyi\u201d&nbsp;m\u00f6vzularda proqram \u00fczr\u0259 m\u00fchazir\u0259l\u0259r oxumu\u015flar.<\/p>\n\n\n\n<p>\u00a0Kuslar\u0131n sonunda dinl\u0259yicil\u0259r\u0259 m\u00fcvafiq sertifikatkar t\u0259qdim edilmi\u015fdir.<\/p>\n\n\n\n<figure class=\"wp-container-2 wp-block-gallery-1 wp-block-gallery columns-2 is-cropped\"><ul class=\"blocks-gallery-grid\"><li class=\"blocks-gallery-item\"><figure><img width=\"640\" height=\"426\" src=\"https:\/\/dia.edu.az\/wp-content\/uploads\/2021\/03\/3-10.jpg\" alt=\"\" data-id=\"3524\" data-full-url=\"https:\/\/dia.edu.az\/wp-content\/uploads\/2021\/03\/3-10.jpg\" data-link=\"https:\/\/dia.edu.az\/?attachment_id=3524\" class=\"wp-image-3524\" srcset=\"https:\/\/legacy.dia.edu.az\/wp-content\/uploads\/2021\/03\/3-10.jpg 640w, https:\/\/legacy.dia.edu.az\/wp-content\/uploads\/2021\/03\/3-10-300x200.jpg 300w, https:\/\/legacy.dia.edu.az\/wp-content\/uploads\/2021\/03\/3-10-150x100.jpg 150w, https:\/\/legacy.dia.edu.az\/wp-content\/uploads\/2021\/03\/3-10-300x200@2x.jpg 600w\" sizes=\"(max-width: 640px) 100vw, 640px\" \/><\/figure><\/li><li class=\"blocks-gallery-item\"><figure><img width=\"640\" height=\"426\" src=\"https:\/\/dia.edu.az\/wp-content\/uploads\/2021\/03\/4-7.jpg\" alt=\"\" data-id=\"3527\" data-full-url=\"https:\/\/dia.edu.az\/wp-content\/uploads\/2021\/03\/4-7.jpg\" data-link=\"https:\/\/dia.edu.az\/?attachment_id=3527\" class=\"wp-image-3527\" srcset=\"https:\/\/legacy.dia.edu.az\/wp-content\/uploads\/2021\/03\/4-7.jpg 640w, https:\/\/legacy.dia.edu.az\/wp-content\/uploads\/2021\/03\/4-7-300x200.jpg 300w, https:\/\/legacy.dia.edu.az\/wp-content\/uploads\/2021\/03\/4-7-150x100.jpg 150w, https:\/\/legacy.dia.edu.az\/wp-content\/uploads\/2021\/03\/4-7-300x200@2x.jpg 600w\" sizes=\"(max-width: 640px) 100vw, 640px\" \/><\/figure><\/li><\/ul><\/figure>","protected":false},"excerpt":{"rendered":"<p>Qaraba\u011f Ara\u015fd\u0131rmalar M\u0259rk\u0259zind\u0259 Ali m\u0259kt\u0259b t\u0259l\u0259b\u0259l\u0259ri \u00fc\u00e7\u00fcn Qaraba\u011f h\u0259qiq\u0259tl\u0259ri haqq\u0131nda n\u00f6vb\u0259ti q\u0131sam\u00fcdd\u0259tli kurslar ba\u015fa \u00e7atm\u0131\u015fd\u0131r Aprelin 11-d\u0259 Az\u0259rbaycan Respublikas\u0131n\u0131n Prezidenti yan\u0131nda D\u00f6vl\u0259t &nbsp;\u0130dar\u0259\u00e7ilik Akademiyas\u0131 v\u0259 \u201cAz\u0259rbaycan Respublikas\u0131 Da\u011fl\u0131q Qaraba\u011f B\u00f6lg\u0259sinin Az\u0259rbaycanl\u0131 \u0130cmas\u0131\u201d \u0130ctimai Birliyinin birg\u0259 t\u0259sis etdikl\u0259ri Qaraba\u011f Ara\u015fd\u0131rmalar M\u0259rk\u0259zind\u0259 Ali m\u0259kt\u0259b t\u0259l\u0259b\u0259l\u0259ri \u00fc\u00e7\u00fcn \u201cErm\u0259nistan-Az\u0259rbaycan, Da\u011fl\u0131q Qaraba\u011f m\u00fcnaqi\u015f\u0259si: tarixi k\u00f6kl\u0259ri, m\u0259rh\u0259l\u0259l\u0259ri v\u0259 h\u0259lli perspektivl\u0259ri\u201d proqram\u0131 [&hellip;]<\/p>","protected":false},"author":2,"featured_media":3530,"comment_status":"closed","ping_status":"closed","sticky":false,"template":"","format":"standard","meta":[],"categories":[137],"tags":[197,192,189,191,190],"_links":{"self":[{"href":"https:\/\/legacy.dia.edu.az\/en\/wp-json\/wp\/v2\/posts\/3523"}],"collection":[{"href":"https:\/\/legacy.dia.edu.az\/en\/wp-json\/wp\/v2\/posts"}],"about":[{"href":"https:\/\/legacy.dia.edu.az\/en\/wp-json\/wp\/v2\/types\/post"}],"author":[{"embeddable":true,"href":"https:\/\/legacy.dia.edu.az\/en\/wp-json\/wp\/v2\/users\/2"}],"replies":[{"embeddable":true,"href":"https:\/\/legacy.dia.edu.az\/en\/wp-json\/wp\/v2\/comments?post=3523"}],"version-history":[{"count":0,"href":"https:\/\/legacy.dia.edu.az\/en\/wp-json\/wp\/v2\/posts\/3523\/revisions"}],"wp:featuredmedia":[{"embeddable":true,"href":"https:\/\/legacy.dia.edu.az\/en\/wp-json\/wp\/v2\/media\/3530"}],"wp:attachment":[{"href":"https:\/\/legacy.dia.edu.az\/en\/wp-json\/wp\/v2\/media?parent=3523"}],"wp:term":[{"taxonomy":"category","embeddable":true,"href":"https:\/\/legacy.dia.edu.az\/en\/wp-json\/wp\/v2\/categories?post=3523"},{"taxonomy":"post_tag","embeddable":true,"href":"https:\/\/legacy.dia.edu.az\/en\/wp-json\/wp\/v2\/tags?post=3523"}],"curies":[{"name":"wp","href":"https:\/\/api.w.org\/{rel}","templated":true}]}}