{"id":3378,"date":"2013-05-06T14:18:00","date_gmt":"2013-05-06T11:18:00","guid":{"rendered":"https:\/\/dia.edu.az\/?p=3378"},"modified":"2021-03-04T14:23:42","modified_gmt":"2021-03-04T11:23:42","slug":"ulu-ond%c9%99rin-xatir%c9%99sin%c9%99-h%c9%99sr-olunmus-t%c9%99dbir-kecirilmisdir","status":"publish","type":"post","link":"https:\/\/legacy.dia.edu.az\/en\/arxivl\u0259r\/3378","title":{"rendered":"Ulu \u00f6nd\u0259rin xatir\u0259sin\u0259 h\u0259sr olunmu\u015f t\u0259dbir ke\u00e7irilmi\u015fdir"},"content":{"rendered":"<p><strong>Ulu \u00f6nd\u0259rin xatir\u0259sin\u0259 h\u0259sr olunmu\u015f t\u0259dbir ke\u00e7irilmi\u015fdir<\/strong><\/p>\n\n\n\n<p>May\u0131n 6-da Az\u0259rbaycan Respublikas\u0131n\u0131n Prezidenti yan\u0131nda D\u00f6vl\u0259t \u0130dar\u0259\u00e7ilik Akademiyas\u0131nda Ail\u0259, Qad\u0131n v\u0259 U\u015faq Probleml\u0259ri \u00fczr\u0259 D\u00f6vl\u0259t Komit\u0259sinin t\u0259\u015fkilat\u00e7\u0131l\u0131\u011f\u0131 il\u0259 h\u0259r il \u0259n\u0259n\u0259vi olaraq ulu \u00f6nd\u0259rin xatir\u0259sin\u0259 h\u0259sr olunmu\u015f m\u0259qal\u0259 m\u00fcsabiq\u0259sinin yekunlar\u0131na h\u0259sr edilmi\u015f t\u0259dbir v\u0259 \u201cM\u00fcs\u0259qil Az\u0259rbaycan 20 il: D\u00f6vl\u0259t, Ail\u0259, Qad\u0131n v\u0259 U\u015faq siyas\u0259ti\u201d adl\u0131 kitab\u0131n t\u0259qdimat\u0131 ke\u00e7irirmi\u015fdir. M\u00fcsabiq\u0259nin ke\u00e7irilm\u0259sind\u0259 m\u0259qs\u0259d g\u0259nc n\u0259slin milli m\u0259nlik \u015f\u00fcurunu inki\u015faf etdirm\u0259k, milli v\u0259t\u0259np\u0259rv\u0259rlik ruhunu y\u00fcks\u0259ltm\u0259k, g\u0259ncl\u0259rin milli v\u0259t\u0259np\u0259rv\u0259rlik ruhunda&nbsp;&nbsp; t\u0259rbiy\u0259 olunmas\u0131n\u0131 t\u0259bli\u011f etm\u0259kdir.<br>1 mart 2013-c\u00fc il tarixind\u0259n 25 aprel 2013-c\u00fc il tarixin\u0259 q\u0259d\u0259r davam ed\u0259n \u0259n\u0259n\u0259vi m\u00fcsabiq\u0259d\u0259 ali t\u0259hsil m\u00fc\u0259ssis\u0259l\u0259rinin t\u0259l\u0259b\u0259l\u0259ri i\u015ftirak etmi\u015fdir.&nbsp;<br>T\u0259dbird\u0259 \u00e7\u0131x\u0131\u015f ed\u0259n Ail\u0259, Qad\u0131n v\u0259 U\u015faq Probleml\u0259ri \u00fczr\u0259 D\u00f6vl\u0259t Komit\u0259sinin s\u0259dri Hicran H\u00fcseynova, Az\u0259rbaycan Respublikas\u0131n\u0131n Prezidenti yan\u0131nda D\u00f6vl\u0259t \u0130dar\u0259\u00e7ilik Akademiyas\u0131n\u0131n rektoru akademik, Urxan \u018fl\u0259kb\u0259rov, Az\u0259rbaycan A\u011fsaqqallar \u015euras\u0131n\u0131n s\u0259dri, Milli M\u0259clisin deputat\u0131 F\u0259ttah Heyd\u0259rov v\u0259 dig\u0259r natil\u0259r \u00f6z \u00e7\u0131x\u0131\u015flar\u0131nda ulu \u00f6nd\u0259rin milli ideologiyan\u0131n formala\u015fmas\u0131nda rolundan, Az\u0259rbaycan xalq\u0131 qar\u015f\u0131s\u0131nda \u0259v\u0259zsiz xidm\u0259tl\u0259rind\u0259n, elm v\u0259 t\u0259hsil\u0259 g\u00f6st\u0259rdiyi diqq\u0259t v\u0259 qay\u011f\u0131dan dan\u0131\u015f\u0131lm\u0131\u015fd\u0131r. \u018fsas\u0131 ulu \u00f6nd\u0259r Heyd\u0259r \u018fliyev t\u0259r\u0259find\u0259n qoyulmu\u015f v\u0259 Prezident \u0130lham \u018fliyev t\u0259r\u0259find\u0259n u\u011furla davam etdiril\u0259n d\u00f6vl\u0259t siyas\u0259tind\u0259n, g\u0259ncl\u0259rin Az\u0259rbaycan c\u0259miyy\u0259tind\u0259ki rolundan, \u00f6lk\u0259nin ictimai-siyasi, iqtisadi v\u0259 m\u0259d\u0259ni h\u0259yat\u0131nda f\u0259al i\u015ftirak\u0131ndan, idmanda, t\u0259hsild\u0259 v\u0259 dig\u0259r sah\u0259l\u0259rd\u0259 qazand\u0131qlar\u0131 u\u011furlar\u0131 qeyd etmi\u015fl\u0259r.<\/p>\n\n\n\n<p>Sonda m\u00fcsabiq\u0259nin n\u0259tic\u0259l\u0259rin\u0259 \u0259sas\u0259n qalibl\u0259r m\u00fckafatland\u0131r\u0131lm\u0131\u015fd\u0131r.<\/p>\n\n\n\n<figure class=\"wp-container-2 wp-block-gallery-1 wp-block-gallery columns-2 is-cropped\"><ul class=\"blocks-gallery-grid\"><li class=\"blocks-gallery-item\"><figure><img width=\"640\" height=\"426\" src=\"https:\/\/dia.edu.az\/wp-content\/uploads\/2021\/03\/7-1.jpg\" alt=\"\" data-id=\"3379\" data-full-url=\"https:\/\/dia.edu.az\/wp-content\/uploads\/2021\/03\/7-1.jpg\" data-link=\"https:\/\/dia.edu.az\/?attachment_id=3379\" class=\"wp-image-3379\" srcset=\"https:\/\/legacy.dia.edu.az\/wp-content\/uploads\/2021\/03\/7-1.jpg 640w, https:\/\/legacy.dia.edu.az\/wp-content\/uploads\/2021\/03\/7-1-300x200.jpg 300w, https:\/\/legacy.dia.edu.az\/wp-content\/uploads\/2021\/03\/7-1-150x100.jpg 150w, https:\/\/legacy.dia.edu.az\/wp-content\/uploads\/2021\/03\/7-1-300x200@2x.jpg 600w\" sizes=\"(max-width: 640px) 100vw, 640px\" \/><\/figure><\/li><li class=\"blocks-gallery-item\"><figure><img width=\"640\" height=\"426\" src=\"https:\/\/dia.edu.az\/wp-content\/uploads\/2021\/03\/8.jpg\" alt=\"\" data-id=\"3382\" data-full-url=\"https:\/\/dia.edu.az\/wp-content\/uploads\/2021\/03\/8.jpg\" data-link=\"https:\/\/dia.edu.az\/?attachment_id=3382\" class=\"wp-image-3382\" srcset=\"https:\/\/legacy.dia.edu.az\/wp-content\/uploads\/2021\/03\/8.jpg 640w, https:\/\/legacy.dia.edu.az\/wp-content\/uploads\/2021\/03\/8-300x200.jpg 300w, https:\/\/legacy.dia.edu.az\/wp-content\/uploads\/2021\/03\/8-150x100.jpg 150w, https:\/\/legacy.dia.edu.az\/wp-content\/uploads\/2021\/03\/8-300x200@2x.jpg 600w\" sizes=\"(max-width: 640px) 100vw, 640px\" \/><\/figure><\/li><\/ul><\/figure>","protected":false},"excerpt":{"rendered":"<p>Ulu \u00f6nd\u0259rin xatir\u0259sin\u0259 h\u0259sr olunmu\u015f t\u0259dbir ke\u00e7irilmi\u015fdir May\u0131n 6-da Az\u0259rbaycan Respublikas\u0131n\u0131n Prezidenti yan\u0131nda D\u00f6vl\u0259t \u0130dar\u0259\u00e7ilik Akademiyas\u0131nda Ail\u0259, Qad\u0131n v\u0259 U\u015faq Probleml\u0259ri \u00fczr\u0259 D\u00f6vl\u0259t Komit\u0259sinin t\u0259\u015fkilat\u00e7\u0131l\u0131\u011f\u0131 il\u0259 h\u0259r il \u0259n\u0259n\u0259vi olaraq ulu \u00f6nd\u0259rin xatir\u0259sin\u0259 h\u0259sr olunmu\u015f m\u0259qal\u0259 m\u00fcsabiq\u0259sinin yekunlar\u0131na h\u0259sr edilmi\u015f t\u0259dbir v\u0259 \u201cM\u00fcs\u0259qil Az\u0259rbaycan 20 il: D\u00f6vl\u0259t, Ail\u0259, Qad\u0131n v\u0259 U\u015faq siyas\u0259ti\u201d adl\u0131 kitab\u0131n t\u0259qdimat\u0131 [&hellip;]<\/p>","protected":false},"author":2,"featured_media":3385,"comment_status":"closed","ping_status":"closed","sticky":false,"template":"","format":"standard","meta":[],"categories":[137],"tags":[197,192,189,191,190],"_links":{"self":[{"href":"https:\/\/legacy.dia.edu.az\/en\/wp-json\/wp\/v2\/posts\/3378"}],"collection":[{"href":"https:\/\/legacy.dia.edu.az\/en\/wp-json\/wp\/v2\/posts"}],"about":[{"href":"https:\/\/legacy.dia.edu.az\/en\/wp-json\/wp\/v2\/types\/post"}],"author":[{"embeddable":true,"href":"https:\/\/legacy.dia.edu.az\/en\/wp-json\/wp\/v2\/users\/2"}],"replies":[{"embeddable":true,"href":"https:\/\/legacy.dia.edu.az\/en\/wp-json\/wp\/v2\/comments?post=3378"}],"version-history":[{"count":0,"href":"https:\/\/legacy.dia.edu.az\/en\/wp-json\/wp\/v2\/posts\/3378\/revisions"}],"wp:featuredmedia":[{"embeddable":true,"href":"https:\/\/legacy.dia.edu.az\/en\/wp-json\/wp\/v2\/media\/3385"}],"wp:attachment":[{"href":"https:\/\/legacy.dia.edu.az\/en\/wp-json\/wp\/v2\/media?parent=3378"}],"wp:term":[{"taxonomy":"category","embeddable":true,"href":"https:\/\/legacy.dia.edu.az\/en\/wp-json\/wp\/v2\/categories?post=3378"},{"taxonomy":"post_tag","embeddable":true,"href":"https:\/\/legacy.dia.edu.az\/en\/wp-json\/wp\/v2\/tags?post=3378"}],"curies":[{"name":"wp","href":"https:\/\/api.w.org\/{rel}","templated":true}]}}