{"id":3353,"date":"2013-05-02T14:03:00","date_gmt":"2013-05-02T11:03:00","guid":{"rendered":"https:\/\/dia.edu.az\/?p=3353"},"modified":"2021-03-04T14:07:07","modified_gmt":"2021-03-04T11:07:07","slug":"heyd%c9%99r-%c9%99liyev-must%c9%99qil-az%c9%99rbaycan-respublikasinin-banisidir-movzusunda-doktorant-v%c9%99-dissertantlarin-elmi-konfransi-kecirilmisdir","status":"publish","type":"post","link":"https:\/\/legacy.dia.edu.az\/en\/arxivl\u0259r\/3353","title":{"rendered":"\u201cHeyd\u0259r \u018fliyev M\u00fcst\u0259qil Az\u0259rbaycan Respublikas\u0131n\u0131n banisidir\u201d m\u00f6vzusunda doktorant v\u0259 dissertantlar\u0131n elmi konfrans\u0131 ke\u00e7irilmi\u015fdir"},"content":{"rendered":"<p><strong>\u201cHeyd\u0259r \u018fliyev M\u00fcst\u0259qil Az\u0259rbaycan Respublikas\u0131n\u0131n banisidir\u201d m\u00f6vzusunda doktorant v\u0259 dissertantlar\u0131n elmi konfrans\u0131 ke\u00e7irilmi\u015fdir<\/strong><\/p>\n\n\n\n<p>Az\u0259rbaycan Respublikas\u0131n\u0131n Prezidenti yan\u0131nda D\u00f6vl\u0259t \u0130dar\u0259\u00e7ilik Akademiyas\u0131nda \u00fcmumilli lider Heyd\u0259r \u018fliyevin anadan olmas\u0131n\u0131n 90 illik yubileyin\u0259 h\u0259sr olunmu\u015f \u201cHeyd\u0259r \u018fliyev M\u00fcst\u0259qil Az\u0259rbaycan Respublikas\u0131n\u0131n banisidir\u201d m\u00f6vzusunda doktorant v\u0259 dissertantlar\u0131n elmi konfrans\u0131 ke\u00e7irilmi\u015fdir.Konfrans\u0131 Akademiyan\u0131n rektoru, akademik Urxan \u018fl\u0259kb\u0259rov a\u00e7araq \u00a0\u00a0Az\u0259rbaycan\u0131n davaml\u0131 inki\u015fafa nail olmas\u0131 xalq\u0131m\u0131z\u0131n \u00fcmummilli lideri, m\u00fcst\u0259qil Az\u0259rbaycan d\u00f6vl\u0259tinin memar\u0131 Heyd\u0259r \u018fliyevin ad\u0131 il\u0259 ba\u011fl\u0131 oldu\u011funu bildirmi\u015f,onun m\u00fcdrik siyasi kursu haqq\u0131nda geni\u015f m\u0259lumatlar\u00a0 vermi\u015fdir. Elmi-konfransda doktorant v\u0259 dissertantlar\u0131n m\u0259ruz\u0259l\u0259ri dinl\u0259nilmi\u015fdir.<\/p>\n\n\n\n<figure class=\"wp-container-2 wp-block-gallery-1 wp-block-gallery columns-2 is-cropped\"><ul class=\"blocks-gallery-grid\"><li class=\"blocks-gallery-item\"><figure><img width=\"640\" height=\"426\" src=\"https:\/\/dia.edu.az\/wp-content\/uploads\/2021\/03\/1-10.jpg\" alt=\"\" data-id=\"3357\" data-full-url=\"https:\/\/dia.edu.az\/wp-content\/uploads\/2021\/03\/1-10.jpg\" data-link=\"https:\/\/dia.edu.az\/?attachment_id=3357\" class=\"wp-image-3357\" srcset=\"https:\/\/legacy.dia.edu.az\/wp-content\/uploads\/2021\/03\/1-10.jpg 640w, https:\/\/legacy.dia.edu.az\/wp-content\/uploads\/2021\/03\/1-10-300x200.jpg 300w, https:\/\/legacy.dia.edu.az\/wp-content\/uploads\/2021\/03\/1-10-150x100.jpg 150w, https:\/\/legacy.dia.edu.az\/wp-content\/uploads\/2021\/03\/1-10-300x200@2x.jpg 600w\" sizes=\"(max-width: 640px) 100vw, 640px\" \/><\/figure><\/li><li class=\"blocks-gallery-item\"><figure><img width=\"640\" height=\"426\" src=\"https:\/\/dia.edu.az\/wp-content\/uploads\/2021\/03\/2-7.jpg\" alt=\"\" data-id=\"3360\" data-full-url=\"https:\/\/dia.edu.az\/wp-content\/uploads\/2021\/03\/2-7.jpg\" data-link=\"https:\/\/dia.edu.az\/?attachment_id=3360\" class=\"wp-image-3360\" srcset=\"https:\/\/legacy.dia.edu.az\/wp-content\/uploads\/2021\/03\/2-7.jpg 640w, https:\/\/legacy.dia.edu.az\/wp-content\/uploads\/2021\/03\/2-7-300x200.jpg 300w, https:\/\/legacy.dia.edu.az\/wp-content\/uploads\/2021\/03\/2-7-150x100.jpg 150w, https:\/\/legacy.dia.edu.az\/wp-content\/uploads\/2021\/03\/2-7-300x200@2x.jpg 600w\" sizes=\"(max-width: 640px) 100vw, 640px\" \/><\/figure><\/li><\/ul><\/figure>","protected":false},"excerpt":{"rendered":"<p>\u201cHeyd\u0259r \u018fliyev M\u00fcst\u0259qil Az\u0259rbaycan Respublikas\u0131n\u0131n banisidir\u201d m\u00f6vzusunda doktorant v\u0259 dissertantlar\u0131n elmi konfrans\u0131 ke\u00e7irilmi\u015fdir Az\u0259rbaycan Respublikas\u0131n\u0131n Prezidenti yan\u0131nda D\u00f6vl\u0259t \u0130dar\u0259\u00e7ilik Akademiyas\u0131nda \u00fcmumilli lider Heyd\u0259r \u018fliyevin anadan olmas\u0131n\u0131n 90 illik yubileyin\u0259 h\u0259sr olunmu\u015f \u201cHeyd\u0259r \u018fliyev M\u00fcst\u0259qil Az\u0259rbaycan Respublikas\u0131n\u0131n banisidir\u201d m\u00f6vzusunda doktorant v\u0259 dissertantlar\u0131n elmi konfrans\u0131 ke\u00e7irilmi\u015fdir.Konfrans\u0131 Akademiyan\u0131n rektoru, akademik Urxan \u018fl\u0259kb\u0259rov a\u00e7araq \u00a0\u00a0Az\u0259rbaycan\u0131n davaml\u0131 inki\u015fafa nail olmas\u0131 [&hellip;]<\/p>","protected":false},"author":2,"featured_media":3354,"comment_status":"closed","ping_status":"closed","sticky":false,"template":"","format":"standard","meta":[],"categories":[137],"tags":[197,192,189,191,190],"_links":{"self":[{"href":"https:\/\/legacy.dia.edu.az\/en\/wp-json\/wp\/v2\/posts\/3353"}],"collection":[{"href":"https:\/\/legacy.dia.edu.az\/en\/wp-json\/wp\/v2\/posts"}],"about":[{"href":"https:\/\/legacy.dia.edu.az\/en\/wp-json\/wp\/v2\/types\/post"}],"author":[{"embeddable":true,"href":"https:\/\/legacy.dia.edu.az\/en\/wp-json\/wp\/v2\/users\/2"}],"replies":[{"embeddable":true,"href":"https:\/\/legacy.dia.edu.az\/en\/wp-json\/wp\/v2\/comments?post=3353"}],"version-history":[{"count":0,"href":"https:\/\/legacy.dia.edu.az\/en\/wp-json\/wp\/v2\/posts\/3353\/revisions"}],"wp:featuredmedia":[{"embeddable":true,"href":"https:\/\/legacy.dia.edu.az\/en\/wp-json\/wp\/v2\/media\/3354"}],"wp:attachment":[{"href":"https:\/\/legacy.dia.edu.az\/en\/wp-json\/wp\/v2\/media?parent=3353"}],"wp:term":[{"taxonomy":"category","embeddable":true,"href":"https:\/\/legacy.dia.edu.az\/en\/wp-json\/wp\/v2\/categories?post=3353"},{"taxonomy":"post_tag","embeddable":true,"href":"https:\/\/legacy.dia.edu.az\/en\/wp-json\/wp\/v2\/tags?post=3353"}],"curies":[{"name":"wp","href":"https:\/\/api.w.org\/{rel}","templated":true}]}}