{"id":3347,"date":"2013-04-26T13:58:00","date_gmt":"2013-04-26T10:58:00","guid":{"rendered":"https:\/\/dia.edu.az\/?p=3347"},"modified":"2021-03-04T14:01:36","modified_gmt":"2021-03-04T11:01:36","slug":"dovl%c9%99t-idar%c9%99cilik-akademiyasinin-rektoru-akademik-urxan-%c9%99l%c9%99kb%c9%99rov-sohr%c9%99t-ordeni-il%c9%99-t%c9%99ltif-edilmisdir","status":"publish","type":"post","link":"https:\/\/legacy.dia.edu.az\/en\/arxivl\u0259r\/3347","title":{"rendered":"D\u00f6vl\u0259t \u0130dar\u0259\u00e7ilik Akademiyas\u0131n\u0131n rektoru, akademik Urxan \u018fl\u0259kb\u0259rov \u201c\u015e\u00f6hr\u0259t\u201d ordeni il\u0259 t\u0259ltif edilmi\u015fdir"},"content":{"rendered":"<p><br><strong>D\u00f6vl\u0259t \u0130dar\u0259\u00e7ilik Akademiyas\u0131n\u0131n rektoru, akademik Urxan \u018fl\u0259kb\u0259rov \u201c\u015e\u00f6hr\u0259t\u201d ordeni il\u0259 t\u0259ltif edilmi\u015fdir<\/strong><\/p>\n\n\n\n<p>Az\u0259rbaycan Respublikas\u0131n\u0131n Prezidenti c\u0259nab \u0130lham \u018fliyevin S\u0259r\u0259ncam\u0131 il\u0259 Az\u0259rbaycan Respublikas\u0131n\u0131n Prezidenti yan\u0131nda D\u00f6vl\u0259t \u0130dar\u0259\u00e7ilik Akademiyas\u0131n\u0131n rektoru, akademik Urxan \u018fl\u0259kb\u0259rov \u201c\u015e\u00f6hr\u0259t\u201d ordeni il\u0259 t\u0259ltif edilmi\u015fdir.<\/p>\n\n\n\n<p>Kollektiv ad\u0131ndan s\u0259mimi q\u0259lbd\u0259n t\u0259brik edir, uzun \u00f6m\u00fcr, can sa\u011fl\u0131\u011f\u0131, Az\u0259rbaycan elminin inki\u015faf\u0131 yolunda daha b\u00f6y\u00fck nailiyy\u0259tl\u0259r arzulay\u0131r\u0131q.  <\/p>\n\n\n\n<p>                                                                                                          <em><strong>D\u0130A kollektivi<\/strong><\/em><\/p>","protected":false},"excerpt":{"rendered":"<p>D\u00f6vl\u0259t \u0130dar\u0259\u00e7ilik Akademiyas\u0131n\u0131n rektoru, akademik Urxan \u018fl\u0259kb\u0259rov \u201c\u015e\u00f6hr\u0259t\u201d ordeni il\u0259 t\u0259ltif edilmi\u015fdir Az\u0259rbaycan Respublikas\u0131n\u0131n Prezidenti c\u0259nab \u0130lham \u018fliyevin S\u0259r\u0259ncam\u0131 il\u0259 Az\u0259rbaycan Respublikas\u0131n\u0131n Prezidenti yan\u0131nda D\u00f6vl\u0259t \u0130dar\u0259\u00e7ilik Akademiyas\u0131n\u0131n rektoru, akademik Urxan \u018fl\u0259kb\u0259rov \u201c\u015e\u00f6hr\u0259t\u201d ordeni il\u0259 t\u0259ltif edilmi\u015fdir. Kollektiv ad\u0131ndan s\u0259mimi q\u0259lbd\u0259n t\u0259brik edir, uzun \u00f6m\u00fcr, can sa\u011fl\u0131\u011f\u0131, Az\u0259rbaycan elminin inki\u015faf\u0131 yolunda daha b\u00f6y\u00fck nailiyy\u0259tl\u0259r arzulay\u0131r\u0131q. D\u0130A [&hellip;]<\/p>","protected":false},"author":2,"featured_media":3348,"comment_status":"closed","ping_status":"closed","sticky":false,"template":"","format":"standard","meta":[],"categories":[137],"tags":[197,192,189,191,190],"_links":{"self":[{"href":"https:\/\/legacy.dia.edu.az\/en\/wp-json\/wp\/v2\/posts\/3347"}],"collection":[{"href":"https:\/\/legacy.dia.edu.az\/en\/wp-json\/wp\/v2\/posts"}],"about":[{"href":"https:\/\/legacy.dia.edu.az\/en\/wp-json\/wp\/v2\/types\/post"}],"author":[{"embeddable":true,"href":"https:\/\/legacy.dia.edu.az\/en\/wp-json\/wp\/v2\/users\/2"}],"replies":[{"embeddable":true,"href":"https:\/\/legacy.dia.edu.az\/en\/wp-json\/wp\/v2\/comments?post=3347"}],"version-history":[{"count":0,"href":"https:\/\/legacy.dia.edu.az\/en\/wp-json\/wp\/v2\/posts\/3347\/revisions"}],"wp:featuredmedia":[{"embeddable":true,"href":"https:\/\/legacy.dia.edu.az\/en\/wp-json\/wp\/v2\/media\/3348"}],"wp:attachment":[{"href":"https:\/\/legacy.dia.edu.az\/en\/wp-json\/wp\/v2\/media?parent=3347"}],"wp:term":[{"taxonomy":"category","embeddable":true,"href":"https:\/\/legacy.dia.edu.az\/en\/wp-json\/wp\/v2\/categories?post=3347"},{"taxonomy":"post_tag","embeddable":true,"href":"https:\/\/legacy.dia.edu.az\/en\/wp-json\/wp\/v2\/tags?post=3347"}],"curies":[{"name":"wp","href":"https:\/\/api.w.org\/{rel}","templated":true}]}}