{"id":3318,"date":"2013-04-10T13:22:00","date_gmt":"2013-04-10T10:22:00","guid":{"rendered":"https:\/\/dia.edu.az\/?p=3318"},"modified":"2021-03-04T13:27:34","modified_gmt":"2021-03-04T10:27:34","slug":"akademiya-il%c9%99-az%c9%99rbaycan-respublikasinin-qiym%c9%99tli-kagizlar-uzr%c9%99-dovl%c9%99t-komit%c9%99si-%c9%99m%c9%99kdasliq-memorandumu-imzalanmisdir","status":"publish","type":"post","link":"https:\/\/legacy.dia.edu.az\/en\/arxivl\u0259r\/3318","title":{"rendered":"Akademiya il\u0259 Az\u0259rbaycan Respublikas\u0131n\u0131n Qiym\u0259tli Ka\u011f\u0131zlar \u00fczr\u0259 D\u00f6vl\u0259t Komit\u0259si \u018fm\u0259kda\u015fl\u0131q Memorandumu imzalanm\u0131\u015fd\u0131r"},"content":{"rendered":"<p><strong>Akademiya il\u0259 Az\u0259rbaycan Respublikas\u0131n\u0131n Qiym\u0259tli Ka\u011f\u0131zlar \u00fczr\u0259 D\u00f6vl\u0259t Komit\u0259si \u018fm\u0259kda\u015fl\u0131q Memorandumu imzalanm\u0131\u015fd\u0131r<\/strong><\/p>\n\n\n\n<p>Aprel ay\u0131n\u0131n 10-da Az\u0259rbaycan Respublikas\u0131n\u0131n Prezidenti yan\u0131nda D\u00f6vl\u0259t \u0130dar\u0259\u00e7ilik Akademiyas\u0131 il\u0259 Az\u0259rbaycan Respublikas\u0131n\u0131n Qiym\u0259tli Ka\u011f\u0131zlar \u00fczr\u0259 D\u00f6vl\u0259t Komit\u0259si aras\u0131nda \u018fm\u0259kda\u015fl\u0131q\u00a0Memorandumu imzalanm\u0131\u015fd\u0131r.<br>T\u0259dbiri\u00a0giri\u015f s\u00f6z\u00fc il\u0259 a\u00e7an akademiyan\u0131n rektoru,\u00a0akademik Urxan \u018fl\u0259kb\u0259rov\u00a0Az\u0259rbaycan Respublikas\u0131n\u0131n Prezidenti c\u0259nab \u0130lham \u018fliyevin elm v\u0259 t\u0259hsilin inki\u015faf\u0131na, sosial innovasiyalar\u0131n geni\u015f t\u0259tbiqin\u0259, sosial xidm\u0259t sferas\u0131nda f\u0259aliyy\u0259t g\u00f6st\u0259r\u0259n d\u00f6vl\u0259t qurumlar\u0131n f\u0259aliyy\u0259tinin \u015f\u0259ffaf v\u0259 s\u0259m\u0259r\u0259li olmas\u0131na x\u00fcsusi \u00f6n\u0259m verdiyini vur\u011fulam\u0131\u015fd\u0131r. Rektor respublikada apar\u0131lan u\u011furlu xarici v\u0259 daxili siyas\u0259t, h\u0259yata ke\u00e7iril\u0259n islahatlar v\u0259 irimiqyasl\u0131 layih\u0259l\u0259r say\u0259sind\u0259 ictimai h\u0259yat\u0131n b\u00fct\u00fcn sah\u0259l\u0259rind\u0259 dinamik inki\u015fafa nail olundu\u011funu qeyd etmi\u015fdir.\u00a0<br>Daha sonra \u00e7\u0131x\u0131\u015f ed\u0259n Az\u0259rbaycan Respublikas\u0131n\u0131n Qiym\u0259tli Ka\u011f\u0131zlar \u00fczr\u0259 D\u00f6vl\u0259t Komit\u0259si s\u0259dri R\u00fcf\u0259t Aslanl\u0131 Komit\u0259nin Respublikada bu sah\u0259nin h\u0259yata ke\u00e7iril\u0259n sosial-iqtisadi siyas\u0259tin \u00f6nc\u00fcl istiqam\u0259tl\u0259rind\u0259n olaraq daim d\u00f6vl\u0259tin diqq\u0259t m\u0259rk\u0259zind\u0259 saxlan\u0131ld\u0131\u011f\u0131n\u0131 qeyd etmi\u015f, bu istiqam\u0259td\u0259 u\u011furlu institusional islahatlar\u0131n t\u0259min edilm\u0259si istiqam\u0259tind\u0259 g\u00f6r\u00fcl\u0259n i\u015fl\u0259rd\u0259n dan\u0131\u015fm\u0131\u015fd\u0131r.\u00a0<br>Sonra \u018fm\u0259kda\u015fl\u0131q Memorandumu imzalanm\u0131\u015fd\u0131r. \u018fm\u0259kda\u015fl\u0131q Memorandumu t\u0259r\u0259fl\u0259r aras\u0131nda birg\u0259 layih\u0259l\u0259rin, konfranslar\u0131n, ixtisasart\u0131rma kurslar\u0131n\u0131n v\u0259 m\u00fczakir\u0259l\u0259rin ke\u00e7irilm\u0259si, m\u00fcxt\u0259lif elmi-t\u0259dqiqatlar\u0131n apar\u0131lmas\u0131, analitik materiallar\u0131n haz\u0131rlanmas\u0131 v\u0259 t\u0259cr\u00fcbi-praktikan\u0131 \u0259hat\u0259 edir.<\/p>\n\n\n\n<figure class=\"wp-container-2 wp-block-gallery-1 wp-block-gallery columns-2 is-cropped\"><ul class=\"blocks-gallery-grid\"><li class=\"blocks-gallery-item\"><figure><img width=\"640\" height=\"426\" src=\"https:\/\/dia.edu.az\/wp-content\/uploads\/2021\/03\/1-8.jpg\" alt=\"\" data-id=\"3322\" data-full-url=\"https:\/\/dia.edu.az\/wp-content\/uploads\/2021\/03\/1-8.jpg\" data-link=\"https:\/\/dia.edu.az\/?attachment_id=3322\" class=\"wp-image-3322\" srcset=\"https:\/\/legacy.dia.edu.az\/wp-content\/uploads\/2021\/03\/1-8.jpg 640w, https:\/\/legacy.dia.edu.az\/wp-content\/uploads\/2021\/03\/1-8-300x200.jpg 300w, https:\/\/legacy.dia.edu.az\/wp-content\/uploads\/2021\/03\/1-8-150x100.jpg 150w, https:\/\/legacy.dia.edu.az\/wp-content\/uploads\/2021\/03\/1-8-300x200@2x.jpg 600w\" sizes=\"(max-width: 640px) 100vw, 640px\" \/><\/figure><\/li><li class=\"blocks-gallery-item\"><figure><img width=\"640\" height=\"426\" src=\"https:\/\/dia.edu.az\/wp-content\/uploads\/2021\/03\/2-6.jpg\" alt=\"\" data-id=\"3325\" data-full-url=\"https:\/\/dia.edu.az\/wp-content\/uploads\/2021\/03\/2-6.jpg\" data-link=\"https:\/\/dia.edu.az\/?attachment_id=3325\" class=\"wp-image-3325\" srcset=\"https:\/\/legacy.dia.edu.az\/wp-content\/uploads\/2021\/03\/2-6.jpg 640w, https:\/\/legacy.dia.edu.az\/wp-content\/uploads\/2021\/03\/2-6-300x200.jpg 300w, https:\/\/legacy.dia.edu.az\/wp-content\/uploads\/2021\/03\/2-6-150x100.jpg 150w, https:\/\/legacy.dia.edu.az\/wp-content\/uploads\/2021\/03\/2-6-300x200@2x.jpg 600w\" sizes=\"(max-width: 640px) 100vw, 640px\" \/><\/figure><\/li><\/ul><\/figure>","protected":false},"excerpt":{"rendered":"<p>Akademiya il\u0259 Az\u0259rbaycan Respublikas\u0131n\u0131n Qiym\u0259tli Ka\u011f\u0131zlar \u00fczr\u0259 D\u00f6vl\u0259t Komit\u0259si \u018fm\u0259kda\u015fl\u0131q Memorandumu imzalanm\u0131\u015fd\u0131r Aprel ay\u0131n\u0131n 10-da Az\u0259rbaycan Respublikas\u0131n\u0131n Prezidenti yan\u0131nda D\u00f6vl\u0259t \u0130dar\u0259\u00e7ilik Akademiyas\u0131 il\u0259 Az\u0259rbaycan Respublikas\u0131n\u0131n Qiym\u0259tli Ka\u011f\u0131zlar \u00fczr\u0259 D\u00f6vl\u0259t Komit\u0259si aras\u0131nda \u018fm\u0259kda\u015fl\u0131q\u00a0Memorandumu imzalanm\u0131\u015fd\u0131r.T\u0259dbiri\u00a0giri\u015f s\u00f6z\u00fc il\u0259 a\u00e7an akademiyan\u0131n rektoru,\u00a0akademik Urxan \u018fl\u0259kb\u0259rov\u00a0Az\u0259rbaycan Respublikas\u0131n\u0131n Prezidenti c\u0259nab \u0130lham \u018fliyevin elm v\u0259 t\u0259hsilin inki\u015faf\u0131na, sosial innovasiyalar\u0131n geni\u015f t\u0259tbiqin\u0259, sosial xidm\u0259t [&hellip;]<\/p>","protected":false},"author":2,"featured_media":3319,"comment_status":"closed","ping_status":"closed","sticky":false,"template":"","format":"standard","meta":[],"categories":[137],"tags":[197,192,189,191,190],"_links":{"self":[{"href":"https:\/\/legacy.dia.edu.az\/en\/wp-json\/wp\/v2\/posts\/3318"}],"collection":[{"href":"https:\/\/legacy.dia.edu.az\/en\/wp-json\/wp\/v2\/posts"}],"about":[{"href":"https:\/\/legacy.dia.edu.az\/en\/wp-json\/wp\/v2\/types\/post"}],"author":[{"embeddable":true,"href":"https:\/\/legacy.dia.edu.az\/en\/wp-json\/wp\/v2\/users\/2"}],"replies":[{"embeddable":true,"href":"https:\/\/legacy.dia.edu.az\/en\/wp-json\/wp\/v2\/comments?post=3318"}],"version-history":[{"count":0,"href":"https:\/\/legacy.dia.edu.az\/en\/wp-json\/wp\/v2\/posts\/3318\/revisions"}],"wp:featuredmedia":[{"embeddable":true,"href":"https:\/\/legacy.dia.edu.az\/en\/wp-json\/wp\/v2\/media\/3319"}],"wp:attachment":[{"href":"https:\/\/legacy.dia.edu.az\/en\/wp-json\/wp\/v2\/media?parent=3318"}],"wp:term":[{"taxonomy":"category","embeddable":true,"href":"https:\/\/legacy.dia.edu.az\/en\/wp-json\/wp\/v2\/categories?post=3318"},{"taxonomy":"post_tag","embeddable":true,"href":"https:\/\/legacy.dia.edu.az\/en\/wp-json\/wp\/v2\/tags?post=3318"}],"curies":[{"name":"wp","href":"https:\/\/api.w.org\/{rel}","templated":true}]}}