{"id":3265,"date":"2012-11-08T13:14:00","date_gmt":"2012-11-08T10:14:00","guid":{"rendered":"https:\/\/dia.edu.az\/?p=3265"},"modified":"2021-03-03T13:16:53","modified_gmt":"2021-03-03T10:16:53","slug":"akademiyada-dovl%c9%99t-bayragi-gunu-qeyd-edilmisdir","status":"publish","type":"post","link":"https:\/\/legacy.dia.edu.az\/en\/arxivl\u0259r\/3265","title":{"rendered":"AKADEM\u0130YADA D\u00d6VL\u018fT BAYRA\u011eI G\u00dcN\u00dc QEYD ED\u0130LM\u0130\u015eD\u0130R"},"content":{"rendered":"<p><strong>AKADEM\u0130YADA D\u00d6VL\u018fT BAYRA\u011eI G\u00dcN\u00dc QEYD ED\u0130LM\u0130\u015eD\u0130R<\/strong><\/p>\n\n\n\n<p>8 noyabr 2012-ci ild\u0259 D\u00f6vl\u0259t \u0130dar\u0259\u00e7ilik Akademiyas\u0131nda&nbsp;<strong>D\u00f6vl\u0259t Bayra\u011f\u0131 g\u00fcn\u00fcn\u0259<\/strong>&nbsp;h\u0259sr edilmi\u015f t\u0259nt\u0259n\u0259li t\u0259dbir ke\u00e7irilmi\u015fdir. Bayraq h\u0259r bir d\u00f6vl\u0259tin m\u00fcst\u0259qilliyini, mill\u0259tin kimliyini v\u0259 m\u0259nsubiyy\u0259tini, hans\u0131 amallar u\u011frunda m\u00fcbariz\u0259 apard\u0131\u011f\u0131n\u0131 ifad\u0259 ed\u0259n x\u00fcsusi bir q\u00fcrur m\u0259nb\u0259yi oldu\u011funu qiym\u0259tl\u0259ndir\u0259n D\u00f6vl\u0259t \u0130dar\u0259\u00e7ilik Akademiyas\u0131n\u0131n kollektivi ilk d\u0259rs saat\u0131n\u0131 h\u0259r bir auditoriyaya Az\u0259rbaycan bayra\u011f\u0131n\u0131n t\u0259qdim etm\u0259k v\u0259 t\u0259l\u0259b\u0259l\u0259r\u0259 bayra\u011f\u0131m\u0131z haqq\u0131nda x\u00fcsusi haz\u0131rlanm\u0131\u015f bra\u015furan\u0131n paylanmas\u0131 il\u0259 ba\u015flad\u0131. Akademiyan\u0131n h\u0259r gu\u015f\u0259sind\u0259 Az\u0259rbaycan bayraqlar\u0131 dal\u011falan\u0131r, h\u0259r bir m\u00fc\u0259llim, t\u0259l\u0259b\u0259 sin\u0259sind\u0259 m\u00fcq\u0259dd\u0259s \u00fc\u00e7 r\u0259ngli, ayl\u0131, ulduzlu bayra\u011f\u0131m\u0131z\u0131 q\u00fcrurla g\u0259zdirir, d\u0259hlizl\u0259rd\u0259n is\u0259 bayra\u011f\u0131m\u0131za h\u0259sr olunmu\u015f musiqi s\u0259dalar\u0131 e\u015fidilirdi.&nbsp;<br>Akademiyan\u0131n rektoru,&nbsp;<strong>akademik Urxan \u018fl\u0259kb\u0259rov<\/strong>&nbsp;t\u0259dbir i\u015ftirak\u00e7\u0131lar\u0131n\u0131 bu g\u00fcn m\u00fcnasib\u0259ti il\u0259 t\u0259brik etdi, t\u0259m\u0259li \u00fcmummilli lider Heyd\u0259r \u018fliyev t\u0259r\u0259find\u0259n qoyulmu\u015f bu t\u0259hsil oca\u011f\u0131nda d\u00f6vl\u0259t idar\u0259\u00e7iliyi sah\u0259sind\u0259 ixtisasla\u015fan kadrlar\u0131n perspektiv imkanlar\u0131n\u0131 t\u0259hlil etdi, m\u00f6ht\u0259r\u0259m Prezident \u0130lham \u018fliyevin d\u00f6vl\u0259t\u00e7iliyimizin m\u00f6hk\u0259ml\u0259nm\u0259sind\u0259ki u\u011furlu xidm\u0259tl\u0259rind\u0259n, d\u00f6vl\u0259t atributlar\u0131m\u0131za olan x\u00fcsusi diqq\u0259t v\u0259 qay\u011f\u0131s\u0131ndan dan\u0131\u015fd\u0131. Natiq, Az\u0259rbaycan bayra\u011f\u0131n\u0131n 1918-ci il noyabr\u0131n 9-da Az\u0259rbaycan Xalq C\u00fcmhuriyy\u0259ti h\u00f6kum\u0259tinin q\u0259rar\u0131 il\u0259 t\u0259sdiq edilm\u0259sini v\u0259 m\u0259hz 1990-c\u0131 il noyabr\u0131n 17-d\u0259 ilk d\u0259f\u0259 olaraq Az\u0259rbaycan Xalq C\u00fcmhuriyy\u0259ti bayra\u011f\u0131 Az\u0259rbaycanda d\u00f6vl\u0259t bayra\u011f\u0131 kimi qald\u0131r\u0131lmas\u0131 ulu \u00f6nd\u0259r Heyd\u0259r \u018fliyevin r\u0259hb\u0259rliyi alt\u0131nda Nax\u00e7\u0131van Ali Sovetinin sessiyas\u0131nda d\u00f6vl\u0259t bayra\u011f\u0131 kimi t\u0259sdiq edilm\u0259sini v\u0259 n\u0259hay\u0259t Az\u0259rbaycan prezidenti \u0130lham \u018fliyevin s\u0259r\u0259ncam<br>\u0131 il\u0259 m\u0259hz noyabr\u0131n 9-u Az\u0259rbaycanda bundan sonra h\u0259r il Az\u0259rbaycan D\u00f6vl\u0259t Bayra\u011f\u0131 G\u00fcn\u00fc kimi qeyd olunmas\u0131n\u0131 \u00e7ox m\u0259ntiqli v\u0259 ideoloji bax\u0131mdan \u0259h\u0259miyy\u0259tli oldu\u011funu qeyd etdi.&nbsp;&nbsp;<br>Sonra akademiyan\u0131n \u201cTarix\u201d kafedras\u0131n\u0131n m\u00fcdiri dosent<strong>Firdovsiyy\u0259 \u018fhm\u0259dova,<\/strong>&nbsp;D\u0130A V\u0259t\u0259np\u0259rv\u0259rl\u0259r klubunun r\u0259hb\u0259ri<strong>\u00dclv\u00fc S\u0259rkarl\u0131<\/strong>&nbsp;\u00e7\u0131x\u0131\u015f ed\u0259r\u0259k Az\u0259rbaycan bayra\u011f\u0131n\u0131n, bayraq meydan\u0131n\u0131n Az\u0259rbaycan\u0131n g\u00fcc\u00fcn\u00fc, Az\u0259rbaycan xalq\u0131n\u0131n \u00f6z d\u00f6vl\u0259tin\u0259 sevgisini, d\u00f6vl\u0259t r\u0259mzl\u0259rimiz\u0259 ehtiram\u0131n\u0131n bir q\u00fcrur simvolu oldu\u011funu qeyd etdi.&nbsp;<br>T\u0259dbird\u0259 \u00e7\u0131x\u0131\u015f ed\u0259n dig\u0259r natiql\u0259r g\u0259ncl\u0259rimiz\u0259 m\u00fcraci\u0259t ed\u0259r\u0259k mill\u0259t v\u0259 d\u00f6vl\u0259t kimi varl\u0131\u011f\u0131m\u0131z\u0131n s\u00fcbutu, atalar\u0131m\u0131z\u0131n \u0259man\u0259ti olan, u\u011frunda minl\u0259rl\u0259 V\u0259t\u0259n \u00f6vlad\u0131n\u0131n can\u0131ndan ke\u00e7diyi bayra\u011f\u0131m\u0131z\u0131 uca tutma\u011f\u0131 t\u00f6vsiy\u0259 ed\u0259r\u0259k, Az\u0259rbaycan bayra\u011f\u0131n\u0131n tezlikl\u0259 Qaraba\u011fda dal\u011falanaca\u011f\u0131na inand\u0131qlar\u0131n\u0131 \u0259minlikl\u0259 bildirdil\u0259r.<\/p>","protected":false},"excerpt":{"rendered":"<p>AKADEM\u0130YADA D\u00d6VL\u018fT BAYRA\u011eI G\u00dcN\u00dc QEYD ED\u0130LM\u0130\u015eD\u0130R 8 noyabr 2012-ci ild\u0259 D\u00f6vl\u0259t \u0130dar\u0259\u00e7ilik Akademiyas\u0131nda&nbsp;D\u00f6vl\u0259t Bayra\u011f\u0131 g\u00fcn\u00fcn\u0259&nbsp;h\u0259sr edilmi\u015f t\u0259nt\u0259n\u0259li t\u0259dbir ke\u00e7irilmi\u015fdir. Bayraq h\u0259r bir d\u00f6vl\u0259tin m\u00fcst\u0259qilliyini, mill\u0259tin kimliyini v\u0259 m\u0259nsubiyy\u0259tini, hans\u0131 amallar u\u011frunda m\u00fcbariz\u0259 apard\u0131\u011f\u0131n\u0131 ifad\u0259 ed\u0259n x\u00fcsusi bir q\u00fcrur m\u0259nb\u0259yi oldu\u011funu qiym\u0259tl\u0259ndir\u0259n D\u00f6vl\u0259t \u0130dar\u0259\u00e7ilik Akademiyas\u0131n\u0131n kollektivi ilk d\u0259rs saat\u0131n\u0131 h\u0259r bir auditoriyaya Az\u0259rbaycan bayra\u011f\u0131n\u0131n t\u0259qdim etm\u0259k [&hellip;]<\/p>","protected":false},"author":2,"featured_media":3266,"comment_status":"closed","ping_status":"closed","sticky":false,"template":"","format":"standard","meta":[],"categories":[137],"tags":[197,192,189,191,190,188],"_links":{"self":[{"href":"https:\/\/legacy.dia.edu.az\/en\/wp-json\/wp\/v2\/posts\/3265"}],"collection":[{"href":"https:\/\/legacy.dia.edu.az\/en\/wp-json\/wp\/v2\/posts"}],"about":[{"href":"https:\/\/legacy.dia.edu.az\/en\/wp-json\/wp\/v2\/types\/post"}],"author":[{"embeddable":true,"href":"https:\/\/legacy.dia.edu.az\/en\/wp-json\/wp\/v2\/users\/2"}],"replies":[{"embeddable":true,"href":"https:\/\/legacy.dia.edu.az\/en\/wp-json\/wp\/v2\/comments?post=3265"}],"version-history":[{"count":0,"href":"https:\/\/legacy.dia.edu.az\/en\/wp-json\/wp\/v2\/posts\/3265\/revisions"}],"wp:featuredmedia":[{"embeddable":true,"href":"https:\/\/legacy.dia.edu.az\/en\/wp-json\/wp\/v2\/media\/3266"}],"wp:attachment":[{"href":"https:\/\/legacy.dia.edu.az\/en\/wp-json\/wp\/v2\/media?parent=3265"}],"wp:term":[{"taxonomy":"category","embeddable":true,"href":"https:\/\/legacy.dia.edu.az\/en\/wp-json\/wp\/v2\/categories?post=3265"},{"taxonomy":"post_tag","embeddable":true,"href":"https:\/\/legacy.dia.edu.az\/en\/wp-json\/wp\/v2\/tags?post=3265"}],"curies":[{"name":"wp","href":"https:\/\/api.w.org\/{rel}","templated":true}]}}