{"id":3222,"date":"2011-11-22T12:40:00","date_gmt":"2011-11-22T09:40:00","guid":{"rendered":"https:\/\/dia.edu.az\/?p=3222"},"modified":"2021-03-03T12:42:44","modified_gmt":"2021-03-03T09:42:44","slug":"dia-da-almaniya-federativ-respublikasinin-olk%c9%99mizd%c9%99ki-fovq%c9%99lad%c9%99-v%c9%99-s%c9%99lahiyy%c9%99tli-s%c9%99firi-herbert-kvelle-il%c9%99-gorus-kecirilib","status":"publish","type":"post","link":"https:\/\/legacy.dia.edu.az\/en\/arxivl\u0259r\/3222","title":{"rendered":"D\u0130A-da Almaniya Federativ Respublikas\u0131n\u0131n \u00f6lk\u0259mizd\u0259ki F\u00f6vq\u0259lad\u0259 v\u0259 S\u0259lahiyy\u0259tli s\u0259firi Herbert Kvelle il\u0259 g\u00f6r\u00fc\u015f ke\u00e7irilib"},"content":{"rendered":"<p><strong>D\u0130A-da Almaniya Federativ Respublikas\u0131n\u0131n \u00f6lk\u0259mizd\u0259ki F\u00f6vq\u0259lad\u0259 v\u0259 S\u0259lahiyy\u0259tli s\u0259firi Herbert Kvelle il\u0259 g\u00f6r\u00fc\u015f ke\u00e7irilib<\/strong><\/p>\n\n\n\n<p>Noyabr\u0131n 22-d\u0259 Az\u0259rbaycan Respublikas\u0131n\u0131n Prezidenti yan\u0131nda D\u00f6vl\u0259t \u0130dar\u0259\u00e7ilik Akademiyas\u0131nda Almaniya Federativ Respublikas\u0131n\u0131n \u00f6lk\u0259mizd\u0259ki F\u00f6vq\u0259lad\u0259 v\u0259 S\u0259lahiyy\u0259tli s\u0259firi Herbert Kvelle il\u0259 g\u00f6r\u00fc\u015f olmu\u015fdur. Akademiyan\u0131n&nbsp;rektor \u0259v\u0259zi, prof. \u018f.Abdullayev Almaniya Federativ Respublikas\u0131 il\u0259 \u00f6lk\u0259l\u0259rimiz aras\u0131nda h\u0259rt\u0259r\u0259fli m\u00f6vcud \u0259laq\u0259l\u0259rin inki\u015faf\u0131n\u0131 x\u00fcsusi qeyd etmi\u015fdir.<br>G\u00f6r\u00fc\u015fd\u0259 Almaniya Federativ Respublikas\u0131n\u0131n bir s\u0131ra universitetl\u0259ri il\u0259, o c\u00fcml\u0259d\u0259n \u015epayer \u0130nzibati Elml\u0259r Universiteti il\u0259 \u0259m\u0259kda\u015fl\u0131q m\u00fcnasib\u0259tl\u0259tinin qurulmas\u0131, m\u00fcxt\u0259lif&nbsp;t\u0259dbirl\u0259rin, layih\u0259l\u0259rin h\u0259yata ke\u00e7irilm\u0259si imkanlar\u0131 m\u00fczakir\u0259 olunmu\u015fdur.<\/p>","protected":false},"excerpt":{"rendered":"<p>D\u0130A-da Almaniya Federativ Respublikas\u0131n\u0131n \u00f6lk\u0259mizd\u0259ki F\u00f6vq\u0259lad\u0259 v\u0259 S\u0259lahiyy\u0259tli s\u0259firi Herbert Kvelle il\u0259 g\u00f6r\u00fc\u015f ke\u00e7irilib Noyabr\u0131n 22-d\u0259 Az\u0259rbaycan Respublikas\u0131n\u0131n Prezidenti yan\u0131nda D\u00f6vl\u0259t \u0130dar\u0259\u00e7ilik Akademiyas\u0131nda Almaniya Federativ Respublikas\u0131n\u0131n \u00f6lk\u0259mizd\u0259ki F\u00f6vq\u0259lad\u0259 v\u0259 S\u0259lahiyy\u0259tli s\u0259firi Herbert Kvelle il\u0259 g\u00f6r\u00fc\u015f olmu\u015fdur. Akademiyan\u0131n&nbsp;rektor \u0259v\u0259zi, prof. \u018f.Abdullayev Almaniya Federativ Respublikas\u0131 il\u0259 \u00f6lk\u0259l\u0259rimiz aras\u0131nda h\u0259rt\u0259r\u0259fli m\u00f6vcud \u0259laq\u0259l\u0259rin inki\u015faf\u0131n\u0131 x\u00fcsusi qeyd etmi\u015fdir.G\u00f6r\u00fc\u015fd\u0259 Almaniya Federativ [&hellip;]<\/p>","protected":false},"author":2,"featured_media":3223,"comment_status":"closed","ping_status":"closed","sticky":false,"template":"","format":"standard","meta":[],"categories":[137],"tags":[192,189,191,190,188],"_links":{"self":[{"href":"https:\/\/legacy.dia.edu.az\/en\/wp-json\/wp\/v2\/posts\/3222"}],"collection":[{"href":"https:\/\/legacy.dia.edu.az\/en\/wp-json\/wp\/v2\/posts"}],"about":[{"href":"https:\/\/legacy.dia.edu.az\/en\/wp-json\/wp\/v2\/types\/post"}],"author":[{"embeddable":true,"href":"https:\/\/legacy.dia.edu.az\/en\/wp-json\/wp\/v2\/users\/2"}],"replies":[{"embeddable":true,"href":"https:\/\/legacy.dia.edu.az\/en\/wp-json\/wp\/v2\/comments?post=3222"}],"version-history":[{"count":0,"href":"https:\/\/legacy.dia.edu.az\/en\/wp-json\/wp\/v2\/posts\/3222\/revisions"}],"wp:featuredmedia":[{"embeddable":true,"href":"https:\/\/legacy.dia.edu.az\/en\/wp-json\/wp\/v2\/media\/3223"}],"wp:attachment":[{"href":"https:\/\/legacy.dia.edu.az\/en\/wp-json\/wp\/v2\/media?parent=3222"}],"wp:term":[{"taxonomy":"category","embeddable":true,"href":"https:\/\/legacy.dia.edu.az\/en\/wp-json\/wp\/v2\/categories?post=3222"},{"taxonomy":"post_tag","embeddable":true,"href":"https:\/\/legacy.dia.edu.az\/en\/wp-json\/wp\/v2\/tags?post=3222"}],"curies":[{"name":"wp","href":"https:\/\/api.w.org\/{rel}","templated":true}]}}