{"id":3217,"date":"2011-11-17T12:27:00","date_gmt":"2011-11-17T09:27:00","guid":{"rendered":"https:\/\/dia.edu.az\/?p=3217"},"modified":"2021-03-03T12:36:21","modified_gmt":"2021-03-03T09:36:21","slug":"dovl%c9%99t-idar%c9%99cilik-akademiyasinda-polsa-respublikasinin-az%c9%99rbaycandaki-fovq%c9%99lad%c9%99-v%c9%99-s%c9%99lahiyy%c9%99tli-s%c9%99firi-c%c9%99nab-michal-labenda-il%c9%99-gorus-kecirilib","status":"publish","type":"post","link":"https:\/\/legacy.dia.edu.az\/en\/arxivl\u0259r\/3217","title":{"rendered":"D\u00f6vl\u0259t \u0130dar\u0259\u00e7ilik Akademiyas\u0131nda Pol\u015fa Respublikas\u0131n\u0131n Az\u0259rbaycandak\u0131 F\u00f6vq\u0259lad\u0259 v\u0259 S\u0259lahiyy\u0259tli s\u0259firi c\u0259nab Michal Labenda il\u0259 g\u00f6r\u00fc\u015f ke\u00e7irilib"},"content":{"rendered":"<p><strong>D\u00f6vl\u0259t \u0130dar\u0259\u00e7ilik Akademiyas\u0131nda Pol\u015fa Respublikas\u0131n\u0131n Az\u0259rbaycandak\u0131 F\u00f6vq\u0259lad\u0259 v\u0259 S\u0259lahiyy\u0259tli s\u0259firi c\u0259nab Michal Labenda il\u0259 g\u00f6r\u00fc\u015f ke\u00e7irilib<\/strong><\/p>\n\n\n\n<p>Noyabr\u0131n 16-da D\u00f6vl\u0259t \u0130dar\u0259\u00e7ilik Akademiyas\u0131nda Pol\u015fa Respublikas\u0131n\u0131n Az\u0259rbaycandak\u0131 F\u00f6vq\u0259lad\u0259 v\u0259 S\u0259lahiyy\u0259tli s\u0259firi c\u0259nab Michal Labenda il\u0259 g\u00f6r\u00fc\u015f olmu\u015fdur. G\u00f6r\u00fc\u015fd\u0259 Akademiyan\u0131n rektor \u0259v\u0259zi, professor \u018flikram Abdullayev qona\u011f\u0131 salamlam\u0131\u015f v\u0259 \u00f6lk\u0259l\u0259rimiz aras\u0131nda dostluq v\u0259 \u0259m\u0259kda\u015fl\u0131q \u0259laq\u0259l\u0259rinin u\u011furlu inki\u015faf\u0131ndan raz\u0131l\u0131\u011f\u0131n\u0131 ifad\u0259 etmi\u015f, Pol\u015fan\u0131n Milli \u0130dar\u0259\u00e7ilik M\u0259kt\u0259bi v\u0259 m\u00fcvafiq t\u0259hsil m\u00fc\u0259ssis\u0259l\u0259ri il\u0259 \u0259m\u0259kda\u015fl\u0131qda maraql\u0131 oldu\u011funu bildirmi\u015fdir.<br>S\u0259fir \u00f6z n\u00f6vb\u0259sind\u0259 g\u00f6r\u00fc\u015fd\u0259n m\u0259mnun oldu\u011funu bildirmi\u015fdir. G\u0259l\u0259c\u0259kd\u0259 Pol\u015fa Respublikas\u0131n\u0131n m\u00fcvafiq universitetl\u0259ri v\u0259 t\u0259dris m\u0259rk\u0259zl\u0259ri il\u0259 \u0259m\u0259kda\u015fl\u0131\u011f\u0131n geni\u015fl\u0259ndirilm\u0259si m\u0259qs\u0259dil\u0259 Akademiyada m\u00fcxt\u0259lif t\u0259dbirl\u0259rin, o c\u00fcml\u0259d\u0259n treninql\u0259rin ke\u00e7irilm\u0259si imkanlar\u0131 m\u00fczakir\u0259 olunmu\u015fdur.<br>Sonda&nbsp;c\u0259nab Michal Labenda s\u0259mimi ke\u00e7\u0259n g\u00f6r\u00fc\u015f\u0259 g\u00f6r\u0259 Akademiya r\u0259hb\u0259rliyin\u0259 \u00f6z minn\u0259tdarl\u0131\u011f\u0131n\u0131 bildirmi\u015fdir.<\/p>","protected":false},"excerpt":{"rendered":"<p>D\u00f6vl\u0259t \u0130dar\u0259\u00e7ilik Akademiyas\u0131nda Pol\u015fa Respublikas\u0131n\u0131n Az\u0259rbaycandak\u0131 F\u00f6vq\u0259lad\u0259 v\u0259 S\u0259lahiyy\u0259tli s\u0259firi c\u0259nab Michal Labenda il\u0259 g\u00f6r\u00fc\u015f ke\u00e7irilib Noyabr\u0131n 16-da D\u00f6vl\u0259t \u0130dar\u0259\u00e7ilik Akademiyas\u0131nda Pol\u015fa Respublikas\u0131n\u0131n Az\u0259rbaycandak\u0131 F\u00f6vq\u0259lad\u0259 v\u0259 S\u0259lahiyy\u0259tli s\u0259firi c\u0259nab Michal Labenda il\u0259 g\u00f6r\u00fc\u015f olmu\u015fdur. G\u00f6r\u00fc\u015fd\u0259 Akademiyan\u0131n rektor \u0259v\u0259zi, professor \u018flikram Abdullayev qona\u011f\u0131 salamlam\u0131\u015f v\u0259 \u00f6lk\u0259l\u0259rimiz aras\u0131nda dostluq v\u0259 \u0259m\u0259kda\u015fl\u0131q \u0259laq\u0259l\u0259rinin u\u011furlu inki\u015faf\u0131ndan raz\u0131l\u0131\u011f\u0131n\u0131 ifad\u0259 etmi\u015f, [&hellip;]<\/p>","protected":false},"author":2,"featured_media":3218,"comment_status":"closed","ping_status":"closed","sticky":false,"template":"","format":"standard","meta":[],"categories":[137],"tags":[187,192,189,198,188],"_links":{"self":[{"href":"https:\/\/legacy.dia.edu.az\/en\/wp-json\/wp\/v2\/posts\/3217"}],"collection":[{"href":"https:\/\/legacy.dia.edu.az\/en\/wp-json\/wp\/v2\/posts"}],"about":[{"href":"https:\/\/legacy.dia.edu.az\/en\/wp-json\/wp\/v2\/types\/post"}],"author":[{"embeddable":true,"href":"https:\/\/legacy.dia.edu.az\/en\/wp-json\/wp\/v2\/users\/2"}],"replies":[{"embeddable":true,"href":"https:\/\/legacy.dia.edu.az\/en\/wp-json\/wp\/v2\/comments?post=3217"}],"version-history":[{"count":0,"href":"https:\/\/legacy.dia.edu.az\/en\/wp-json\/wp\/v2\/posts\/3217\/revisions"}],"wp:featuredmedia":[{"embeddable":true,"href":"https:\/\/legacy.dia.edu.az\/en\/wp-json\/wp\/v2\/media\/3218"}],"wp:attachment":[{"href":"https:\/\/legacy.dia.edu.az\/en\/wp-json\/wp\/v2\/media?parent=3217"}],"wp:term":[{"taxonomy":"category","embeddable":true,"href":"https:\/\/legacy.dia.edu.az\/en\/wp-json\/wp\/v2\/categories?post=3217"},{"taxonomy":"post_tag","embeddable":true,"href":"https:\/\/legacy.dia.edu.az\/en\/wp-json\/wp\/v2\/tags?post=3217"}],"curies":[{"name":"wp","href":"https:\/\/api.w.org\/{rel}","templated":true}]}}