{"id":3212,"date":"2008-09-24T11:50:00","date_gmt":"2008-09-24T08:50:00","guid":{"rendered":"https:\/\/dia.edu.az\/?p=3212"},"modified":"2021-03-03T12:21:49","modified_gmt":"2021-03-03T09:21:49","slug":"dia-da-t%c9%99l%c9%99b%c9%99l%c9%99rl%c9%99-gorus-kecirilmisdir","status":"publish","type":"post","link":"https:\/\/legacy.dia.edu.az\/en\/arxivl\u0259r\/3212","title":{"rendered":"D\u0130A-da T\u018fL\u018fB\u018fL\u018fRL\u018f G\u00d6R\u00dc\u015e KE\u00c7\u0130R\u0130LM\u0130\u015eD\u0130R"},"content":{"rendered":"<p><strong>D\u0130A-da T\u018fL\u018fB\u018fL\u018fRL\u018f G\u00d6R\u00dc\u015e KE\u00c7\u0130R\u0130LM\u0130\u015eD\u0130R<\/strong><\/p>\n\n\n\n<p>Sentyabr\u0131n 24-d\u0259 Az\u0259rbaycan Respublikas\u0131n\u0131n Prezidenti yan\u0131nda D\u00f6vl\u0259t \u0130dar\u0259\u00e7ilik Akademiyas\u0131nda 2008\/2009-cu t\u0259dris ilind\u0259 Akademiyaya daxil olmu\u015f t\u0259l\u0259b\u0259l\u0259rl\u0259 rektorun g\u00f6r\u00fc\u015f\u00fc ke\u00e7irilmi\u015fdir.&nbsp;<br>Akademiyan\u0131n rektoru, \u0259m\u0259kdar elm xadimi, professor Seyf\u0259ddin Q\u0259ndilov t\u0259dbiri a\u00e7araq, t\u0259l\u0259b\u0259l\u0259ri q\u0259bul imtahanlar\u0131nda y\u00fcks\u0259k bal toplayaraq, \u015f\u0259r\u0259fli t\u0259l\u0259b\u0259 ad\u0131na layiq g\u00f6r\u00fclm\u0259l\u0259ri m\u00fcnasib\u0259til\u0259 bir daha t\u0259brik etmi\u015f, \u00dcmummilli liderimiz Heyd\u0259r \u018fliyevin diqq\u0259t v\u0259 qay\u011f\u0131s\u0131 il\u0259 yarad\u0131lm\u0131\u015f D\u00f6vl\u0259t \u0130dar\u0259\u00e7ilik Akademiyas\u0131n\u0131n respublikam\u0131z \u00fc\u00e7\u00fcn idar\u0259\u00e7ilik sah\u0259sind\u0259 m\u00fct\u0259x\u0259ssisl\u0259r haz\u0131rlanmas\u0131ndan \u00f6tr\u00fc \u00f6n\u0259mli oldu\u011funu vur\u011fulam\u0131\u015f, bu istiqam\u0259td\u0259 layiqli kadrlar yeti\u015f\u0259c\u0259yin\u0259 \u0259min oldu\u011funu bildirmi\u015f, t\u0259m\u0259li Heyd\u0259r \u018fliyev t\u0259r\u0259find\u0259n qoyulmu\u015f bu t\u0259hsil oca\u011f\u0131n\u0131n daim inki\u015faf etdiyini qeyd etmi\u015f, d\u00f6vl\u0259timizin g\u0259ncl\u0259r siyas\u0259tinin h\u0259yata<br>ke\u00e7m\u0259sind\u0259 \u00f6lk\u0259mizd\u0259 g\u00f6r\u00fcl\u0259n i\u015fl\u0259rd\u0259n dan\u0131\u015fm\u0131\u015f, m\u00f6ht\u0259r\u0259m Prezidentimiz \u0130lham \u018fliyevin g\u0259ncl\u0259rimiz qar\u015f\u0131s\u0131nda qoydu\u011fu v\u0259zif\u0259l\u0259ri yerin\u0259 yetirm\u0259k \u00fc\u00e7\u00fcn onlara daim \u00f6z \u00fcz\u0259rl\u0259rind\u0259 i\u015fl\u0259m\u0259yi, daha y\u00fcks\u0259k g\u00f6st\u0259ricil\u0259r \u0259ld\u0259 etm\u0259yi t\u00f6vsiy\u0259 etmi\u015f, bu ill\u0259r \u0259rzind\u0259 h\u0259m \u00dcmummilli liderimiz Heyd\u0259r \u018fliyev, h\u0259m d\u0259 \u00f6lk\u0259 Prezidenti \u0130lham \u018fliyev t\u0259r\u0259find\u0259n t\u0259l\u0259b\u0259l\u0259rin v\u0259ziyy\u0259tl\u0259rinin yax\u015f\u0131la\u015fd\u0131r\u0131lmas\u0131 \u00fc\u00e7\u00fcn onlar\u0131n t\u0259qa\u00fcdl\u0259rinin art\u0131r\u0131lmas\u0131n\u0131, h\u0259m\u00e7inin q\u0259bul imtahanlar\u0131 zaman\u0131 y\u00fcks\u0259k bal toplayan t\u0259l\u0259b\u0259l\u0259r \u00fc\u00e7\u00fcn Prezident t\u0259qa\u00fcd\u00fcn\u00fcn ayr\u0131lmas\u0131n\u0131 xat\u0131rladaraq, bu qay\u011f\u0131 v\u0259 diqq\u0259ti y\u00fcks\u0259k qiym\u0259tl\u0259ndirmi\u015f, g\u0259ncl\u0259rin bu qay\u011f\u0131ya cavab olaraq yax\u015f\u0131 oxuyacaqlar\u0131na, onlar\u0131n m\u00fcasir d\u00fcnyan\u0131n t\u0259l\u0259bl\u0259rin\u0259 uy\u011fun idar\u0259\u00e7i kadrlar kimi yeti\u015f\u0259c\u0259yin\u0259 \u0259min oldu\u011funu bildirmi\u015fdir. Rektor Akademiyada g\u0259ncl\u0259r \u00fc\u00e7\u00fcn h\u0259rt\u0259r\u0259fli \u015f\u0259rait yarad\u0131ld\u0131\u011f\u0131n\u0131 qeyd ed\u0259r\u0259k, t\u0259l\u0259b\u0259l\u0259rin Akademi<br>yan\u0131n h\u0259yat\u0131nda yax\u0131ndan i\u015ftirak etm\u0259l\u0259rinin vacibliyini vur\u011fulam\u0131\u015f, bu t\u0259dris ilind\u0259 respublikan\u0131n m\u00fcxt\u0259lif ali m\u0259kt\u0259bl\u0259rin\u0259 daxil olan 100 n\u0259f\u0259r Prezident t\u0259qa\u00fcd\u00e7\u00fcs\u00fcnd\u0259n 25 n\u0259f\u0259rinin m\u0259hz D\u0130A-n\u0131n t\u0259l\u0259b\u0259si oldu\u011funu qeyd etmi\u015f, bu y\u00fcks\u0259k g\u00f6st\u0259ricini g\u0259ncl\u0259rin se\u00e7imi kimi qiym\u0259tl\u0259ndirmi\u015fdir.&nbsp;<br>\u0130nzibati \u0130dar\u0259etm\u0259 fak\u00fclt\u0259sinin I kurs t\u0259l\u0259b\u0259si 660 bal toplam\u0131\u015f D\u0259mirb\u0259yli Tamerlan Elman o\u011flu Akademiyada t\u0259hsil almas\u0131ndan b\u00f6y\u00fck f\u0259xr v\u0259 q\u00fcrur duy\u011fusunu \u00f6z \u00e7\u0131x\u0131\u015f\u0131nda vur\u011fulad\u0131 v\u0259 Akademiya r\u0259hb\u0259rliyin\u0259 minn\u0259tdarl\u0131\u011f\u0131n\u0131 bildirdi.&nbsp;<br>Sonda prof. Seyf\u0259ddin Q\u0259ndilov t\u0259l\u0259b\u0259l\u0259r\u0259 t\u0259hsild\u0259 v\u0259 i\u015fl\u0259rind\u0259 m\u00fcv\u0259ff\u0259qiyy\u0259tl\u0259r, \u00f6lk\u0259mizin t\u0259r\u0259qqisi namin\u0259 g\u0259l\u0259c\u0259k f\u0259aliyy\u0259tl\u0259rind\u0259 u\u011furlar arzulam\u0131\u015fd\u0131r.<\/p>\n\n\n\n<p><strong><em>D\u0130A-n\u0131n M\u0259tbuat v\u0259 \u0130nformasiya Xidm\u0259ti<\/em><\/strong><\/p>","protected":false},"excerpt":{"rendered":"<p>D\u0130A-da T\u018fL\u018fB\u018fL\u018fRL\u018f G\u00d6R\u00dc\u015e KE\u00c7\u0130R\u0130LM\u0130\u015eD\u0130R Sentyabr\u0131n 24-d\u0259 Az\u0259rbaycan Respublikas\u0131n\u0131n Prezidenti yan\u0131nda D\u00f6vl\u0259t \u0130dar\u0259\u00e7ilik Akademiyas\u0131nda 2008\/2009-cu t\u0259dris ilind\u0259 Akademiyaya daxil olmu\u015f t\u0259l\u0259b\u0259l\u0259rl\u0259 rektorun g\u00f6r\u00fc\u015f\u00fc ke\u00e7irilmi\u015fdir.&nbsp;Akademiyan\u0131n rektoru, \u0259m\u0259kdar elm xadimi, professor Seyf\u0259ddin Q\u0259ndilov t\u0259dbiri a\u00e7araq, t\u0259l\u0259b\u0259l\u0259ri q\u0259bul imtahanlar\u0131nda y\u00fcks\u0259k bal toplayaraq, \u015f\u0259r\u0259fli t\u0259l\u0259b\u0259 ad\u0131na layiq g\u00f6r\u00fclm\u0259l\u0259ri m\u00fcnasib\u0259til\u0259 bir daha t\u0259brik etmi\u015f, \u00dcmummilli liderimiz Heyd\u0259r \u018fliyevin diqq\u0259t v\u0259 qay\u011f\u0131s\u0131 [&hellip;]<\/p>","protected":false},"author":2,"featured_media":3213,"comment_status":"closed","ping_status":"closed","sticky":false,"template":"","format":"standard","meta":[],"categories":[137],"tags":[187,197,189,191,198,188],"_links":{"self":[{"href":"https:\/\/legacy.dia.edu.az\/en\/wp-json\/wp\/v2\/posts\/3212"}],"collection":[{"href":"https:\/\/legacy.dia.edu.az\/en\/wp-json\/wp\/v2\/posts"}],"about":[{"href":"https:\/\/legacy.dia.edu.az\/en\/wp-json\/wp\/v2\/types\/post"}],"author":[{"embeddable":true,"href":"https:\/\/legacy.dia.edu.az\/en\/wp-json\/wp\/v2\/users\/2"}],"replies":[{"embeddable":true,"href":"https:\/\/legacy.dia.edu.az\/en\/wp-json\/wp\/v2\/comments?post=3212"}],"version-history":[{"count":0,"href":"https:\/\/legacy.dia.edu.az\/en\/wp-json\/wp\/v2\/posts\/3212\/revisions"}],"wp:featuredmedia":[{"embeddable":true,"href":"https:\/\/legacy.dia.edu.az\/en\/wp-json\/wp\/v2\/media\/3213"}],"wp:attachment":[{"href":"https:\/\/legacy.dia.edu.az\/en\/wp-json\/wp\/v2\/media?parent=3212"}],"wp:term":[{"taxonomy":"category","embeddable":true,"href":"https:\/\/legacy.dia.edu.az\/en\/wp-json\/wp\/v2\/categories?post=3212"},{"taxonomy":"post_tag","embeddable":true,"href":"https:\/\/legacy.dia.edu.az\/en\/wp-json\/wp\/v2\/tags?post=3212"}],"curies":[{"name":"wp","href":"https:\/\/api.w.org\/{rel}","templated":true}]}}