{"id":28832,"date":"2025-12-23T09:19:26","date_gmt":"2025-12-23T05:19:26","guid":{"rendered":"https:\/\/dia.edu.az\/?p=28832"},"modified":"2025-12-23T09:32:50","modified_gmt":"2025-12-23T05:32:50","slug":"akademiyamizda-f%c9%99t%c9%99li-xan-xoyskinin-anadan-olmasinin-150-illiyin%c9%99-h%c9%99sr-olunmus-elmi-konfrans-kecirilib","status":"publish","type":"post","link":"https:\/\/legacy.dia.edu.az\/en\/arxivl\u0259r\/28832","title":{"rendered":"Akademiyam\u0131zda F\u0259t\u0259li xan Xoyskinin anadan olmas\u0131n\u0131n 150 illiyin\u0259 h\u0259sr olunmu\u015f elmi konfrans ke\u00e7irilib"},"content":{"rendered":"<div data-elementor-type=\"wp-post\" data-elementor-id=\"28832\" class=\"elementor elementor-28832\" data-elementor-settings=\"[]\">\n\t\t\t\t\t\t<div class=\"elementor-inner\">\n\t\t\t\t\t\t\t<div class=\"elementor-section-wrap\">\n\t\t\t\t\t\t\t<section class=\"elementor-section elementor-top-section elementor-element elementor-element-d0b2a06 elementor-section-boxed elementor-section-height-default elementor-section-height-default\" data-id=\"d0b2a06\" data-element_type=\"section\">\n\t\t\t\t\t\t<div class=\"elementor-container elementor-column-gap-default\">\n\t\t\t\t\t\t\t<div class=\"elementor-row\">\n\t\t\t\t\t<div class=\"elementor-column elementor-col-100 elementor-top-column elementor-element elementor-element-415f710\" data-id=\"415f710\" data-element_type=\"column\">\n\t\t\t<div class=\"elementor-column-wrap elementor-element-populated\">\n\t\t\t\t\t\t\t<div class=\"elementor-widget-wrap\">\n\t\t\t\t\t\t<div class=\"elementor-element elementor-element-40bf922 elementor-widget elementor-widget-text-editor\" data-id=\"40bf922\" data-element_type=\"widget\" data-widget_type=\"text-editor.default\">\n\t\t\t\t<div class=\"elementor-widget-container\">\n\t\t\t\t\t\t\t\t<div class=\"elementor-text-editor elementor-clearfix\">\n\t\t\t\t\t<p>&nbsp; &nbsp; &nbsp; &nbsp;Az\u0259rbaycan Respublikas\u0131n\u0131n Prezidenti yan\u0131nda D\u00f6vl\u0259t \u0130dar\u0259\u00e7ilik Akademiyas\u0131nda (D\u0130A) Az\u0259rbaycan Xalq C\u00fcmhuriyy\u0259tinin banil\u0259rind\u0259n biri, g\u00f6rk\u0259mli d\u00f6vl\u0259t xadimi F\u0259t\u0259li xan Xoyskinin anadan olmas\u0131n\u0131n 150 illiyin\u0259 h\u0259sr olunmu\u015f elmi konfrans ke\u00e7irilib.<\/p>\n<p>&nbsp; &nbsp; &nbsp; &nbsp;\u0130Konfrans Az\u0259rbaycan Respublikas\u0131n\u0131n Prezidenti yan\u0131nda D\u00f6vl\u0259t \u0130dar\u0259\u00e7ilik Akademiyas\u0131 v\u0259 Az\u0259rbaycan \u0130stiqlal Muzeyinin birg\u0259 t\u0259\u015fkilat\u00e7\u0131l\u0131\u011f\u0131 il\u0259 ba\u015f tutub.<\/p>\n<p>&nbsp; &nbsp; &nbsp; Konfransdan \u00f6nc\u0259 Az\u0259rbaycan \u0130stiqlal Muzeyinin F\u0259t\u0259li xan Xoyskinin anadan olmas\u0131n\u0131n 150 illik yubileyin\u0259 h\u0259sr etdiyi &#8220;\u0130stiqlal\u0131n Z\u0259rif \u0130mzas\u0131: F\u0259t\u0259li xan Xoyski&#8221; adl\u0131 s\u0259rgi n\u00fcmayi\u015f olundu.<\/p>\n<p>&nbsp; &nbsp; &nbsp; T\u0259dbir D\u0130A-n\u0131n I prorektoru, professor \u018flikram Abdullayevin giri\u015f s\u00f6z\u00fc il\u0259 a\u00e7\u0131l\u0131b. Ard\u0131nca Az\u0259rbaycan Respublikas\u0131n\u0131n D\u00f6vl\u0259t Himni s\u0259sl\u0259ndirilib, Az\u0259rbaycan d\u00f6vl\u0259t\u00e7iliyi v\u0259 \u0259razi b\u00fct\u00f6vl\u00fcy\u00fc u\u011frunda canlar\u0131ndan ke\u00e7mi\u015f \u015f\u0259hidl\u0259rin xatir\u0259si bir d\u0259qiq\u0259lik s\u00fckutla yad edilib.<\/p>\n<p>&nbsp; &nbsp; &nbsp; &nbsp;Elmi konfransda Az\u0259rbaycan \u0130stiqlal Muzeyinin direktoru S\u0259di Mirseyibli \u201c\u0130stiqlal Muzeyi F\u0259t\u0259li xan Xoyskinin i\u015f\u0131\u011f\u0131nda\u201d m\u00f6vzusunda \u00e7\u0131x\u0131\u015f ed\u0259r\u0259k, g\u00f6rk\u0259mli d\u00f6vl\u0259t xadiminin ictimai-siyasi irsinin muzey ekspozisiyalar\u0131nda \u0259ks olunmas\u0131ndan v\u0259 onun m\u00fcst\u0259qil d\u00f6vl\u0259t\u00e7ilik ideyalar\u0131n\u0131n t\u0259bli\u011find\u0259n b\u0259hs edib.<\/p>\n<p>&nbsp; &nbsp; &nbsp; D\u0130A-n\u0131n Tarix kafedras\u0131n\u0131n m\u00fcdiri, \u0259m\u0259kdar m\u00fc\u0259llim Firdovsiyy\u0259 \u018fhm\u0259dova \u201cF\u0259t\u0259li xan Xoyskinin Az\u0259rbaycan d\u00f6vl\u0259t\u00e7iliyind\u0259 xidm\u0259tl\u0259ri\u201d m\u00f6vzusunda m\u0259ruz\u0259 il\u0259 \u00e7\u0131x\u0131\u015f ed\u0259r\u0259k, onun Az\u0259rbaycan Xalq C\u00fcmhuriyy\u0259tinin formala\u015fmas\u0131nda v\u0259 h\u00fcquqi d\u00f6vl\u0259t \u0259saslar\u0131n\u0131n yarad\u0131lmas\u0131nda oynad\u0131\u011f\u0131 m\u00fch\u00fcm rolu diqq\u0259t\u0259 \u00e7atd\u0131r\u0131b.<\/p>\n<p>&nbsp; &nbsp; &nbsp; T\u00fcrk M\u0259d\u0259niyy\u0259ti v\u0259 \u0130rsi Fondunun aparat r\u0259hb\u0259ri F\u0259xri Hac\u0131yev \u201cF\u0259t\u0259li xan Xoyskinin G\u00fcrc\u00fcstanla ba\u011fl\u0131 siyas\u0259ti v\u0259 q\u0259tli haqq\u0131nda m\u0259lumatlar\u201d m\u00f6vzusunda \u00e7\u0131x\u0131\u015f ed\u0259r\u0259k, tarixi faktlar v\u0259 arxiv materiallar\u0131 \u0259sas\u0131nda F\u0259t\u0259li xan Xoyskinin regional siyas\u0259ti v\u0259 faci\u0259li taleyi bar\u0259d\u0259 \u0259trafl\u0131 m\u0259lumat verib&nbsp; .<\/p>\t\t\t\t\t<\/div>\n\t\t\t\t\t\t<\/div>\n\t\t\t\t<\/div>\n\t\t\t\t\t\t<\/div>\n\t\t\t\t\t<\/div>\n\t\t<\/div>\n\t\t\t\t\t\t\t\t<\/div>\n\t\t\t\t\t<\/div>\n\t\t<\/section>\n\t\t\t\t<section class=\"elementor-section elementor-top-section elementor-element elementor-element-001ad43 elementor-section-boxed elementor-section-height-default elementor-section-height-default\" data-id=\"001ad43\" data-element_type=\"section\">\n\t\t\t\t\t\t<div class=\"elementor-container elementor-column-gap-default\">\n\t\t\t\t\t\t\t<div class=\"elementor-row\">\n\t\t\t\t\t<div class=\"elementor-column elementor-col-100 elementor-top-column elementor-element elementor-element-f0910fd\" data-id=\"f0910fd\" data-element_type=\"column\">\n\t\t\t<div class=\"elementor-column-wrap elementor-element-populated\">\n\t\t\t\t\t\t\t<div class=\"elementor-widget-wrap\">\n\t\t\t\t\t\t<div class=\"elementor-element elementor-element-3b113fa elementor-arrows-position-inside elementor-pagination-position-outside elementor-widget elementor-widget-image-carousel\" data-id=\"3b113fa\" data-element_type=\"widget\" data-settings=\"{&quot;navigation&quot;:&quot;both&quot;,&quot;autoplay&quot;:&quot;yes&quot;,&quot;pause_on_hover&quot;:&quot;yes&quot;,&quot;pause_on_interaction&quot;:&quot;yes&quot;,&quot;autoplay_speed&quot;:5000,&quot;infinite&quot;:&quot;yes&quot;,&quot;speed&quot;:500}\" data-widget_type=\"image-carousel.default\">\n\t\t\t\t<div class=\"elementor-widget-container\">\n\t\t\t\t\t<div class=\"elementor-image-carousel-wrapper swiper-container\" dir=\"ltr\">\n\t\t\t<div class=\"elementor-image-carousel swiper-wrapper\">\n\t\t\t\t<div class=\"swiper-slide\"><a data-elementor-open-lightbox=\"yes\" data-elementor-lightbox-slideshow=\"3b113fa\" href=\"https:\/\/legacy.dia.edu.az\/wp-content\/uploads\/2025\/12\/WhatsApp-Image-2025-12-22-at-17.45.15.jpeg\"><figure class=\"swiper-slide-inner\"><img class=\"swiper-slide-image\" src=\"https:\/\/legacy.dia.edu.az\/wp-content\/uploads\/2025\/12\/WhatsApp-Image-2025-12-22-at-17.45.15-150x150.jpeg\" alt=\"\" \/><\/figure><\/a><\/div><div class=\"swiper-slide\"><a data-elementor-open-lightbox=\"yes\" data-elementor-lightbox-slideshow=\"3b113fa\" href=\"https:\/\/legacy.dia.edu.az\/wp-content\/uploads\/2025\/12\/WhatsApp-Image-2025-12-22-at-17.44.52.jpeg\"><figure class=\"swiper-slide-inner\"><img class=\"swiper-slide-image\" src=\"https:\/\/legacy.dia.edu.az\/wp-content\/uploads\/2025\/12\/WhatsApp-Image-2025-12-22-at-17.44.52-150x150.jpeg\" alt=\"\" \/><\/figure><\/a><\/div><div class=\"swiper-slide\"><a data-elementor-open-lightbox=\"yes\" data-elementor-lightbox-slideshow=\"3b113fa\" href=\"https:\/\/legacy.dia.edu.az\/wp-content\/uploads\/2025\/12\/WhatsApp-Image-2025-12-22-at-17.45.15-1.jpeg\"><figure class=\"swiper-slide-inner\"><img class=\"swiper-slide-image\" src=\"https:\/\/legacy.dia.edu.az\/wp-content\/uploads\/2025\/12\/WhatsApp-Image-2025-12-22-at-17.45.15-1-150x150.jpeg\" alt=\"\" \/><\/figure><\/a><\/div><div class=\"swiper-slide\"><a data-elementor-open-lightbox=\"yes\" data-elementor-lightbox-slideshow=\"3b113fa\" href=\"https:\/\/legacy.dia.edu.az\/wp-content\/uploads\/2025\/12\/WhatsApp-Image-2025-12-22-at-17.57.15.jpeg\"><figure class=\"swiper-slide-inner\"><img class=\"swiper-slide-image\" src=\"https:\/\/legacy.dia.edu.az\/wp-content\/uploads\/2025\/12\/WhatsApp-Image-2025-12-22-at-17.57.15-150x150.jpeg\" alt=\"\" \/><\/figure><\/a><\/div>\t\t\t<\/div>\n\t\t\t\t\t\t\t\t\t\t\t\t<div class=\"swiper-pagination\"><\/div>\n\t\t\t\t\t\t\t\t\t\t\t\t\t<div class=\"elementor-swiper-button elementor-swiper-button-prev\">\n\t\t\t\t\t\t<i class=\"eicon-chevron-left\" aria-hidden=\"true\"><\/i>\n\t\t\t\t\t\t<span class=\"elementor-screen-only\">Previous<\/span>\n\t\t\t\t\t<\/div>\n\t\t\t\t\t<div class=\"elementor-swiper-button elementor-swiper-button-next\">\n\t\t\t\t\t\t<i class=\"eicon-chevron-right\" aria-hidden=\"true\"><\/i>\n\t\t\t\t\t\t<span class=\"elementor-screen-only\">Next<\/span>\n\t\t\t\t\t<\/div>\n\t\t\t\t\t\t\t\t\t<\/div>\n\t\t\t\t<\/div>\n\t\t\t\t<\/div>\n\t\t\t\t\t\t<\/div>\n\t\t\t\t\t<\/div>\n\t\t<\/div>\n\t\t\t\t\t\t\t\t<\/div>\n\t\t\t\t\t<\/div>\n\t\t<\/section>\n\t\t\t\t\t\t<\/div>\n\t\t\t\t\t\t<\/div>\n\t\t\t\t\t<\/div>","protected":false},"excerpt":{"rendered":"<p>&nbsp; &nbsp; &nbsp; &nbsp;Az\u0259rbaycan Respublikas\u0131n\u0131n Prezidenti yan\u0131nda D\u00f6vl\u0259t \u0130dar\u0259\u00e7ilik Akademiyas\u0131nda (D\u0130A) Az\u0259rbaycan Xalq C\u00fcmhuriyy\u0259tinin banil\u0259rind\u0259n biri, g\u00f6rk\u0259mli d\u00f6vl\u0259t xadimi F\u0259t\u0259li xan Xoyskinin anadan olmas\u0131n\u0131n 150 illiyin\u0259 h\u0259sr olunmu\u015f elmi konfrans ke\u00e7irilib. &nbsp; &nbsp; &nbsp; &nbsp;\u0130Konfrans Az\u0259rbaycan Respublikas\u0131n\u0131n Prezidenti yan\u0131nda D\u00f6vl\u0259t \u0130dar\u0259\u00e7ilik Akademiyas\u0131 v\u0259 Az\u0259rbaycan \u0130stiqlal Muzeyinin birg\u0259 t\u0259\u015fkilat\u00e7\u0131l\u0131\u011f\u0131 il\u0259 ba\u015f tutub. &nbsp; &nbsp; &nbsp; Konfransdan [&hellip;]<\/p>","protected":false},"author":2,"featured_media":28835,"comment_status":"closed","ping_status":"closed","sticky":false,"template":"","format":"standard","meta":[],"categories":[137],"tags":[],"_links":{"self":[{"href":"https:\/\/legacy.dia.edu.az\/en\/wp-json\/wp\/v2\/posts\/28832"}],"collection":[{"href":"https:\/\/legacy.dia.edu.az\/en\/wp-json\/wp\/v2\/posts"}],"about":[{"href":"https:\/\/legacy.dia.edu.az\/en\/wp-json\/wp\/v2\/types\/post"}],"author":[{"embeddable":true,"href":"https:\/\/legacy.dia.edu.az\/en\/wp-json\/wp\/v2\/users\/2"}],"replies":[{"embeddable":true,"href":"https:\/\/legacy.dia.edu.az\/en\/wp-json\/wp\/v2\/comments?post=28832"}],"version-history":[{"count":4,"href":"https:\/\/legacy.dia.edu.az\/en\/wp-json\/wp\/v2\/posts\/28832\/revisions"}],"predecessor-version":[{"id":28841,"href":"https:\/\/legacy.dia.edu.az\/en\/wp-json\/wp\/v2\/posts\/28832\/revisions\/28841"}],"wp:featuredmedia":[{"embeddable":true,"href":"https:\/\/legacy.dia.edu.az\/en\/wp-json\/wp\/v2\/media\/28835"}],"wp:attachment":[{"href":"https:\/\/legacy.dia.edu.az\/en\/wp-json\/wp\/v2\/media?parent=28832"}],"wp:term":[{"taxonomy":"category","embeddable":true,"href":"https:\/\/legacy.dia.edu.az\/en\/wp-json\/wp\/v2\/categories?post=28832"},{"taxonomy":"post_tag","embeddable":true,"href":"https:\/\/legacy.dia.edu.az\/en\/wp-json\/wp\/v2\/tags?post=28832"}],"curies":[{"name":"wp","href":"https:\/\/api.w.org\/{rel}","templated":true}]}}