{"id":28766,"date":"2025-12-13T21:27:38","date_gmt":"2025-12-13T17:27:38","guid":{"rendered":"https:\/\/dia.edu.az\/?p=28766"},"modified":"2025-12-13T21:29:01","modified_gmt":"2025-12-13T17:29:01","slug":"akademik-urxan-%c9%99l%c9%99kb%c9%99rov-aztv-nin-qonagi-olub","status":"publish","type":"post","link":"https:\/\/legacy.dia.edu.az\/en\/arxivl\u0259r\/28766","title":{"rendered":"Akademik Urxan \u018fl\u0259kb\u0259rov AZTV &#8211; nin qona\u011f\u0131 olub"},"content":{"rendered":"<div data-elementor-type=\"wp-post\" data-elementor-id=\"28766\" class=\"elementor elementor-28766\" data-elementor-settings=\"[]\">\n\t\t\t\t\t\t<div class=\"elementor-inner\">\n\t\t\t\t\t\t\t<div class=\"elementor-section-wrap\">\n\t\t\t\t\t\t\t<section class=\"elementor-section elementor-top-section elementor-element elementor-element-3bfe40f elementor-section-boxed elementor-section-height-default elementor-section-height-default\" data-id=\"3bfe40f\" data-element_type=\"section\">\n\t\t\t\t\t\t<div class=\"elementor-container elementor-column-gap-default\">\n\t\t\t\t\t\t\t<div class=\"elementor-row\">\n\t\t\t\t\t<div class=\"elementor-column elementor-col-100 elementor-top-column elementor-element elementor-element-a0fe272\" data-id=\"a0fe272\" data-element_type=\"column\">\n\t\t\t<div class=\"elementor-column-wrap elementor-element-populated\">\n\t\t\t\t\t\t\t<div class=\"elementor-widget-wrap\">\n\t\t\t\t\t\t<div class=\"elementor-element elementor-element-c724d4d elementor-widget elementor-widget-text-editor\" data-id=\"c724d4d\" data-element_type=\"widget\" data-widget_type=\"text-editor.default\">\n\t\t\t\t<div class=\"elementor-widget-container\">\n\t\t\t\t\t\t\t\t<div class=\"elementor-text-editor elementor-clearfix\">\n\t\t\t\t\t<p>Az\u0259rbaycan Respublikas\u0131n\u0131n Prezidenti yan\u0131nda D\u00f6vl\u0259t \u0130dar\u0259\u00e7ilik Akademiyas\u0131n\u0131n rektoru, akademik Urxan \u018fl\u0259kb\u0259rov AZTV&#8217; d\u0259 \u00dcmummilli lider Heyd\u0259r \u018fliyevin an\u0131m g\u00fcn\u00fcnd\u0259 \u00e7\u0131x\u0131\u015f etmi\u015fdir. \u00c7\u0131x\u0131\u015f\u0131n videolinkini t\u0259qdim edirik.<\/p>\n<p><b><a href=\"https:\/\/m.youtube.com\/watch?v=a5MVoRUqF2w&amp;pp=ygUdYXp0diBoyZlkyZlmIMOcbXVtbWlsbGkgbGlkZXI%3D\">https:\/\/m.youtube.com\/watch?v=a5MVoRUqF2w&amp;pp=ygUdYXp0diBoyZlkyZlmIMOcbXVtbWlsbGkgbGlkZXI%3D<\/a><\/b><\/p>\t\t\t\t\t<\/div>\n\t\t\t\t\t\t<\/div>\n\t\t\t\t<\/div>\n\t\t\t\t\t\t<\/div>\n\t\t\t\t\t<\/div>\n\t\t<\/div>\n\t\t\t\t\t\t\t\t<\/div>\n\t\t\t\t\t<\/div>\n\t\t<\/section>\n\t\t\t\t\t\t<\/div>\n\t\t\t\t\t\t<\/div>\n\t\t\t\t\t<\/div>","protected":false},"excerpt":{"rendered":"<p>Az\u0259rbaycan Respublikas\u0131n\u0131n Prezidenti yan\u0131nda D\u00f6vl\u0259t \u0130dar\u0259\u00e7ilik Akademiyas\u0131n\u0131n rektoru, akademik Urxan \u018fl\u0259kb\u0259rov AZTV&#8217; d\u0259 \u00dcmummilli lider Heyd\u0259r \u018fliyevin an\u0131m g\u00fcn\u00fcnd\u0259 \u00e7\u0131x\u0131\u015f etmi\u015fdir. \u00c7\u0131x\u0131\u015f\u0131n videolinkini t\u0259qdim edirik. https:\/\/m.youtube.com\/watch?v=a5MVoRUqF2w&amp;pp=ygUdYXp0diBoyZlkyZlmIMOcbXVtbWlsbGkgbGlkZXI%3D<\/p>","protected":false},"author":2,"featured_media":28754,"comment_status":"closed","ping_status":"closed","sticky":false,"template":"","format":"standard","meta":[],"categories":[137],"tags":[],"_links":{"self":[{"href":"https:\/\/legacy.dia.edu.az\/en\/wp-json\/wp\/v2\/posts\/28766"}],"collection":[{"href":"https:\/\/legacy.dia.edu.az\/en\/wp-json\/wp\/v2\/posts"}],"about":[{"href":"https:\/\/legacy.dia.edu.az\/en\/wp-json\/wp\/v2\/types\/post"}],"author":[{"embeddable":true,"href":"https:\/\/legacy.dia.edu.az\/en\/wp-json\/wp\/v2\/users\/2"}],"replies":[{"embeddable":true,"href":"https:\/\/legacy.dia.edu.az\/en\/wp-json\/wp\/v2\/comments?post=28766"}],"version-history":[{"count":7,"href":"https:\/\/legacy.dia.edu.az\/en\/wp-json\/wp\/v2\/posts\/28766\/revisions"}],"predecessor-version":[{"id":28773,"href":"https:\/\/legacy.dia.edu.az\/en\/wp-json\/wp\/v2\/posts\/28766\/revisions\/28773"}],"wp:featuredmedia":[{"embeddable":true,"href":"https:\/\/legacy.dia.edu.az\/en\/wp-json\/wp\/v2\/media\/28754"}],"wp:attachment":[{"href":"https:\/\/legacy.dia.edu.az\/en\/wp-json\/wp\/v2\/media?parent=28766"}],"wp:term":[{"taxonomy":"category","embeddable":true,"href":"https:\/\/legacy.dia.edu.az\/en\/wp-json\/wp\/v2\/categories?post=28766"},{"taxonomy":"post_tag","embeddable":true,"href":"https:\/\/legacy.dia.edu.az\/en\/wp-json\/wp\/v2\/tags?post=28766"}],"curies":[{"name":"wp","href":"https:\/\/api.w.org\/{rel}","templated":true}]}}