{"id":28727,"date":"2025-12-12T15:00:27","date_gmt":"2025-12-12T11:00:27","guid":{"rendered":"https:\/\/dia.edu.az\/?p=28727"},"modified":"2025-12-12T15:01:48","modified_gmt":"2025-12-12T11:01:48","slug":"umummilli-lider-heyd%c9%99r-%c9%99liyevin-dovl%c9%99tcilik-f%c9%99aliyy%c9%99tin%c9%99-h%c9%99sr-olunmus-suverenlik-f%c9%99ls%c9%99f%c9%99si-movzusunda-respublika-elmi-konfransi-bas","status":"publish","type":"post","link":"https:\/\/legacy.dia.edu.az\/en\/arxivl\u0259r\/28727","title":{"rendered":"\u00dcmummilli lider Heyd\u0259r \u018fliyevin d\u00f6vl\u0259t\u00e7ilik f\u0259aliyy\u0259tin\u0259 h\u0259sr olunmu\u015f \u201cSuverenlik f\u0259ls\u0259f\u0259si\u201d m\u00f6vzusunda Respublika elmi konfrans\u0131 ba\u015f tutmu\u015fdur"},"content":{"rendered":"<div data-elementor-type=\"wp-post\" data-elementor-id=\"28727\" class=\"elementor elementor-28727\" data-elementor-settings=\"[]\">\n\t\t\t\t\t\t<div class=\"elementor-inner\">\n\t\t\t\t\t\t\t<div class=\"elementor-section-wrap\">\n\t\t\t\t\t\t\t<section class=\"elementor-section elementor-top-section elementor-element elementor-element-1a03e90 elementor-section-boxed elementor-section-height-default elementor-section-height-default\" data-id=\"1a03e90\" data-element_type=\"section\">\n\t\t\t\t\t\t<div class=\"elementor-container elementor-column-gap-default\">\n\t\t\t\t\t\t\t<div class=\"elementor-row\">\n\t\t\t\t\t<div class=\"elementor-column elementor-col-100 elementor-top-column elementor-element elementor-element-cca33f0\" data-id=\"cca33f0\" data-element_type=\"column\">\n\t\t\t<div class=\"elementor-column-wrap elementor-element-populated\">\n\t\t\t\t\t\t\t<div class=\"elementor-widget-wrap\">\n\t\t\t\t\t\t<div class=\"elementor-element elementor-element-088ab12 elementor-widget elementor-widget-text-editor\" data-id=\"088ab12\" data-element_type=\"widget\" data-widget_type=\"text-editor.default\">\n\t\t\t\t<div class=\"elementor-widget-container\">\n\t\t\t\t\t\t\t\t<div class=\"elementor-text-editor elementor-clearfix\">\n\t\t\t\t\t<p style=\"margin:0cm;text-align:justify;text-indent:36.0pt;line-height:150%\"><strong><span lang=\"AZ-LATIN\" style=\"font-family:&quot;Arial&quot;,sans-serif;mso-ansi-language:AZ-LATIN;font-weight:normal\">11 dekabr 2025-ci il tarixind\u0259<\/span><\/strong><span lang=\"AZ-LATIN\" style=\"font-family:&quot;Arial&quot;,sans-serif;mso-ansi-language:AZ-LATIN\">\nAz\u0259rbaycan Respublikas\u0131n\u0131n Prezidenti yan\u0131nda D\u00f6vl\u0259t \u0130dar\u0259\u00e7ilik Akademiyas\u0131nda\n(D\u0130A) \u00dcmummilli Lider Heyd\u0259r \u018fliyevin d\u00f6vl\u0259t\u00e7ilik f\u0259aliyy\u0259tin\u0259 h\u0259sr olunmu\u015f <strong><span style=\"font-weight: normal;\">\u201cSuverenlik\nf\u0259ls\u0259f\u0259si\u201d<\/span><\/strong> m\u00f6vzusunda Respublika elmi konfrans\u0131 ke\u00e7irilmi\u015fdir.<o:p><\/o:p><\/span><\/p><p style=\"margin:0cm;text-align:justify;text-indent:36.0pt;line-height:150%\"><span lang=\"AZ-LATIN\" style=\"font-family:&quot;Arial&quot;,sans-serif;mso-ansi-language:AZ-LATIN\">Konfransdan\n\u00f6nc\u0259 i\u015ftirak\u00e7\u0131lar \u00dcmummilli Lider Heyd\u0259r \u018fliyevin&nbsp; Akademiyadak\u0131 b\u00fcst\u00fcn\u00fc ziyar\u0259t ed\u0259r\u0259k onun\nxatir\u0259sini ehtiramla yad etmi\u015fl\u0259r.<o:p><\/o:p><\/span><\/p><p style=\"margin:0cm;text-align:justify;text-indent:36.0pt;line-height:150%\"><span lang=\"AZ-LATIN\" style=\"font-family:&quot;Arial&quot;,sans-serif;mso-ansi-language:AZ-LATIN\">Konfrans\nplenar iclasla i\u015fin\u0259 ba\u015flam\u0131\u015fd\u0131r. \u018fvv\u0259lc\u0259 \u00dcmummilli Lider <strong><span style=\"font-weight: normal;\">Heyd\u0259r \u018fliyevin \u0259ziz\nxatir\u0259si<\/span><\/strong> bir d\u0259qiq\u0259lik s\u00fckutla yad edilmi\u015f, ard\u0131nca <strong><span style=\"font-weight: normal;\">Az\u0259rbaycan\nRespublikas\u0131n\u0131n D\u00f6vl\u0259t Himni<\/span><\/strong> s\u0259sl\u0259ndirilmi\u015fdir.<o:p><\/o:p><\/span><\/p><p style=\"margin:0cm;text-align:justify;text-indent:36.0pt;line-height:150%\"><span lang=\"AZ-LATIN\" style=\"font-family:&quot;Arial&quot;,sans-serif;mso-ansi-language:AZ-LATIN\">Konfrans\u0131n\na\u00e7\u0131l\u0131\u015f\u0131nda \u00e7\u0131x\u0131\u015f ed\u0259n D\u0130A-n\u0131n rektoru, akademik <strong><span style=\"font-weight: normal;\">Urxan \u018fl\u0259kb\u0259rov<\/span><\/strong>\n\u00dcmummilli Lider Heyd\u0259r \u018fliyevin Az\u0259rbaycan\u0131n d\u00f6vl\u0259t\u00e7ilik tarixind\u0259 misilsiz\nxidm\u0259tl\u0259ri bar\u0259d\u0259 dan\u0131\u015fm\u0131\u015fd\u0131r. Rektor qeyd etmi\u015fdir ki, Az\u0259rbaycan d\u00f6vl\u0259tinin\nxilaskar\u0131 olan Heyd\u0259r \u018fliyev b\u00fct\u00fcn h\u0259yat\u0131n\u0131 xalq\u0131n m\u00fcst\u0259qilliyin\u0259, \u00f6lk\u0259nin\nsabitliyi v\u0259 t\u0259r\u0259qqisin\u0259 h\u0259sr etmi\u015fdir.<o:p><\/o:p><\/span><\/p><p style=\"margin:0cm;text-align:justify;text-indent:36.0pt;line-height:150%\"><span lang=\"AZ-LATIN\" style=\"font-family:&quot;Arial&quot;,sans-serif;mso-ansi-language:AZ-LATIN\">Rektor\nvur\u011fulam\u0131\u015fd\u0131r ki, <strong><span style=\"font-weight: normal;\">suverenlik f\u0259ls\u0259f\u0259si<\/span><\/strong> m\u00f6vzusu t\u0259sad\u00fcfi\nse\u00e7ilm\u0259mi\u015fdir. Heyd\u0259r \u018fliyevin d\u00f6vl\u0259t\u00e7ilik konsepsiyas\u0131, suverenlik ideyalar\u0131\nv\u0259 h\u00fcquqi d\u00f6vl\u0259t quruculu\u011fu prinsipl\u0259ri m\u00fcasir Az\u0259rbaycan\u0131n ideoloji, siyasi v\u0259\niqtisadi t\u0259m\u0259ll\u0259rini formala\u015fd\u0131rm\u0131\u015fd\u0131r. M\u0259hz \u00dcmummilli Liderin r\u0259hb\u0259rliyi il\u0259\nat\u0131lan fundamental add\u0131mlar n\u0259tic\u0259sind\u0259 Az\u0259rbaycan q\u0131sa m\u00fcdd\u0259td\u0259 da\u011f\u0131lmaq\nt\u0259hl\u00fck\u0259sind\u0259n xilas olaraq sabit, g\u00fccl\u00fc v\u0259 m\u00fcst\u0259qil d\u00f6vl\u0259t\u0259 \u00e7evrilmi\u015fdir.<o:p><\/o:p><\/span><\/p><p style=\"margin:0cm;text-align:justify;text-indent:36.0pt;line-height:150%\"><span lang=\"AZ-LATIN\" style=\"font-family:&quot;Arial&quot;,sans-serif;mso-ansi-language:AZ-LATIN\">Rektor\nh\u0259m\u00e7inin qeyd etmi\u015fdir ki, <strong><span style=\"font-weight: normal;\">Prezident \u0130lham \u018fliyevin<\/span><\/strong> h\u0259yata ke\u00e7irdiyi\nard\u0131c\u0131l v\u0259 praqmatik siyas\u0259t n\u0259tic\u0259sind\u0259 bu strateji kurs daha da g\u00fccl\u0259nmi\u015f,\nAz\u0259rbaycan regionun lider d\u00f6vl\u0259ti, 44 g\u00fcnl\u00fck V\u0259t\u0259n m\u00fcharib\u0259sinin qalibi kimi\nbeyn\u0259lxalq arenada n\u00fcfuzunu art\u0131rm\u0131\u015fd\u0131r. <o:p><\/o:p><\/span><\/p><p class=\"MsoNormal\" style=\"margin-bottom:0cm;text-align:justify;text-indent:36.0pt;line-height:150%\"><span lang=\"AZ-LATIN\" style=\"font-size:12.0pt;line-height:150%;font-family:&quot;Arial&quot;,sans-serif;mso-ansi-language:AZ-LATIN\">Konfrans\n\u00e7\u0259r\u00e7iv\u0259sind\u0259 d\u00f6vl\u0259t\u00e7ilik f\u0259ls\u0259f\u0259si, suverenlik, h\u00fcquqi v\u0259 ideoloji \u0259saslar \u00fczr\u0259\ngeni\u015f m\u0259ruz\u0259l\u0259r t\u0259qdim edilmi\u015fdir. <o:p><\/o:p><\/span><\/p><p class=\"MsoNormal\" style=\"margin-bottom:0cm;text-align:justify;text-indent:36.0pt;line-height:150%\"><span lang=\"AZ-LATIN\" style=\"font-size:12.0pt;line-height:150%;font-family:&quot;Arial&quot;,sans-serif;mso-ansi-language:AZ-LATIN\">Milli\nM\u0259clisin \u0130qtisadi siyas\u0259t, s\u0259naye v\u0259 sahibkarl\u0131q&nbsp; Komit\u0259sinin s\u0259dri,&nbsp; D\u0130A -n\u0131n \u0130qtisadiyyat\u0131n D\u00f6vl\u0259t t\u0259nziml\u0259nm\u0259si\nkafedras\u0131n\u0131n m\u00fcdiri, dosent &nbsp;Az\u0259r\n\u018fmiraslanov \u201c<span style=\"letter-spacing:-.3pt\">Az\u0259rbaycan\u0131n d\u00f6vl\u0259t\nsuverenliyinin iqtisadi \u0259saslar\u0131n\u0131n yarad\u0131lmas\u0131 \u00dcmummilli Lider Heyd\u0259r \u018fliyevin\ntarixi xidm\u0259tidir\u201d m\u00f6vzusunda \u00e7\u0131x\u0131\u015f etmi\u015fdir. O, 1990 -c\u0131 ill\u0259rin \u0259vv\u0259ll\u0259rind\u0259\ng\u0259rgin iqtisadi v\u0259ziyy\u0259t fonunda Ulu \u00d6nd\u0259r Heyd\u0259r \u018fliyevin hakimiyy\u0259t\u0259 g\u0259l\u0259r\u0259k\nAz\u0259rbaycan\u0131 xilas etm\u0259si, apard\u0131\u011f\u0131 iqtisadi islahalatlar v\u0259 haz\u0131rda \u00f6lk\u0259mizin\niqtisadi g\u00f6st\u0259ricil\u0259ri,&nbsp; apar\u0131lan\niqtisadi siyas\u0259t haqq\u0131nda dan\u0131\u015fm\u0131\u015fd\u0131r. <o:p><\/o:p><\/span><\/span><\/p><p class=\"MsoNormal\" style=\"margin-bottom:0cm;text-align:justify;text-indent:36.0pt;line-height:150%\"><strong><span lang=\"AZ-LATIN\" style=\"font-size:12.0pt;line-height:150%;font-family:&quot;Arial&quot;,sans-serif;mso-ansi-language:AZ-LATIN;font-weight:normal\">Milli M\u0259clisin deputat\u0131<\/span><\/strong><span lang=\"AZ-LATIN\" style=\"font-size:12.0pt;line-height:150%;font-family:&quot;Arial&quot;,sans-serif;mso-ansi-language:AZ-LATIN\">, D\u0130A-n\u0131n \u201cD\u00f6vl\u0259t qullu\u011fu v\u0259 kadr siyas\u0259ti\u201d\nkafedras\u0131n\u0131n m\u00fcdiri, professor <strong><span style=\"font-weight: normal;\">Hikm\u0259t Babao\u011flu<\/span><\/strong><br>\n<strong><span style=\"font-weight: normal;\">\u201cAz\u0259rbaycan\u0131n\nd\u00f6vl\u0259t suverenliyinin siyasi \u0259saslar\u0131\u201d<\/span><\/strong> m\u00f6vzusunda \u00e7\u0131x\u0131\u015f ed\u0259r\u0259k\nUlu \u00d6nd\u0259rin siyasi islahatlar\u0131, d\u00f6vl\u0259t quruculu\u011fu v\u0259 hakimiyy\u0259t institutlar\u0131n\u0131n\nformala\u015fmas\u0131&nbsp; istiqam\u0259tind\u0259 atd\u0131\u011f\u0131\nadd\u0131mlar\u0131 v\u0259 m\u00fcasir Az\u0259rbaycan Respublikas\u0131n\u0131n daxili v\u0259 xarici siyas\u0259t aspektl\u0259ri\nhaqq\u0131nda \u00e7\u0131x\u0131\u015f etmi\u015fdir. <o:p><\/o:p><\/span><\/p><p class=\"MsoNormal\" style=\"margin-bottom:0cm;text-align:justify;text-indent:36.0pt;line-height:150%\"><span lang=\"AZ-LATIN\" style=\"font-size:12.0pt;line-height:150%;font-family:&quot;Arial&quot;,sans-serif;mso-ansi-language:AZ-LATIN\">D\u0130A\n\u201cH\u00fcquq\u201d kafedras\u0131n\u0131n m\u00fcdiri, h\u00fcquq elml\u0259ri doktoru, professor <strong><span style=\"font-weight: normal;\">\u0130saxan V\u0259liyev<\/span><\/strong><br>\n<strong><span style=\"font-weight: normal;\">\u201cAz\u0259rbaycan\nRespublikas\u0131n\u0131n Konstitusiyas\u0131: suverenlik manifesti\u201d<\/span><\/strong>\nm\u00f6vzusunda \u00e7\u0131x\u0131\u015f ed\u0259r\u0259k 1995-ci ild\u0259 Konstitusiyas\u0131n\u0131n q\u0259bulu, h\u00fcquqi d\u00f6vl\u0259t\nquruculu\u011funun \u0259sas m\u0259rh\u0259l\u0259l\u0259ri v\u0259 konstitusiya islahatlar\u0131n\u0131n \u0259h\u0259miyy\u0259tind\u0259n b\u0259hs\netmi\u015fdir.<o:p><\/o:p><\/span><\/p><p class=\"MsoNormal\" style=\"margin-bottom:0cm;text-align:justify;text-indent:36.0pt;line-height:150%\"><span lang=\"AZ-LATIN\" style=\"font-size:12.0pt;line-height:150%;font-family:&quot;Arial&quot;,sans-serif;mso-ansi-language:AZ-LATIN\">D\u0130A\n\u201cTarix\u201d kafedras\u0131n\u0131n m\u00fcdiri, tarix \u00fczr\u0259 f\u0259ls\u0259f\u0259 doktoru, dosent <strong><span style=\"font-weight: normal;\">Firdovsiyy\u0259 \u018fhm\u0259dova<\/span><\/strong>\n<strong><span style=\"font-weight: normal;\">\u201cAz\u0259rbaycan\nd\u00f6vl\u0259t\u00e7iliyind\u0259 modernl\u0259\u015fm\u0259nin tarixi-ideoloji \u0259saslar\u0131\u201d<\/span><\/strong>\nm\u00f6vzusunda m\u0259ruz\u0259 ed\u0259r\u0259k q\u0259dim d\u00f6vrl\u0259rd\u0259n ba\u015flayaraq m\u00fcasir d\u00f6vr\u0259 q\u0259d\u0259r d\u00f6vl\u0259t\u00e7ilik\n\u0259n\u0259n\u0259l\u0259rinin inki\u015faf\u0131, modernl\u0259\u015fm\u0259 prosesl\u0259ri bar\u0259d\u0259 elmi m\u00fclahiz\u0259l\u0259rini t\u0259qdim\netmi\u015fdir.<o:p><\/o:p><\/span><\/p><p class=\"MsoNormal\" style=\"margin-bottom:0cm;text-align:justify;text-indent:36.0pt;line-height:150%\"><span lang=\"AZ-LATIN\" style=\"font-size:12.0pt;line-height:150%;font-family:&quot;Arial&quot;,sans-serif;mso-fareast-font-family:&quot;Times New Roman&quot;;mso-ansi-language:AZ-LATIN\">Plenar iclasdan sonra konfrans iki b\u00f6lm\u0259 \u00fczr\u0259 i\u015fini\ndavam etdirmi\u015fdir. Birinci panel D\u0130A-n\u0131n I prorektoru \u018flikram Abdullayevin moderatorlu\u011fu\nil\u0259 ke\u00e7irilmi\u015f, \u201cF\u0259ls\u0259f\u0259 v\u0259 sosial psixologiya\u201d kafedras\u0131n\u0131n m\u00fc\u0259lliml\u0259ri\nm\u00f6vzuya dair elmi \u00e7\u0131x\u0131\u015flar etmi\u015fl\u0259r.&nbsp;\n\u0130kinci panel siyasi elml\u0259r doktoru, professor Sevil M\u0259mm\u0259dovan\u0131n\ns\u0259drliyi il\u0259 t\u0259\u015fkil olunmu\u015f, burada D\u0130A T\u0259l\u0259b\u0259 Elmi C\u0259miyy\u0259tinin \u00fczvl\u0259ri \u00f6z\nt\u0259dqiqatlar\u0131n\u0131 t\u0259qdim etmi\u015fl\u0259r. <o:p><\/o:p><\/span><\/p><p>\n\n\n\n\n\n\n\n\n\n\n\n\n\n\n\n\n\n\n\n\n\n\n\n<\/p><p class=\"MsoNormal\" style=\"margin-bottom:0cm;text-align:justify;text-indent:36.0pt;line-height:150%\"><span lang=\"AZ-LATIN\" style=\"font-size:12.0pt;line-height:150%;font-family:&quot;Arial&quot;,sans-serif;mso-ansi-language:AZ-LATIN\">Konfrans\u0131n\nsonunda \u00fcmumi m\u00fczakir\u0259l\u0259r apar\u0131lm\u0131\u015f, i\u015ftirak\u00e7\u0131lar\u0131n suallar\u0131 cavabland\u0131r\u0131lm\u0131\u015f v\u0259\nt\u0259dbir <strong><span style=\"font-weight: normal;\">\u00fcmumi\nxatir\u0259 fotosu<\/span><\/strong> il\u0259 yekunla\u015fm\u0131\u015fd\u0131r.<\/span><span lang=\"AZ-LATIN\" style=\"font-size:12.0pt;line-height:150%;font-family:&quot;Arial&quot;,sans-serif;mso-fareast-font-family:&quot;Times New Roman&quot;;mso-ansi-language:AZ-LATIN\"><o:p><\/o:p><\/span><\/p>\t\t\t\t\t<\/div>\n\t\t\t\t\t\t<\/div>\n\t\t\t\t<\/div>\n\t\t\t\t\t\t<\/div>\n\t\t\t\t\t<\/div>\n\t\t<\/div>\n\t\t\t\t\t\t\t\t<\/div>\n\t\t\t\t\t<\/div>\n\t\t<\/section>\n\t\t\t\t<section class=\"elementor-section elementor-top-section elementor-element elementor-element-e4db21e elementor-section-boxed elementor-section-height-default elementor-section-height-default\" data-id=\"e4db21e\" data-element_type=\"section\">\n\t\t\t\t\t\t<div class=\"elementor-container elementor-column-gap-default\">\n\t\t\t\t\t\t\t<div class=\"elementor-row\">\n\t\t\t\t\t<div class=\"elementor-column elementor-col-100 elementor-top-column elementor-element elementor-element-f58106d\" data-id=\"f58106d\" data-element_type=\"column\">\n\t\t\t<div class=\"elementor-column-wrap elementor-element-populated\">\n\t\t\t\t\t\t\t<div class=\"elementor-widget-wrap\">\n\t\t\t\t\t\t<div class=\"elementor-element elementor-element-5f53d5a elementor-arrows-position-inside elementor-pagination-position-outside elementor-widget elementor-widget-image-carousel\" data-id=\"5f53d5a\" data-element_type=\"widget\" data-settings=\"{&quot;navigation&quot;:&quot;both&quot;,&quot;autoplay&quot;:&quot;yes&quot;,&quot;pause_on_hover&quot;:&quot;yes&quot;,&quot;pause_on_interaction&quot;:&quot;yes&quot;,&quot;autoplay_speed&quot;:5000,&quot;infinite&quot;:&quot;yes&quot;,&quot;speed&quot;:500}\" data-widget_type=\"image-carousel.default\">\n\t\t\t\t<div class=\"elementor-widget-container\">\n\t\t\t\t\t<div class=\"elementor-image-carousel-wrapper swiper-container\" dir=\"ltr\">\n\t\t\t<div class=\"elementor-image-carousel swiper-wrapper\">\n\t\t\t\t<div class=\"swiper-slide\"><figure class=\"swiper-slide-inner\"><img class=\"swiper-slide-image\" src=\"https:\/\/legacy.dia.edu.az\/wp-content\/uploads\/2025\/12\/5-1-150x150.jpg\" alt=\"\" \/><\/figure><\/div><div class=\"swiper-slide\"><figure class=\"swiper-slide-inner\"><img class=\"swiper-slide-image\" src=\"https:\/\/legacy.dia.edu.az\/wp-content\/uploads\/2025\/12\/4-1-150x150.jpg\" alt=\"\" \/><\/figure><\/div><div class=\"swiper-slide\"><figure class=\"swiper-slide-inner\"><img class=\"swiper-slide-image\" src=\"https:\/\/legacy.dia.edu.az\/wp-content\/uploads\/2025\/12\/3-1-150x150.jpg\" alt=\"\" \/><\/figure><\/div><div class=\"swiper-slide\"><figure class=\"swiper-slide-inner\"><img class=\"swiper-slide-image\" src=\"https:\/\/legacy.dia.edu.az\/wp-content\/uploads\/2025\/12\/2-1-150x150.jpg\" alt=\"\" \/><\/figure><\/div><div class=\"swiper-slide\"><figure class=\"swiper-slide-inner\"><img class=\"swiper-slide-image\" src=\"https:\/\/legacy.dia.edu.az\/wp-content\/uploads\/2025\/12\/1-2-150x150.jpg\" alt=\"\" \/><\/figure><\/div>\t\t\t<\/div>\n\t\t\t\t\t\t\t\t\t\t\t\t<div class=\"swiper-pagination\"><\/div>\n\t\t\t\t\t\t\t\t\t\t\t\t\t<div class=\"elementor-swiper-button elementor-swiper-button-prev\">\n\t\t\t\t\t\t<i class=\"eicon-chevron-left\" aria-hidden=\"true\"><\/i>\n\t\t\t\t\t\t<span class=\"elementor-screen-only\">Previous<\/span>\n\t\t\t\t\t<\/div>\n\t\t\t\t\t<div class=\"elementor-swiper-button elementor-swiper-button-next\">\n\t\t\t\t\t\t<i class=\"eicon-chevron-right\" aria-hidden=\"true\"><\/i>\n\t\t\t\t\t\t<span class=\"elementor-screen-only\">Next<\/span>\n\t\t\t\t\t<\/div>\n\t\t\t\t\t\t\t\t\t<\/div>\n\t\t\t\t<\/div>\n\t\t\t\t<\/div>\n\t\t\t\t\t\t<\/div>\n\t\t\t\t\t<\/div>\n\t\t<\/div>\n\t\t\t\t\t\t\t\t<\/div>\n\t\t\t\t\t<\/div>\n\t\t<\/section>\n\t\t\t\t\t\t<\/div>\n\t\t\t\t\t\t<\/div>\n\t\t\t\t\t<\/div>","protected":false},"excerpt":{"rendered":"<p>11 dekabr 2025-ci il tarixind\u0259 Az\u0259rbaycan Respublikas\u0131n\u0131n Prezidenti yan\u0131nda D\u00f6vl\u0259t \u0130dar\u0259\u00e7ilik Akademiyas\u0131nda (D\u0130A) \u00dcmummilli Lider Heyd\u0259r \u018fliyevin d\u00f6vl\u0259t\u00e7ilik f\u0259aliyy\u0259tin\u0259 h\u0259sr olunmu\u015f \u201cSuverenlik f\u0259ls\u0259f\u0259si\u201d m\u00f6vzusunda Respublika elmi konfrans\u0131 ke\u00e7irilmi\u015fdir. Konfransdan \u00f6nc\u0259 i\u015ftirak\u00e7\u0131lar \u00dcmummilli Lider Heyd\u0259r \u018fliyevin&nbsp; Akademiyadak\u0131 b\u00fcst\u00fcn\u00fc ziyar\u0259t ed\u0259r\u0259k onun xatir\u0259sini ehtiramla yad etmi\u015fl\u0259r. Konfrans plenar iclasla i\u015fin\u0259 ba\u015flam\u0131\u015fd\u0131r. \u018fvv\u0259lc\u0259 \u00dcmummilli Lider Heyd\u0259r \u018fliyevin \u0259ziz [&hellip;]<\/p>","protected":false},"author":2,"featured_media":28729,"comment_status":"closed","ping_status":"closed","sticky":false,"template":"","format":"standard","meta":[],"categories":[137],"tags":[],"_links":{"self":[{"href":"https:\/\/legacy.dia.edu.az\/en\/wp-json\/wp\/v2\/posts\/28727"}],"collection":[{"href":"https:\/\/legacy.dia.edu.az\/en\/wp-json\/wp\/v2\/posts"}],"about":[{"href":"https:\/\/legacy.dia.edu.az\/en\/wp-json\/wp\/v2\/types\/post"}],"author":[{"embeddable":true,"href":"https:\/\/legacy.dia.edu.az\/en\/wp-json\/wp\/v2\/users\/2"}],"replies":[{"embeddable":true,"href":"https:\/\/legacy.dia.edu.az\/en\/wp-json\/wp\/v2\/comments?post=28727"}],"version-history":[{"count":4,"href":"https:\/\/legacy.dia.edu.az\/en\/wp-json\/wp\/v2\/posts\/28727\/revisions"}],"predecessor-version":[{"id":28737,"href":"https:\/\/legacy.dia.edu.az\/en\/wp-json\/wp\/v2\/posts\/28727\/revisions\/28737"}],"wp:featuredmedia":[{"embeddable":true,"href":"https:\/\/legacy.dia.edu.az\/en\/wp-json\/wp\/v2\/media\/28729"}],"wp:attachment":[{"href":"https:\/\/legacy.dia.edu.az\/en\/wp-json\/wp\/v2\/media?parent=28727"}],"wp:term":[{"taxonomy":"category","embeddable":true,"href":"https:\/\/legacy.dia.edu.az\/en\/wp-json\/wp\/v2\/categories?post=28727"},{"taxonomy":"post_tag","embeddable":true,"href":"https:\/\/legacy.dia.edu.az\/en\/wp-json\/wp\/v2\/tags?post=28727"}],"curies":[{"name":"wp","href":"https:\/\/api.w.org\/{rel}","templated":true}]}}