{"id":28637,"date":"2025-12-08T15:25:28","date_gmt":"2025-12-08T11:25:28","guid":{"rendered":"https:\/\/dia.edu.az\/?p=28637"},"modified":"2025-12-08T15:26:36","modified_gmt":"2025-12-08T11:26:36","slug":"naxcivan-muxtar-respublikasinin-dovl%c9%99t-qulluqculari-ucun-t%c9%99lim-kecirilmisdir","status":"publish","type":"post","link":"https:\/\/legacy.dia.edu.az\/en\/arxivl\u0259r\/28637","title":{"rendered":"Nax\u00e7\u0131van Muxtar Respublikas\u0131n\u0131n d\u00f6vl\u0259t qulluq\u00e7ular\u0131 \u00fc\u00e7\u00fcn t\u0259lim ke\u00e7irilmi\u015fdir"},"content":{"rendered":"<div data-elementor-type=\"wp-post\" data-elementor-id=\"28637\" class=\"elementor elementor-28637\" data-elementor-settings=\"[]\">\n\t\t\t\t\t\t<div class=\"elementor-inner\">\n\t\t\t\t\t\t\t<div class=\"elementor-section-wrap\">\n\t\t\t\t\t\t\t<section class=\"elementor-section elementor-top-section elementor-element elementor-element-d3f566e elementor-section-boxed elementor-section-height-default elementor-section-height-default\" data-id=\"d3f566e\" data-element_type=\"section\">\n\t\t\t\t\t\t<div class=\"elementor-container elementor-column-gap-default\">\n\t\t\t\t\t\t\t<div class=\"elementor-row\">\n\t\t\t\t\t<div class=\"elementor-column elementor-col-100 elementor-top-column elementor-element elementor-element-6a857f8\" data-id=\"6a857f8\" data-element_type=\"column\">\n\t\t\t<div class=\"elementor-column-wrap elementor-element-populated\">\n\t\t\t\t\t\t\t<div class=\"elementor-widget-wrap\">\n\t\t\t\t\t\t<div class=\"elementor-element elementor-element-2b1ba67 elementor-widget elementor-widget-text-editor\" data-id=\"2b1ba67\" data-element_type=\"widget\" data-widget_type=\"text-editor.default\">\n\t\t\t\t<div class=\"elementor-widget-container\">\n\t\t\t\t\t\t\t\t<div class=\"elementor-text-editor elementor-clearfix\">\n\t\t\t\t\t<p class=\"MsoNormal\" style=\"text-align:justify;text-indent:36.0pt\"><span style=\"font-size:12.0pt;line-height:107%;font-family:&quot;Times New Roman&quot;,serif;mso-fareast-font-family:&quot;Times New Roman&quot;\">\u201cNax\u00e7\u0131van Muxtar Respublikas\u0131n\u0131n\nsosial-iqtisadi inki\u015faf\u0131na dair 2023\u20132027-ci ill\u0259r \u00fc\u00e7\u00fcn D\u00f6vl\u0259t Proqram\u0131\u201dn\u0131n\n2025\u20132027-ci ill\u0259ri \u0259hat\u0259 ed\u0259n T\u0259fsilatl\u0131 T\u0259dbirl\u0259r Plan\u0131nda Az\u0259rbaycan\nRespublikas\u0131n\u0131n Prezidenti yan\u0131nda D\u00f6vl\u0259t \u0130dar\u0259\u00e7ilik Akademiyas\u0131na (D\u0130A) h\u0259val\u0259\nedilmi\u015f t\u0259dbirl\u0259rin icras\u0131 \u00e7\u0259r\u00e7iv\u0259sind\u0259 Nax\u00e7\u0131van Muxtar Respublikas\u0131n\u0131n m\u0259rk\u0259zi\nicra hakimiyy\u0259ti orqanlar\u0131nda f\u0259aliyy\u0259t g\u00f6st\u0259r\u0259n d\u00f6vl\u0259t qulluq\u00e7ular\u0131 \u00fc\u00e7\u00fcn\n\u201cV\u0259t\u0259nda\u015f m\u00fcraci\u0259tl\u0259rin\u0259 bax\u0131lmas\u0131 v\u0259 m\u00fcraci\u0259tl\u0259rl\u0259 \u0259laq\u0259dar karg\u00fczarl\u0131\u011f\u0131n\napar\u0131lmas\u0131n\u0131n xarakterik c\u0259h\u0259tl\u0259ri\u201d m\u00f6vzusunda t\u0259lim ke\u00e7irilmi\u015fdir.<o:p><\/o:p><\/span><\/p><p class=\"MsoNormal\" style=\"text-align:justify;text-indent:36.0pt\"><span style=\"font-size:12.0pt;line-height:107%;font-family:&quot;Times New Roman&quot;,serif;mso-fareast-font-family:&quot;Times New Roman&quot;\">T\u0259lim D\u0130A-n\u0131n \u201cH\u00fcquq\u201d kafedras\u0131n\u0131n\nm\u00fc\u0259llimi, h\u00fcquq \u00fczr\u0259 f\u0259ls\u0259f\u0259 doktoru Seyfulla Aslanov t\u0259r\u0259find\u0259n t\u0259qdim\nolunmu\u015fdur. T<\/span><span lang=\"AZ-LATIN\" style=\"font-size:12.0pt;line-height:107%;font-family:&quot;Times New Roman&quot;,serif;mso-fareast-font-family:&quot;Times New Roman&quot;;mso-ansi-language:AZ-LATIN\">\u0259lim\u00e7i<\/span><span style=\"font-size:12.0pt;line-height:107%;font-family:&quot;Times New Roman&quot;,serif;mso-fareast-font-family:&quot;Times New Roman&quot;\"> \u00f6z \u00e7\u0131x\u0131\u015f\u0131nda v\u0259t\u0259nda\u015f m\u00fcraci\u0259tl\u0259rin\u0259 bax\u0131lmas\u0131 prosesinin\nd\u00f6vl\u0259t idar\u0259\u00e7iliyind\u0259 \u015f\u0259ffafl\u0131q, m\u0259suliyy\u0259t v\u0259 operativliyin t\u0259min edilm\u0259sind\u0259\nm\u00fch\u00fcm rol oynad\u0131\u011f\u0131n\u0131 vur\u011fulam\u0131\u015fd\u0131r.<o:p><\/o:p><\/span><\/p><p class=\"MsoNormal\" style=\"text-align:justify;text-indent:36.0pt\"><span style=\"font-size:12.0pt;line-height:107%;font-family:&quot;Times New Roman&quot;,serif;mso-fareast-font-family:&quot;Times New Roman&quot;\">T\u0259lim m\u00fcdd\u0259tind\u0259 i\u015ftirak\u00e7\u0131lara\nm\u00fcraci\u0259tl\u0259rin q\u0259bulu v\u0259 icras\u0131na dair h\u00fcquqi t\u0259l\u0259bl\u0259r, m\u00fcraci\u0259tl\u0259rin t\u0259snifat\u0131,\ns\u0259n\u0259d d\u00f6vriyy\u0259sinin d\u00fczg\u00fcn t\u0259\u015fkili, icra intizam\u0131n\u0131n t\u0259min olunmas\u0131, cavablar\u0131n\nhaz\u0131rlanmas\u0131 v\u0259 r\u0259smil\u0259\u015fdirilm\u0259si qaydalar\u0131 bar\u0259d\u0259 \u0259trafl\u0131 m\u0259lumat verilmi\u015fdir.\nBununla yana\u015f\u0131, m\u00fcraci\u0259tl\u0259r\u0259 bax\u0131lma prosesind\u0259 etik davran\u0131\u015f normalar\u0131,\nv\u0259t\u0259nda\u015f m\u0259mnuniyy\u0259tinin art\u0131r\u0131lmas\u0131, elektron m\u00fcraci\u0259tl\u0259rin idar\u0259 edilm\u0259si v\u0259\nkarg\u00fczarl\u0131\u011f\u0131n m\u00fcasir standartlara uy\u011fun t\u0259\u015fkili kimi m\u00f6vzular geni\u015f \u015f\u0259kild\u0259\n\u015f\u0259rh olunmu\u015fdur.<o:p><\/o:p><\/span><\/p><p class=\"MsoNormal\" style=\"text-align:justify;text-indent:36.0pt\"><span style=\"font-size:12.0pt;line-height:107%;font-family:&quot;Times New Roman&quot;,serif;mso-fareast-font-family:&quot;Times New Roman&quot;\">T\u0259lim interaktiv m\u00fczakir\u0259l\u0259r\n\u015f\u0259raitind\u0259 ke\u00e7irilmi\u015f, i\u015ftirak\u00e7\u0131lar m\u00fcraci\u0259tl\u0259rl\u0259 ba\u011fl\u0131 praktiki hallar\u0131n\nh\u0259lli, institusional \u00e7\u0259tinlikl\u0259rin aradan qald\u0131r\u0131lmas\u0131 v\u0259 s\u0259n\u0259d d\u00f6vriyy\u0259sinin\ns\u0259m\u0259r\u0259liliyinin art\u0131r\u0131lmas\u0131 istiqam\u0259tind\u0259 fikir m\u00fcbadil\u0259si aparm\u0131\u015flar.<o:p><\/o:p><\/span><\/p><p>\n\n\n\n\n\n\n\n<\/p><p class=\"MsoNormal\" style=\"text-align:justify;text-indent:36.0pt\"><span style=\"font-size:12.0pt;line-height:107%;font-family:&quot;Times New Roman&quot;,serif;mso-fareast-font-family:&quot;Times New Roman&quot;\">T\u0259limin sonunda qeyd edilmi\u015fdir ki,\nv\u0259t\u0259nda\u015f m\u00fcraci\u0259tl\u0259rin\u0259 operativ v\u0259 obyektiv bax\u0131lmas\u0131 d\u00f6vl\u0259t idar\u0259\u00e7iliyind\u0259\npe\u015f\u0259karl\u0131\u011f\u0131n, \u015f\u0259ffafl\u0131\u011f\u0131n v\u0259 v\u0259t\u0259nda\u015flara g\u00f6st\u0259ril\u0259n xidm\u0259tl\u0259rin keyfiyy\u0259tinin\nart\u0131r\u0131lmas\u0131n\u0131n \u0259sas \u015f\u0259rtl\u0259rind\u0259n biridir.<\/span><o:p><\/o:p><\/p>\t\t\t\t\t<\/div>\n\t\t\t\t\t\t<\/div>\n\t\t\t\t<\/div>\n\t\t\t\t\t\t<\/div>\n\t\t\t\t\t<\/div>\n\t\t<\/div>\n\t\t\t\t\t\t\t\t<\/div>\n\t\t\t\t\t<\/div>\n\t\t<\/section>\n\t\t\t\t<section class=\"elementor-section elementor-top-section elementor-element elementor-element-02bfb55 elementor-section-boxed elementor-section-height-default elementor-section-height-default\" data-id=\"02bfb55\" data-element_type=\"section\">\n\t\t\t\t\t\t<div class=\"elementor-container elementor-column-gap-default\">\n\t\t\t\t\t\t\t<div class=\"elementor-row\">\n\t\t\t\t\t<div class=\"elementor-column elementor-col-100 elementor-top-column elementor-element elementor-element-1a505fb\" data-id=\"1a505fb\" data-element_type=\"column\">\n\t\t\t<div class=\"elementor-column-wrap elementor-element-populated\">\n\t\t\t\t\t\t\t<div class=\"elementor-widget-wrap\">\n\t\t\t\t\t\t<div class=\"elementor-element elementor-element-5c554f0 elementor-arrows-position-inside elementor-pagination-position-outside elementor-widget elementor-widget-image-carousel\" data-id=\"5c554f0\" data-element_type=\"widget\" data-settings=\"{&quot;navigation&quot;:&quot;both&quot;,&quot;autoplay&quot;:&quot;yes&quot;,&quot;pause_on_hover&quot;:&quot;yes&quot;,&quot;pause_on_interaction&quot;:&quot;yes&quot;,&quot;autoplay_speed&quot;:5000,&quot;infinite&quot;:&quot;yes&quot;,&quot;speed&quot;:500}\" data-widget_type=\"image-carousel.default\">\n\t\t\t\t<div class=\"elementor-widget-container\">\n\t\t\t\t\t<div class=\"elementor-image-carousel-wrapper swiper-container\" dir=\"ltr\">\n\t\t\t<div class=\"elementor-image-carousel swiper-wrapper\">\n\t\t\t\t<div class=\"swiper-slide\"><a data-elementor-open-lightbox=\"yes\" data-elementor-lightbox-slideshow=\"5c554f0\" data-elementor-lightbox-title=\"Seyfulla m. 04\" href=\"https:\/\/legacy.dia.edu.az\/wp-content\/uploads\/2025\/12\/Seyfulla-m.-04.png\"><figure class=\"swiper-slide-inner\"><img class=\"swiper-slide-image\" src=\"https:\/\/legacy.dia.edu.az\/wp-content\/uploads\/2025\/12\/Seyfulla-m.-04-150x150.png\" alt=\"Seyfulla m. 04\" \/><\/figure><\/a><\/div><div class=\"swiper-slide\"><a data-elementor-open-lightbox=\"yes\" data-elementor-lightbox-slideshow=\"5c554f0\" data-elementor-lightbox-title=\"Seyfulla m. 03\" href=\"https:\/\/legacy.dia.edu.az\/wp-content\/uploads\/2025\/12\/Seyfulla-m.-03.png\"><figure class=\"swiper-slide-inner\"><img class=\"swiper-slide-image\" src=\"https:\/\/legacy.dia.edu.az\/wp-content\/uploads\/2025\/12\/Seyfulla-m.-03-150x150.png\" alt=\"Seyfulla m. 03\" \/><\/figure><\/a><\/div><div class=\"swiper-slide\"><a data-elementor-open-lightbox=\"yes\" data-elementor-lightbox-slideshow=\"5c554f0\" data-elementor-lightbox-title=\"Seyfulla m. 02\" href=\"https:\/\/legacy.dia.edu.az\/wp-content\/uploads\/2025\/12\/Seyfulla-m.-02.png\"><figure class=\"swiper-slide-inner\"><img class=\"swiper-slide-image\" src=\"https:\/\/legacy.dia.edu.az\/wp-content\/uploads\/2025\/12\/Seyfulla-m.-02-150x150.png\" alt=\"Seyfulla m. 02\" \/><\/figure><\/a><\/div><div class=\"swiper-slide\"><a data-elementor-open-lightbox=\"yes\" data-elementor-lightbox-slideshow=\"5c554f0\" href=\"https:\/\/legacy.dia.edu.az\/wp-content\/uploads\/2025\/12\/Seyfulla-m.-01.png\"><figure class=\"swiper-slide-inner\"><img class=\"swiper-slide-image\" src=\"https:\/\/legacy.dia.edu.az\/wp-content\/uploads\/2025\/12\/Seyfulla-m.-01-150x150.png\" alt=\"\" \/><\/figure><\/a><\/div>\t\t\t<\/div>\n\t\t\t\t\t\t\t\t\t\t\t\t<div class=\"swiper-pagination\"><\/div>\n\t\t\t\t\t\t\t\t\t\t\t\t\t<div class=\"elementor-swiper-button elementor-swiper-button-prev\">\n\t\t\t\t\t\t<i class=\"eicon-chevron-left\" aria-hidden=\"true\"><\/i>\n\t\t\t\t\t\t<span class=\"elementor-screen-only\">Previous<\/span>\n\t\t\t\t\t<\/div>\n\t\t\t\t\t<div class=\"elementor-swiper-button elementor-swiper-button-next\">\n\t\t\t\t\t\t<i class=\"eicon-chevron-right\" aria-hidden=\"true\"><\/i>\n\t\t\t\t\t\t<span class=\"elementor-screen-only\">Next<\/span>\n\t\t\t\t\t<\/div>\n\t\t\t\t\t\t\t\t\t<\/div>\n\t\t\t\t<\/div>\n\t\t\t\t<\/div>\n\t\t\t\t\t\t<\/div>\n\t\t\t\t\t<\/div>\n\t\t<\/div>\n\t\t\t\t\t\t\t\t<\/div>\n\t\t\t\t\t<\/div>\n\t\t<\/section>\n\t\t\t\t\t\t<\/div>\n\t\t\t\t\t\t<\/div>\n\t\t\t\t\t<\/div>","protected":false},"excerpt":{"rendered":"<p>\u201cNax\u00e7\u0131van Muxtar Respublikas\u0131n\u0131n sosial-iqtisadi inki\u015faf\u0131na dair 2023\u20132027-ci ill\u0259r \u00fc\u00e7\u00fcn D\u00f6vl\u0259t Proqram\u0131\u201dn\u0131n 2025\u20132027-ci ill\u0259ri \u0259hat\u0259 ed\u0259n T\u0259fsilatl\u0131 T\u0259dbirl\u0259r Plan\u0131nda Az\u0259rbaycan Respublikas\u0131n\u0131n Prezidenti yan\u0131nda D\u00f6vl\u0259t \u0130dar\u0259\u00e7ilik Akademiyas\u0131na (D\u0130A) h\u0259val\u0259 edilmi\u015f t\u0259dbirl\u0259rin icras\u0131 \u00e7\u0259r\u00e7iv\u0259sind\u0259 Nax\u00e7\u0131van Muxtar Respublikas\u0131n\u0131n m\u0259rk\u0259zi icra hakimiyy\u0259ti orqanlar\u0131nda f\u0259aliyy\u0259t g\u00f6st\u0259r\u0259n d\u00f6vl\u0259t qulluq\u00e7ular\u0131 \u00fc\u00e7\u00fcn \u201cV\u0259t\u0259nda\u015f m\u00fcraci\u0259tl\u0259rin\u0259 bax\u0131lmas\u0131 v\u0259 m\u00fcraci\u0259tl\u0259rl\u0259 \u0259laq\u0259dar karg\u00fczarl\u0131\u011f\u0131n apar\u0131lmas\u0131n\u0131n xarakterik c\u0259h\u0259tl\u0259ri\u201d m\u00f6vzusunda t\u0259lim [&hellip;]<\/p>","protected":false},"author":2,"featured_media":28638,"comment_status":"closed","ping_status":"closed","sticky":false,"template":"","format":"standard","meta":[],"categories":[137],"tags":[],"_links":{"self":[{"href":"https:\/\/legacy.dia.edu.az\/en\/wp-json\/wp\/v2\/posts\/28637"}],"collection":[{"href":"https:\/\/legacy.dia.edu.az\/en\/wp-json\/wp\/v2\/posts"}],"about":[{"href":"https:\/\/legacy.dia.edu.az\/en\/wp-json\/wp\/v2\/types\/post"}],"author":[{"embeddable":true,"href":"https:\/\/legacy.dia.edu.az\/en\/wp-json\/wp\/v2\/users\/2"}],"replies":[{"embeddable":true,"href":"https:\/\/legacy.dia.edu.az\/en\/wp-json\/wp\/v2\/comments?post=28637"}],"version-history":[{"count":4,"href":"https:\/\/legacy.dia.edu.az\/en\/wp-json\/wp\/v2\/posts\/28637\/revisions"}],"predecessor-version":[{"id":28645,"href":"https:\/\/legacy.dia.edu.az\/en\/wp-json\/wp\/v2\/posts\/28637\/revisions\/28645"}],"wp:featuredmedia":[{"embeddable":true,"href":"https:\/\/legacy.dia.edu.az\/en\/wp-json\/wp\/v2\/media\/28638"}],"wp:attachment":[{"href":"https:\/\/legacy.dia.edu.az\/en\/wp-json\/wp\/v2\/media?parent=28637"}],"wp:term":[{"taxonomy":"category","embeddable":true,"href":"https:\/\/legacy.dia.edu.az\/en\/wp-json\/wp\/v2\/categories?post=28637"},{"taxonomy":"post_tag","embeddable":true,"href":"https:\/\/legacy.dia.edu.az\/en\/wp-json\/wp\/v2\/tags?post=28637"}],"curies":[{"name":"wp","href":"https:\/\/api.w.org\/{rel}","templated":true}]}}