{"id":28624,"date":"2025-12-05T10:15:48","date_gmt":"2025-12-05T06:15:48","guid":{"rendered":"https:\/\/dia.edu.az\/?p=28624"},"modified":"2025-12-08T15:05:02","modified_gmt":"2025-12-08T11:05:02","slug":"dia-da-dovl%c9%99t-qulluqculari-ucun-ingilis-dili-adli-yeni-d%c9%99rs-v%c9%99saiti-n%c9%99sr-olunub","status":"publish","type":"post","link":"https:\/\/legacy.dia.edu.az\/en\/arxivl\u0259r\/28624","title":{"rendered":"D\u00f6vl\u0259t Qulluq\u00e7ular\u0131 \u00fc\u00e7\u00fcn \u0130ngilis Dili adl\u0131 yeni d\u0259rs v\u0259saiti n\u0259\u015fr olunub"},"content":{"rendered":"<div data-elementor-type=\"wp-post\" data-elementor-id=\"28624\" class=\"elementor elementor-28624\" data-elementor-settings=\"[]\">\n\t\t\t\t\t\t<div class=\"elementor-inner\">\n\t\t\t\t\t\t\t<div class=\"elementor-section-wrap\">\n\t\t\t\t\t\t\t<section class=\"elementor-section elementor-top-section elementor-element elementor-element-e5c3d3b elementor-section-boxed elementor-section-height-default elementor-section-height-default\" data-id=\"e5c3d3b\" data-element_type=\"section\">\n\t\t\t\t\t\t<div class=\"elementor-container elementor-column-gap-default\">\n\t\t\t\t\t\t\t<div class=\"elementor-row\">\n\t\t\t\t\t<div class=\"elementor-column elementor-col-100 elementor-top-column elementor-element elementor-element-bdd3358\" data-id=\"bdd3358\" data-element_type=\"column\">\n\t\t\t<div class=\"elementor-column-wrap elementor-element-populated\">\n\t\t\t\t\t\t\t<div class=\"elementor-widget-wrap\">\n\t\t\t\t\t\t<div class=\"elementor-element elementor-element-bcd4db3 elementor-widget elementor-widget-text-editor\" data-id=\"bcd4db3\" data-element_type=\"widget\" data-widget_type=\"text-editor.default\">\n\t\t\t\t<div class=\"elementor-widget-container\">\n\t\t\t\t\t\t\t\t<div class=\"elementor-text-editor elementor-clearfix\">\n\t\t\t\t\t<p class=\"MsoNormal\" style=\"mso-margin-top-alt:auto;mso-margin-bottom-alt:auto;line-height:normal\"><span lang=\"RU\" style=\"font-family:&quot;Arial&quot;,sans-serif;mso-fareast-font-family:&quot;Times New Roman&quot;;mso-font-kerning:0pt;mso-ligatures:none\">D\u00f6vl\u0259t idar\u0259\u00e7iliyi v\u0259 d\u00f6vl\u0259t qullu\u011fu sah\u0259sind\u0259 ingilis dilin\u0259 olan\nt\u0259l\u0259bat son ill\u0259r<\/span><span lang=\"AZ-LATIN\" style=\"font-family:&quot;Arial&quot;,sans-serif;mso-fareast-font-family:&quot;Times New Roman&quot;;mso-font-kerning:0pt;mso-ligatures:none;mso-ansi-language:AZ-LATIN\">d\u0259<\/span><span lang=\"RU\" style=\"font-family:&quot;Arial&quot;,sans-serif;mso-fareast-font-family:&quot;Times New Roman&quot;;mso-font-kerning:0pt;mso-ligatures:none\"> \u0259h\u0259miyy\u0259tli d\u0259r\u0259c\u0259d\u0259 artm\u0131\u015fd\u0131r. Qlobal \u0259m\u0259kda\u015fl\u0131q<\/span><span lang=\"AZ-LATIN\" style=\"font-family:&quot;Arial&quot;,sans-serif;mso-fareast-font-family:&quot;Times New Roman&quot;;mso-font-kerning:0pt;mso-ligatures:none;mso-ansi-language:AZ-LATIN\"> m\u00fchitinin geni\u015fl\u0259nm\u0259si<\/span><span lang=\"RU\" style=\"font-family:&quot;Arial&quot;,sans-serif;mso-fareast-font-family:&quot;Times New Roman&quot;;mso-font-kerning:0pt;mso-ligatures:none\">, beyn\u0259lxalq layih\u0259l\u0259r, regional <\/span><span lang=\"AZ-LATIN\" style=\"font-family:&quot;Arial&quot;,sans-serif;mso-fareast-font-family:&quot;Times New Roman&quot;;mso-font-kerning:0pt;mso-ligatures:none;mso-ansi-language:AZ-LATIN\">t\u0259r\u0259fda\u015fl\u0131q\nt\u0259\u015f\u0259bb\u00fcsl\u0259rinin realla\u015fd\u0131r\u0131lmas\u0131 <\/span><span lang=\"RU\" style=\"font-family:&quot;Arial&quot;,sans-serif;mso-fareast-font-family:&quot;Times New Roman&quot;;mso-font-kerning:0pt;mso-ligatures:none\">d\u00f6vl\u0259t qulluq\u00e7ular\u0131n\u0131n pe\u015f\u0259kar ingilis dili bacar\u0131qlar\u0131n<\/span><span lang=\"AZ-LATIN\" style=\"font-family:&quot;Arial&quot;,sans-serif;mso-fareast-font-family:&quot;Times New Roman&quot;;mso-font-kerning:0pt;mso-ligatures:none;mso-ansi-language:AZ-LATIN\">\u0131n \u0259n y\u00fcks\u0259k s\u0259viyy\u0259d\u0259 inki\u015faf etdirilm\u0259sini z\u0259ruri edir.<\/span><strong><span lang=\"RU\" style=\"font-family:&quot;Arial&quot;,sans-serif;mso-fareast-font-family:&quot;Times New Roman&quot;;mso-font-kerning:0pt;mso-ligatures:none;font-weight:normal\"><o:p><\/o:p><\/span><\/strong><\/p><p><span lang=\"AZ-LATIN\" style=\"font-family:&quot;Arial&quot;,sans-serif;mso-ansi-language:AZ-LATIN\">Az\u0259rbaycan Respublikas\u0131n\u0131n Prezidenti yan\u0131nda D\u00f6vl\u0259t \u0130dar\u0259\u00e7ilik <\/span><strong><span lang=\"RU\" style=\"font-family:&quot;Arial&quot;,sans-serif;mso-fareast-font-family:&quot;Times New Roman&quot;;mso-fareast-theme-font:major-fareast\">Akademiyan\u0131n rektoru, akademik Urxan \u018fl\u0259kb\u0259rovun\nt\u0259\u015f\u0259bb\u00fcs\u00fc il\u0259, Dill\u0259r kafedras\u0131n\u0131n m\u00fcdiri, d\u0259rsliyin m\u00fc\u0259llifi v\u0259 layih\u0259 r\u0259hb\u0259ri\n\u00dclk\u0259r \u015e\u0259fiyevan\u0131n bilavasit\u0259 r\u0259hb\u0259rliyi alt\u0131nda, kafedran\u0131n m\u00fc\u0259lliml\u0259ri Esmira\n\u0130smay\u0131lova, H\u0259c\u0259r Abdullayeva v\u0259 Maryam \u0130sg\u0259nd\u0259rlinin h\u0259mm\u00fc\u0259llifliyi il\u0259&nbsp; \u201cD\u00f6vl\u0259t Qulluq\u00e7ular\u0131 \u00fc\u00e7\u00fcn \u0130ngilis Dili\u201d <\/span><\/strong><strong><span lang=\"AZ-LATIN\" style=\"font-family:&quot;Arial&quot;,sans-serif;mso-fareast-font-family:&quot;Times New Roman&quot;;mso-fareast-theme-font:major-fareast;mso-ansi-language:AZ-LATIN\">adl\u0131\n<\/span><\/strong><strong><span lang=\"RU\" style=\"font-family:&quot;Arial&quot;,sans-serif;mso-fareast-font-family:&quot;Times New Roman&quot;;mso-fareast-theme-font:major-fareast\">d\u0259rsl<\/span><\/strong><strong><span lang=\"AZ-LATIN\" style=\"font-family:&quot;Arial&quot;,sans-serif;mso-fareast-font-family:&quot;Times New Roman&quot;;mso-fareast-theme-font:major-fareast;mso-ansi-language:AZ-LATIN\">ik\nhaz\u0131rlanm\u0131\u015fd\u0131r. <\/span><\/strong><b><span lang=\"AZ-LATIN\" style=\"font-family:&quot;Arial&quot;,sans-serif;mso-ansi-language:AZ-LATIN\"><o:p><\/o:p><\/span><\/b><\/p><p><strong><span lang=\"AZ-LATIN\" style=\"font-family:&quot;Arial&quot;,sans-serif;mso-fareast-font-family:&quot;Times New Roman&quot;;mso-fareast-theme-font:major-fareast;mso-ansi-language:AZ-LATIN\">V\u0259saitin m\u0259zmunu, m\u0259qs\u0259di v\u0259 metodik yana\u015fmas\u0131\ntamamil\u0259 orijinald\u0131r.<\/span><\/strong><span lang=\"AZ-LATIN\" style=\"font-family:&quot;Arial&quot;,sans-serif;mso-ansi-language:AZ-LATIN\">D\u0259rslik d\u00f6vl\u0259t orqanlar\u0131nda\nistifad\u0259 olunan \u0259sas terminologiya, r\u0259smi yaz\u0131\u015fmalar, diplomatik \u00fcnsiyy\u0259t,\niclas v\u0259 brifinq bacar\u0131qlar\u0131 kimi d\u00f6vl\u0259t qulluq\u00e7ular\u0131 \u00fc\u00e7\u00fcn \u0259n vacib m\u00f6vzular\u0131\n\u0259hat\u0259 edir. Real situasiyalara \u0259saslanan tap\u015f\u0131r\u0131qlar pe\u015f\u0259kar kommunikasiya,\nstrateji d\u00fc\u015f\u00fcnm\u0259 v\u0259 qlobal \u0259m\u0259kda\u015fl\u0131q bacar\u0131qlar\u0131n\u0131n inki\u015faf\u0131na imkan yarad\u0131r.<o:p><\/o:p><\/span><\/p><p><span lang=\"AZ-LATIN\" style=\"font-family:&quot;Arial&quot;,sans-serif;mso-ansi-language:AZ-LATIN\">D\u0259rs v\u0259saiti d\u00f6vl\u0259t qullu\u011funda \u00e7al\u0131\u015fan m\u00fct\u0259x\u0259ssisl\u0259rin ingilis dili\nbacar\u0131qlar\u0131n\u0131n pe\u015f\u0259kar s\u0259viyy\u0259d\u0259 t\u0259kmill\u0259\u015fdirilm\u0259sin\u0259, el\u0259c\u0259 d\u0259 bu sah\u0259d\u0259\ng\u0259l\u0259c\u0259k kadrlar\u0131n haz\u0131rlanmas\u0131na xidm\u0259t ed\u0259n n\u0259\u015frdir. <o:p><\/o:p><\/span><\/p><p><strong><span lang=\"AZ-LATIN\" style=\"font-family:&quot;Arial&quot;,sans-serif;mso-fareast-font-family:&quot;Times New Roman&quot;;mso-fareast-theme-font:major-fareast;mso-ansi-language:AZ-LATIN\">\u201cD\u00f6vl\u0259t Qulluq\u00e7ular\u0131 \u00fc\u00e7\u00fcn \u0130ngilis Dili\u201d adl\u0131&nbsp; birinci cild kitabdan sonra seriyan\u0131n davam\u0131\nolaraq \u201cDiplomatiya \u00fc\u00e7\u00fcn \u0130ngilis Dili\u201d adl\u0131 d\u0259rs v\u0259saiti n\u0259\u015fr edil\u0259c\u0259k. <\/span><\/strong><span lang=\"AZ-LATIN\" style=\"font-family:&quot;Arial&quot;,sans-serif;mso-ansi-language:AZ-LATIN\">&nbsp;Bu silsil\u0259 n\u0259\u015frl\u0259r y\u00fcks\u0259k ixtisasl\u0131, qlobal\nm\u00fchitd\u0259 r\u0259qab\u0259t qabiliyy\u0259tli d\u00f6vl\u0259t qulluq\u00e7usunun formala\u015fd\u0131r\u0131lmas\u0131na xidm\u0259t\nedir v\u0259 Akademiyada pe\u015f\u0259kar ingilis dili t\u0259drisinin uzunm\u00fcdd\u0259tli inki\u015faf\u0131 \u00fc\u00e7\u00fcn\nm\u00f6hk\u0259m konseptual baza yarad\u0131r.<o:p><\/o:p><\/span><\/p><p class=\"MsoNormal\" style=\"mso-margin-top-alt:auto;mso-margin-bottom-alt:auto; text-align:justify;line-height:normal\">\n\n\n\n\n\n\n\n\n\n<\/p><p class=\"MsoNormal\"><strong><span lang=\"AZ-LATIN\" style=\"font-family:&quot;Arial&quot;,sans-serif;mso-ansi-language:AZ-LATIN\">V\u0259sait Akademiyan\u0131n t\u0259dris proqramlar\u0131na tam\nuy\u011funla\u015fd\u0131r\u0131lmaqla yana\u015f\u0131, beyn\u0259lxalq standartlara cavab ver\u0259c\u0259k s\u0259viyy\u0259d\u0259\nhaz\u0131rlanm\u0131\u015fd\u0131r.<\/span><\/strong><span lang=\"AZ-LATIN\" style=\"font-family:&quot;Arial&quot;,sans-serif;mso-ansi-language:AZ-LATIN\"> D\u00f6vl\u0259t qulluq\u00e7ular\u0131n\u0131n pe\u015f\u0259kar inki\u015faf\u0131na m\u00fch\u00fcm\nt\u00f6hf\u0259 verm\u0259k, onlar\u0131n beyn\u0259lxalq kommunikasiya bacar\u0131qlar\u0131n\u0131 g\u00fccl\u0259ndirm\u0259k m\u0259qs\u0259di\nda\u015f\u0131yan <strong>\u201cD\u00f6vl\u0259t\nQulluq\u00e7ular\u0131 \u00fc\u00e7\u00fcn \u0130ngilis Dili\u201d<\/strong> d\u0259rs v\u0259saiti m\u00fcasir d\u00f6vl\u0259t idar\u0259\u00e7iliyinin\nt\u0259l\u0259bl\u0259rin\u0259 cavab ver\u0259n y\u00fcks\u0259k funksionall\u0131\u011f\u0131 il\u0259 se\u00e7ilir v\u0259 \u00f6lk\u0259mizd\u0259 pe\u015f\u0259kar\ningilis dili t\u0259drisi \u00fc\u00e7\u00fcn yeni m\u0259rh\u0259l\u0259 a\u00e7\u0131r.<o:p><\/o:p><\/span><\/p>\t\t\t\t\t<\/div>\n\t\t\t\t\t\t<\/div>\n\t\t\t\t<\/div>\n\t\t\t\t\t\t<\/div>\n\t\t\t\t\t<\/div>\n\t\t<\/div>\n\t\t\t\t\t\t\t\t<\/div>\n\t\t\t\t\t<\/div>\n\t\t<\/section>\n\t\t\t\t\t\t<\/div>\n\t\t\t\t\t\t<\/div>\n\t\t\t\t\t<\/div>","protected":false},"excerpt":{"rendered":"<p>D\u00f6vl\u0259t idar\u0259\u00e7iliyi v\u0259 d\u00f6vl\u0259t qullu\u011fu sah\u0259sind\u0259 ingilis dilin\u0259 olan t\u0259l\u0259bat son ill\u0259rd\u0259 \u0259h\u0259miyy\u0259tli d\u0259r\u0259c\u0259d\u0259 artm\u0131\u015fd\u0131r. Qlobal \u0259m\u0259kda\u015fl\u0131q m\u00fchitinin geni\u015fl\u0259nm\u0259si, beyn\u0259lxalq layih\u0259l\u0259r, regional t\u0259r\u0259fda\u015fl\u0131q t\u0259\u015f\u0259bb\u00fcsl\u0259rinin realla\u015fd\u0131r\u0131lmas\u0131 d\u00f6vl\u0259t qulluq\u00e7ular\u0131n\u0131n pe\u015f\u0259kar ingilis dili bacar\u0131qlar\u0131n\u0131n \u0259n y\u00fcks\u0259k s\u0259viyy\u0259d\u0259 inki\u015faf etdirilm\u0259sini z\u0259ruri edir. Az\u0259rbaycan Respublikas\u0131n\u0131n Prezidenti yan\u0131nda D\u00f6vl\u0259t \u0130dar\u0259\u00e7ilik Akademiyan\u0131n rektoru, akademik Urxan \u018fl\u0259kb\u0259rovun t\u0259\u015f\u0259bb\u00fcs\u00fc il\u0259, Dill\u0259r kafedras\u0131n\u0131n m\u00fcdiri, d\u0259rsliyin [&hellip;]<\/p>","protected":false},"author":2,"featured_media":28625,"comment_status":"closed","ping_status":"closed","sticky":false,"template":"","format":"standard","meta":[],"categories":[137],"tags":[],"_links":{"self":[{"href":"https:\/\/legacy.dia.edu.az\/en\/wp-json\/wp\/v2\/posts\/28624"}],"collection":[{"href":"https:\/\/legacy.dia.edu.az\/en\/wp-json\/wp\/v2\/posts"}],"about":[{"href":"https:\/\/legacy.dia.edu.az\/en\/wp-json\/wp\/v2\/types\/post"}],"author":[{"embeddable":true,"href":"https:\/\/legacy.dia.edu.az\/en\/wp-json\/wp\/v2\/users\/2"}],"replies":[{"embeddable":true,"href":"https:\/\/legacy.dia.edu.az\/en\/wp-json\/wp\/v2\/comments?post=28624"}],"version-history":[{"count":5,"href":"https:\/\/legacy.dia.edu.az\/en\/wp-json\/wp\/v2\/posts\/28624\/revisions"}],"predecessor-version":[{"id":28630,"href":"https:\/\/legacy.dia.edu.az\/en\/wp-json\/wp\/v2\/posts\/28624\/revisions\/28630"}],"wp:featuredmedia":[{"embeddable":true,"href":"https:\/\/legacy.dia.edu.az\/en\/wp-json\/wp\/v2\/media\/28625"}],"wp:attachment":[{"href":"https:\/\/legacy.dia.edu.az\/en\/wp-json\/wp\/v2\/media?parent=28624"}],"wp:term":[{"taxonomy":"category","embeddable":true,"href":"https:\/\/legacy.dia.edu.az\/en\/wp-json\/wp\/v2\/categories?post=28624"},{"taxonomy":"post_tag","embeddable":true,"href":"https:\/\/legacy.dia.edu.az\/en\/wp-json\/wp\/v2\/tags?post=28624"}],"curies":[{"name":"wp","href":"https:\/\/api.w.org\/{rel}","templated":true}]}}