{"id":28611,"date":"2025-12-05T10:12:44","date_gmt":"2025-12-05T06:12:44","guid":{"rendered":"https:\/\/dia.edu.az\/?p=28611"},"modified":"2025-12-08T15:06:51","modified_gmt":"2025-12-08T11:06:51","slug":"q%c9%99rbi-az%c9%99rbaycan-mixiyazili-m%c9%99nb%c9%99l%c9%99rd%c9%99-movzusunda-seminar","status":"publish","type":"post","link":"https:\/\/legacy.dia.edu.az\/en\/arxivl\u0259r\/28611","title":{"rendered":"Q\u0259rbi Az\u0259rbaycan mixiyaz\u0131l\u0131 m\u0259nb\u0259l\u0259rd\u0259 m\u00f6vzusunda seminar"},"content":{"rendered":"<div data-elementor-type=\"wp-post\" data-elementor-id=\"28611\" class=\"elementor elementor-28611\" data-elementor-settings=\"[]\">\n\t\t\t\t\t\t<div class=\"elementor-inner\">\n\t\t\t\t\t\t\t<div class=\"elementor-section-wrap\">\n\t\t\t\t\t\t\t<section class=\"elementor-section elementor-top-section elementor-element elementor-element-f0ae428 elementor-section-boxed elementor-section-height-default elementor-section-height-default\" data-id=\"f0ae428\" data-element_type=\"section\">\n\t\t\t\t\t\t<div class=\"elementor-container elementor-column-gap-default\">\n\t\t\t\t\t\t\t<div class=\"elementor-row\">\n\t\t\t\t\t<div class=\"elementor-column elementor-col-100 elementor-top-column elementor-element elementor-element-c662887\" data-id=\"c662887\" data-element_type=\"column\">\n\t\t\t<div class=\"elementor-column-wrap elementor-element-populated\">\n\t\t\t\t\t\t\t<div class=\"elementor-widget-wrap\">\n\t\t\t\t\t\t<div class=\"elementor-element elementor-element-23544fd elementor-widget elementor-widget-text-editor\" data-id=\"23544fd\" data-element_type=\"widget\" data-widget_type=\"text-editor.default\">\n\t\t\t\t<div class=\"elementor-widget-container\">\n\t\t\t\t\t\t\t\t<div class=\"elementor-text-editor elementor-clearfix\">\n\t\t\t\t\t<p style=\"margin-bottom:0cm;text-indent:35.45pt;line-height:normal\"><span lang=\"AZ-LATIN\" style=\"font-family:&quot;Times New Roman&quot;,serif;mso-ansi-language:AZ-LATIN\">Dekabr\u0131n 4 -d\u0259 Az\u0259rbaycan Respublikas\u0131n\u0131n&nbsp; Prezidenti yan\u0131nda D\u00f6vl\u0259t \u0130dar\u0259\u00e7ilik\nAkademiyas\u0131,Q\u0259rbi Az\u0259rbaycan Ara\u015fd\u0131rmalar M\u0259rk\u0259zinin t\u0259\u015fkilat\u00e7\u0131l\u0131\u011f\u0131 il\u0259 &#8220;Q\u0259rbi\nAz\u0259rbaycan mixiyaz\u0131l\u0131 m\u0259nb\u0259l\u0259rd\u0259&#8221; m\u00f6vzusunda seminar ba\u015f tutmu\u015fdur.<b> <o:p><\/o:p><\/b><\/span><\/p><p style=\"margin-bottom:0cm;text-indent:35.45pt;line-height:normal\"><b><span lang=\"AZ-LATIN\" style=\"font-family:&quot;Times New Roman&quot;,serif;mso-ansi-language:AZ-LATIN\">&nbsp;T\u0259dbiri\ngiri\u015f s\u00f6z\u00fc il\u0259 a\u00e7an Tarix kafedras\u0131n\u0131n m\u00fcdiri, Q\u0259rbi Az\u0259rbaycan Ara\u015fd\u0131rmalar\u0131 M\u0259rk\u0259zinin\nr\u0259hb\u0259ri Firdovsiy\u0259 \u018fhm\u0259dova<\/span><\/b><span lang=\"AZ-LATIN\" style=\"font-family:&quot;Times New Roman&quot;,serif;mso-ansi-language:AZ-LATIN\"> M\u0259rk\u0259zin \u00e7ox\u015fax\u0259li f\u0259aliyy\u0259tin\u0259\ntoxunaraq bildirdi ki, son ill\u0259rd\u0259 Q\u0259rbi Az\u0259rbaycanla ba\u011fl\u0131 m\u00fcxt\u0259lif istiqam\u0259tl\u0259rd\u0259\nsistemli elmi t\u0259dqiqatlara ba\u015flan\u0131b. O, m\u0259rk\u0259zin arxiv v\u0259 x\u0259rit\u0259 materiallar\u0131\n\u00fcz\u0259rind\u0259 apard\u0131\u011f\u0131 i\u015fl\u0259rd\u0259n, beyn\u0259lxalq elmi \u0259laq\u0259l\u0259rd\u0259n&nbsp; dan\u0131\u015fd\u0131.<o:p><\/o:p><\/span><\/p><p style=\"margin-bottom:0cm;text-indent:35.45pt;line-height:normal\"><span lang=\"AZ-LATIN\" style=\"font-family:&quot;Times New Roman&quot;,serif;mso-ansi-language:AZ-LATIN\">Firdovsiyy\u0259 \u018fhm\u0259dova vur\u011fulad\u0131 ki, m\u0259qs\u0259d yaln\u0131z\ntarixi faktlar\u0131 toplamaq deyil, h\u0259m d\u0259 Q\u0259rbi Az\u0259rbaycan irsinin elmi \u0259saslarla\nd\u00fcnyaya t\u0259qdim edilm\u0259sidir. O, Mixiyaz\u0131l\u0131 m\u0259nb\u0259l\u0259rin x\u00fcsusil\u0259 m\u00fch\u00fcm rol\noynad\u0131\u011f\u0131n\u0131, bu tip yaz\u0131l\u0131 qaynaqlar\u0131n Az\u0259rbaycan \u0259razil\u0259rinin q\u0259dim d\u00f6vrl\u0259rd\u0259n\netibar\u0259n regional prosesl\u0259rd\u0259 yerini t\u0259sdiq etdiyini qeyd etdi.<o:p><\/o:p><\/span><\/p><p style=\"margin-bottom:0cm;text-indent:35.45pt;line-height:normal\"><span lang=\"AZ-LATIN\" style=\"font-family:&quot;Times New Roman&quot;,serif;mso-ansi-language:AZ-LATIN\">Milli M\u0259clisin deputat\u0131, <b>Az\u0259rbaycan\nRespublikas\u0131n\u0131n Prezidenti yan\u0131nda D\u00f6vl\u0259t \u0130dar\u0259\u00e7ilik Akademiyas\u0131n\u0131n kafedra\nm\u00fcdiri, professor Hikm\u0259t Babao\u011flu <\/b>milli yadda\u015f\u0131n v\u0259 tarixi \u0259dal\u0259tin b\u0259rpas\u0131\nbax\u0131m\u0131ndan m\u00fcst\u0259sna \u0259h\u0259miyy\u0259t\u0259 malik oldu\u011funu vur\u011fulad\u0131. O bildirdi ki, Az\u0259rbaycan\nd\u00f6vl\u0259ti bu g\u00fcn tarixi h\u0259qiq\u0259tl\u0259rin \u00fcz\u0259 \u00e7\u0131xar\u0131lmas\u0131 v\u0259 sistemli \u015f\u0259kild\u0259 beyn\u0259lxalq\nauditoriyaya t\u0259qdim olunmas\u0131 istiqam\u0259tind\u0259 ard\u0131c\u0131l v\u0259 m\u0259qs\u0259dy\u00f6nl\u00fc siyas\u0259t h\u0259yata\nke\u00e7irir. Bu siyas\u0259tin ideya \u0259sas\u0131n\u0131 is\u0259 Prezident \u0130lham \u018fliyevin Q\u0259rbi Az\u0259rbaycanla\nba\u011fl\u0131 ir\u0259li s\u00fcrd\u00fcy\u00fc konseptual yana\u015fma t\u0259\u015fkil edir. <b><o:p><\/o:p><\/b><\/span><\/p><p style=\"margin-bottom:0cm;text-indent:35.45pt;line-height:normal\"><span lang=\"AZ-LATIN\" style=\"font-family:&quot;Times New Roman&quot;,serif;mso-ansi-language:AZ-LATIN\">Hikm\u0259t Babao\u011flu qeyd etdi ki, mixiyaz\u0131l\u0131 m\u0259nb\u0259l\u0259r\nkimi \u0259n q\u0259dim yaz\u0131l\u0131 tarixi qaynaqlarda Q\u0259rbi Az\u0259rbaycan \u0259razil\u0259ri il\u0259 ba\u011fl\u0131\nfaktlar\u0131n m\u00f6vcudlu\u011fu Az\u0259rbaycan xalq\u0131n\u0131n bu torpaqlardak\u0131 d\u0259rin tarixi k\u00f6kl\u0259rinin\ndan\u0131lmaz s\u00fcbutudur.<o:p><\/o:p><\/span><\/p><p style=\"margin-bottom:0cm;text-indent:35.45pt;line-height:normal\"><b><span lang=\"AZ-LATIN\" style=\"font-family:&quot;Times New Roman&quot;,serif;mso-ansi-language:AZ-LATIN\">Az\u0259rbaycan Respublikas\u0131n\u0131n Prezidenti yan\u0131nda D\u00f6vl\u0259t\n\u0130dar\u0259\u00e7ilik Akademiyas\u0131n\u0131n (D\u0130A) rektorunun m\u00fc\u015faviri, Bak\u0131 Politoloqlar Klubu (M\u0259rk\u0259zi)-nin\nr\u0259hb\u0259ri&nbsp; Zaur M\u0259mm\u0259dov<\/span><\/b><span lang=\"AZ-LATIN\" style=\"font-family:&quot;Times New Roman&quot;,serif;mso-ansi-language:AZ-LATIN\"> qeyd etdi ki, Q\u0259rbi Az\u0259rbaycan tarixi Prezident \u0130lham \u018fliyevin t\u0259\u015f\u0259bb\u00fcs\nv\u0259 tap\u015f\u0131r\u0131qlar\u0131 \u00e7\u0259r\u00e7iv\u0259sind\u0259 \u00f6lk\u0259nin elmi v\u0259 ictimai g\u00fcnd\u0259liyinin prioritet\nistiqam\u0259tl\u0259rind\u0259n birin\u0259 \u00e7evrilib. O vur\u011fulad\u0131 ki, d\u00f6vl\u0259t ba\u015f\u00e7\u0131s\u0131 t\u0259r\u0259find\u0259n Q\u0259rbi\nAz\u0259rbaycanla ba\u011fl\u0131 m\u00f6vzular\u0131n ara\u015fd\u0131r\u0131lmas\u0131, tarixi h\u0259qiq\u0259tl\u0259rin beyn\u0259lxalq\nictimaiyy\u0259t\u0259 \u00e7atd\u0131r\u0131lmas\u0131, bu sah\u0259d\u0259 akademik potensial\u0131n s\u0259f\u0259rb\u0259r edilm\u0259si\n\u00fc\u00e7\u00fcn geni\u015f imkanlar yarad\u0131l\u0131b.<o:p><\/o:p><\/span><\/p><p style=\"margin-bottom:0cm;text-indent:35.45pt;line-height:normal\"><span lang=\"AZ-LATIN\" style=\"font-family:&quot;Times New Roman&quot;,serif;mso-ansi-language:AZ-LATIN\">Zaur M\u0259mm\u0259dov \u00e7\u0131x\u0131\u015f\u0131nda h\u0259m\u00e7inin qeyd etdi ki, Q\u0259rbi\nAz\u0259rbaycan m\u0259s\u0259l\u0259si t\u0259kc\u0259 tarixi yadda\u015f\u0131n b\u0259rpas\u0131 deyil, h\u0259m d\u0259 milli kimliyin,\n\u0259dal\u0259t prinsipinin v\u0259 s\u00fclh\u00fcn b\u0259rpas\u0131na y\u00f6n\u0259lmi\u015f strateji d\u00f6vl\u0259t siyas\u0259tinin bir\nhiss\u0259sidir. Bu kimi t\u0259dbirl\u0259rin ke\u00e7irilm\u0259si is\u0259 h\u0259m elmi ictimaiyy\u0259t, h\u0259m d\u0259 t\u0259l\u0259b\u0259l\u0259r\n\u00fc\u00e7\u00fcn m\u00fch\u00fcm maarifl\u0259ndirici \u0259h\u0259miyy\u0259t da\u015f\u0131y\u0131r.<o:p><\/o:p><\/span><\/p><p style=\"margin-bottom:0cm;text-indent:35.45pt;line-height:normal\"><span lang=\"AZ-LATIN\" style=\"font-family:&quot;Times New Roman&quot;,serif;mso-ansi-language:AZ-LATIN\">Seminar\u0131n \u0259sas m\u0259ruz\u0259\u00e7isi \u2013 <b>AMEA Bak\u0131xanov ad\u0131na\nTarix v\u0259 Etnologiya \u0130nstitutunun b\u00f6y\u00fck elmi i\u015f\u00e7isi Ramin \u018flizad\u0259<\/b> \u2013 \u201cQ\u0259rbi\nAz\u0259rbaycan mixiyaz\u0131l\u0131 m\u0259nb\u0259l\u0259rd\u0259\u201d m\u00f6vzusunda geni\u015f elmi ara\u015fd\u0131rma il\u0259 \u00e7\u0131x\u0131\u015f\netdi. T\u0259qrib\u0259n 1 saat davam ed\u0259n t\u0259qdimat \u0259rzind\u0259 o, q\u0259dim \u015e\u0259rq\nsivilizasiyalar\u0131na aid mixiyaz\u0131l\u0131 l\u00f6vh\u0259l\u0259r, q\u0259dim fars, assur-babil, urartu m\u0259nb\u0259l\u0259ri\nv\u0259 dig\u0259r erk\u0259n yaz\u0131l\u0131 qaynaqlarda Q\u0259rbi Az\u0259rbaycanla ba\u011fl\u0131 m\u0259lumatlar\u0131 sisteml\u0259\u015fdir\u0259r\u0259k\nauditoriyaya t\u0259qdim etdi.<o:p><\/o:p><\/span><\/p><p style=\"margin-bottom:0cm;text-indent:35.45pt;line-height:normal\"><span lang=\"AZ-LATIN\" style=\"font-family:&quot;Times New Roman&quot;,serif;mso-ansi-language:AZ-LATIN\">Ramin \u018flizad\u0259 m\u0259ruz\u0259sind\u0259 a\u015fa\u011f\u0131dak\u0131 \u0259sas m\u0259qamlara\ntoxundu:<o:p><\/o:p><\/span><\/p><p style=\"margin-bottom:0cm;text-indent:35.45pt;line-height:normal\"><b><span lang=\"AZ-LATIN\" style=\"font-family:&quot;Times New Roman&quot;,serif;mso-ansi-language:AZ-LATIN\">1. Mixiyaz\u0131n\u0131n yaranmas\u0131 v\u0259 Qafqaz regionunda\nyay\u0131lmas\u0131<o:p><\/o:p><\/span><\/b><\/p><p style=\"margin-bottom:0cm;text-indent:35.45pt;line-height:normal\"><span lang=\"AZ-LATIN\" style=\"font-family:&quot;Times New Roman&quot;,serif;mso-ansi-language:AZ-LATIN\">O, \u0259vv\u0259lc\u0259 mixiyaz\u0131n\u0131n tarixi bar\u0259d\u0259 q\u0131sa m\u0259lumat\nver\u0259r\u0259k qeyd etdi ki, bu yaz\u0131 sistemi eram\u0131zdan \u0259vv\u0259l IV\u2013I minillikl\u0259r aras\u0131nda\nYax\u0131n \u015e\u0259rqd\u0259 yaranaraq regionun bir \u00e7ox d\u00f6vl\u0259t v\u0259 tayfalar\u0131 t\u0259r\u0259find\u0259n istifad\u0259\nolunub. \u018flizad\u0259 bildirdi ki, Urartu, Assuriya v\u0259 Midiya d\u00f6vl\u0259tl\u0259rinin\nhaz\u0131rlad\u0131\u011f\u0131 mixiyaz\u0131l\u0131 l\u00f6vh\u0259l\u0259rd\u0259 Qafqaz\u0131n c\u0259nub-q\u0259rb torpaqlar\u0131 bar\u0259d\u0259 kifay\u0259t\nq\u0259d\u0259r m\u0259lumat m\u00f6vcuddur.<o:p><\/o:p><\/span><\/p><p style=\"margin-bottom:0cm;text-indent:35.45pt;line-height:normal\"><b><span lang=\"AZ-LATIN\" style=\"font-family:&quot;Times New Roman&quot;,serif;mso-ansi-language:AZ-LATIN\">2. Urartu m\u0259nb\u0259l\u0259rind\u0259 Q\u0259rbi Az\u0259rbaycan<o:p><\/o:p><\/span><\/b><\/p><p style=\"margin-bottom:0cm;text-indent:35.45pt;line-height:normal\"><span lang=\"AZ-LATIN\" style=\"font-family:&quot;Times New Roman&quot;,serif;mso-ansi-language:AZ-LATIN\">Ara\u015fd\u0131rma\u00e7\u0131 Urartu \u00e7ar\u0131 I Argi\u015ftinin, Sardurinin v\u0259\nMenuan\u0131n y\u00fcr\u00fc\u015f yaz\u0131lar\u0131ndan sitatlar g\u0259tir\u0259r\u0259k h\u0259min m\u0259nb\u0259l\u0259rd\u0259 Q\u0259rbi Az\u0259rbaycan\u0131n\nm\u00fcxt\u0259lif toponiml\u0259rinin qeyd olundu\u011funu bildirdi. O, Van g\u00f6l\u00fc h\u00f6vz\u0259si v\u0259 \u0259traf \u0259razil\u0259rd\u0259\nya\u015fayan tayfalar\u0131n, el\u0259c\u0259 d\u0259 G\u00f6y\u00e7\u0259, Z\u0259ng\u0259zur v\u0259 Arazboyu \u0259razil\u0259rl\u0259 ba\u011fl\u0131 m\u0259lumatlar\u0131n\nmixiyaz\u0131l\u0131 m\u0259nb\u0259l\u0259rd\u0259 \u00f6z \u0259ksini tapd\u0131\u011f\u0131n\u0131 vur\u011fulad\u0131.<o:p><\/o:p><\/span><\/p><p style=\"margin-bottom:0cm;text-indent:35.45pt;line-height:normal\"><span lang=\"AZ-LATIN\" style=\"font-family:&quot;Times New Roman&quot;,serif;mso-ansi-language:AZ-LATIN\">\u018flizad\u0259nin s\u00f6zl\u0259rin\u0259 g\u00f6r\u0259, bu m\u0259nb\u0259l\u0259r Q\u0259rbi Az\u0259rbaycan\u0131n\nq\u0259dim d\u00f6vrl\u0259rd\u0259n etibar\u0259n m\u0259skunla\u015fma m\u0259kan\u0131 oldu\u011funu elmi \u015f\u0259kild\u0259 t\u0259sdiql\u0259yir.<o:p><\/o:p><\/span><\/p><p style=\"margin-bottom:0cm;text-indent:35.45pt;line-height:normal\"><b><span lang=\"AZ-LATIN\" style=\"font-family:&quot;Times New Roman&quot;,serif;mso-ansi-language:AZ-LATIN\">3. Assuriya-Babil yaz\u0131lar\u0131nda Az\u0259rbaycan izl\u0259ri<o:p><\/o:p><\/span><\/b><\/p><p style=\"margin-bottom:0cm;text-indent:35.45pt;line-height:normal\"><span lang=\"AZ-LATIN\" style=\"font-family:&quot;Times New Roman&quot;,serif;mso-ansi-language:AZ-LATIN\">T\u0259dqiqat\u00e7\u0131 Assuriya h\u00f6kmdarlar\u0131 II Sarqon, III\nSalmanasar v\u0259 III Tiqlatpalasar\u0131n y\u00fcr\u00fc\u015f qeydl\u0259rind\u0259n istifad\u0259 ed\u0259r\u0259k Q\u0259rbi Az\u0259rbaycan\n\u0259razil\u0259rind\u0259 ya\u015fayan tayfalar\u0131n tarixi bar\u0259d\u0259 dan\u0131\u015fd\u0131. Bu m\u0259nb\u0259l\u0259rd\u0259 etnik t\u0259rkib,\niqtisadi f\u0259aliyy\u0259t, \u00f6lk\u0259l\u0259raras\u0131 ticar\u0259t yollar\u0131n\u0131n ke\u00e7diyi \u0259razil\u0259r kimi m\u0259lumatlar\nx\u00fcsusi detallarla verilir.<o:p><\/o:p><\/span><\/p><p style=\"margin-bottom:0cm;text-indent:35.45pt;line-height:normal\"><b><span lang=\"AZ-LATIN\" style=\"font-family:&quot;Times New Roman&quot;,serif;mso-ansi-language:AZ-LATIN\">4. Midiya v\u0259 \u018fh\u0259m\u0259ni mixiyaz\u0131l\u0131 kitab\u0259l\u0259ri<o:p><\/o:p><\/span><\/b><\/p><p style=\"margin-bottom:0cm;text-indent:35.45pt;line-height:normal\"><span lang=\"AZ-LATIN\" style=\"font-family:&quot;Times New Roman&quot;,serif;mso-ansi-language:AZ-LATIN\">Ramin \u018flizad\u0259 x\u00fcsusil\u0259 \u018fh\u0259m\u0259ni d\u00f6vl\u0259tin\u0259 aid\nBehistun v\u0259 Persepolis yaz\u0131lar\u0131n\u0131n \u0259h\u0259miyy\u0259tini qeyd etdi. Onun fikrinc\u0259, bu m\u0259nb\u0259l\u0259r\nAz\u0259rbaycan\u0131n q\u0259dim d\u00f6vrl\u0259rd\u0259 b\u00f6y\u00fck imperiyalarla siyasi v\u0259 iqtisadi \u0259laq\u0259l\u0259rini\ng\u00f6st\u0259r\u0259n \u0259n m\u00fch\u00fcm yaz\u0131l\u0131 faktlardand\u0131r. O, h\u0259min m\u0259nb\u0259l\u0259rd\u0259 qeyd olunan \u0259yal\u0259tl\u0259rin\nv\u0259 xalqlar\u0131n adlar\u0131n\u0131n m\u00fcasir Q\u0259rbi Az\u0259rbaycan co\u011frafiyas\u0131 il\u0259 uzla\u015fd\u0131\u011f\u0131n\u0131\nx\u00fcsusi vur\u011fulad\u0131.<o:p><\/o:p><\/span><\/p><p style=\"margin-bottom:0cm;text-indent:35.45pt;line-height:normal\"><b><span lang=\"AZ-LATIN\" style=\"font-family:&quot;Times New Roman&quot;,serif;mso-ansi-language:AZ-LATIN\">5. Q\u0259rbi Az\u0259rbaycanla ba\u011fl\u0131 yeni elmi faktlar<o:p><\/o:p><\/span><\/b><\/p><p style=\"margin-bottom:0cm;text-indent:35.45pt;line-height:normal\"><span lang=\"AZ-LATIN\" style=\"font-family:&quot;Times New Roman&quot;,serif;mso-ansi-language:AZ-LATIN\">M\u0259ruz\u0259\u00e7i ara\u015fd\u0131rmalar zaman\u0131 daha \u0259vv\u0259l geni\u015f i\u015fl\u0259nm\u0259mi\u015f\nv\u0259 ya yeni tap\u0131lm\u0131\u015f b\u0259zi mixiyaz\u0131l\u0131 m\u0259nb\u0259l\u0259rd\u0259n d\u0259 n\u00fcmun\u0259l\u0259r t\u0259qdim etdi. <\/span><span lang=\"RU\" style=\"font-family:&quot;Times New Roman&quot;,serif\">Bu materiallarda:<o:p><\/o:p><\/span><\/p><p style=\"margin:0cm;text-indent:35.45pt;line-height:normal;mso-list:l0 level1 lfo1;tab-stops:list 36.0pt\"><!--[if !supportLists]--><span lang=\"RU\" style=\"font-size:10.0pt;mso-bidi-font-size:12.0pt;font-family:Symbol;mso-fareast-font-family:Symbol;mso-bidi-font-family:Symbol\">\u00b7<span style=\"font-variant-numeric: normal; font-variant-east-asian: normal; font-variant-alternates: normal; font-size-adjust: none; font-kerning: auto; font-optical-sizing: auto; font-feature-settings: normal; font-variation-settings: normal; font-variant-position: normal; font-variant-emoji: normal; font-stretch: normal; font-size: 7pt; line-height: normal; font-family: &quot;Times New Roman&quot;;\">&nbsp;&nbsp;&nbsp;&nbsp;&nbsp;&nbsp;&nbsp;&nbsp;&nbsp;&nbsp;&nbsp;&nbsp;&nbsp;&nbsp;&nbsp;&nbsp;&nbsp;&nbsp;&nbsp;&nbsp;&nbsp;\n<\/span><\/span><!--[endif]--><span lang=\"RU\" style=\"font-family:&quot;Times New Roman&quot;,serif\">q\u0259dim\nAz\u0259rbaycan tayfalar\u0131n\u0131n adlar\u0131n\u0131n,<o:p><\/o:p><\/span><\/p><p style=\"margin:0cm;text-indent:35.45pt;line-height:normal;mso-list:l0 level1 lfo1;tab-stops:list 36.0pt\"><!--[if !supportLists]--><span lang=\"RU\" style=\"font-size:10.0pt;mso-bidi-font-size:12.0pt;font-family:Symbol;mso-fareast-font-family:Symbol;mso-bidi-font-family:Symbol\">\u00b7<span style=\"font-variant-numeric: normal; font-variant-east-asian: normal; font-variant-alternates: normal; font-size-adjust: none; font-kerning: auto; font-optical-sizing: auto; font-feature-settings: normal; font-variation-settings: normal; font-variant-position: normal; font-variant-emoji: normal; font-stretch: normal; font-size: 7pt; line-height: normal; font-family: &quot;Times New Roman&quot;;\">&nbsp;&nbsp;&nbsp;&nbsp;&nbsp;&nbsp;&nbsp;&nbsp;&nbsp;&nbsp;&nbsp;&nbsp;&nbsp;&nbsp;&nbsp;&nbsp;&nbsp;&nbsp;&nbsp;&nbsp;&nbsp;\n<\/span><\/span><!--[endif]--><span lang=\"RU\" style=\"font-family:&quot;Times New Roman&quot;,serif\">G\u00f6y\u00e7\u0259\nv\u0259 Araz vadisi il\u0259 ba\u011fl\u0131 toponiml\u0259rin,<o:p><\/o:p><\/span><\/p><p style=\"margin:0cm;text-indent:35.45pt;line-height:normal;mso-list:l0 level1 lfo1;tab-stops:list 36.0pt\"><!--[if !supportLists]--><span lang=\"RU\" style=\"font-size:10.0pt;mso-bidi-font-size:12.0pt;font-family:Symbol;mso-fareast-font-family:Symbol;mso-bidi-font-family:Symbol\">\u00b7<span style=\"font-variant-numeric: normal; font-variant-east-asian: normal; font-variant-alternates: normal; font-size-adjust: none; font-kerning: auto; font-optical-sizing: auto; font-feature-settings: normal; font-variation-settings: normal; font-variant-position: normal; font-variant-emoji: normal; font-stretch: normal; font-size: 7pt; line-height: normal; font-family: &quot;Times New Roman&quot;;\">&nbsp;&nbsp;&nbsp;&nbsp;&nbsp;&nbsp;&nbsp;&nbsp;&nbsp;&nbsp;&nbsp;&nbsp;&nbsp;&nbsp;&nbsp;&nbsp;&nbsp;&nbsp;&nbsp;&nbsp;&nbsp;\n<\/span><\/span><!--[endif]--><span lang=\"RU\" style=\"font-family:&quot;Times New Roman&quot;,serif\">regionda\nd\u00f6vl\u0259t\u00e7iliyin ilkin formalar\u0131n\u0131n,<o:p><\/o:p><\/span><\/p><p style=\"margin:0cm;text-indent:35.45pt;line-height:normal;mso-list:l0 level1 lfo1;tab-stops:list 36.0pt\"><!--[if !supportLists]--><span lang=\"RU\" style=\"font-size:10.0pt;mso-bidi-font-size:12.0pt;font-family:Symbol;mso-fareast-font-family:Symbol;mso-bidi-font-family:Symbol\">\u00b7<span style=\"font-variant-numeric: normal; font-variant-east-asian: normal; font-variant-alternates: normal; font-size-adjust: none; font-kerning: auto; font-optical-sizing: auto; font-feature-settings: normal; font-variation-settings: normal; font-variant-position: normal; font-variant-emoji: normal; font-stretch: normal; font-size: 7pt; line-height: normal; font-family: &quot;Times New Roman&quot;;\">&nbsp;&nbsp;&nbsp;&nbsp;&nbsp;&nbsp;&nbsp;&nbsp;&nbsp;&nbsp;&nbsp;&nbsp;&nbsp;&nbsp;&nbsp;&nbsp;&nbsp;&nbsp;&nbsp;&nbsp;&nbsp;\n<\/span><\/span><!--[endif]--><span lang=\"RU\" style=\"font-family:&quot;Times New Roman&quot;,serif\">iqtisadi\nv\u0259 h\u0259rbi f\u0259aliyy\u0259tl\u0259rin<o:p><\/o:p><\/span><\/p><p style=\"margin-bottom:0cm;text-indent:35.45pt;line-height:normal\"><span lang=\"RU\" style=\"font-family:&quot;Times New Roman&quot;,serif\">ayd\u0131n t\u0259sviri\nauditoriya il\u0259 b\u00f6l\u00fc\u015f\u00fcld\u00fc.<o:p><\/o:p><\/span><\/p><p style=\"margin-bottom:0cm;text-indent:35.45pt;line-height:normal\"><span lang=\"AZ-LATIN\" style=\"font-family:&quot;Times New Roman&quot;,serif;mso-ansi-language:AZ-LATIN\">&nbsp;<\/span><\/p><p style=\"margin-bottom:0cm;text-indent:35.45pt;line-height:normal\"><span lang=\"AZ-LATIN\" style=\"font-family:&quot;Times New Roman&quot;,serif;mso-ansi-language:AZ-LATIN\">Ramin \u018flizad\u0259 \u00e7\u0131x\u0131\u015f\u0131n\u0131n sonunda qeyd etdi ki,\nmixiyaz\u0131l\u0131 m\u0259nb\u0259l\u0259rin analizi Q\u0259rbi Az\u0259rbaycan tarixinin d\u0259rin k\u00f6kl\u0259r\u0259 malik\noldu\u011funu s\u00fcbut etm\u0259kl\u0259 yana\u015f\u0131, b\u00f6lg\u0259d\u0259 az\u0259rbaycanl\u0131lar\u0131n q\u0259dim etno-m\u0259d\u0259ni varl\u0131\u011f\u0131n\u0131n\ndan\u0131lmaz elmi \u0259saslar\u0131n\u0131 ortaya qoyur. O bildirdi ki, bu istiqam\u0259td\u0259 apar\u0131lan t\u0259dqiqatlar\nyaln\u0131z tarixi h\u0259qiq\u0259tl\u0259rin b\u0259rpas\u0131 deyil, h\u0259m d\u0259 m\u00fcasir d\u00f6vr \u00fc\u00e7\u00fcn strateji \u0259h\u0259miyy\u0259t\nda\u015f\u0131y\u0131r.<o:p><\/o:p><\/span><\/p><p style=\"margin-bottom:0cm;text-indent:35.45pt;line-height:normal\"><span lang=\"AZ-LATIN\" style=\"font-family:&quot;Times New Roman&quot;,serif;mso-ansi-language:AZ-LATIN\">M\u0259ruz\u0259 h\u0259m akademik bax\u0131mdan z\u0259ngin faktlarla, h\u0259m\nd\u0259 yeni elmi yana\u015fmalarla yadda qald\u0131 v\u0259 auditoriyada b\u00f6y\u00fck maraq oyatd\u0131.<\/span><\/p>\t\t\t\t\t<\/div>\n\t\t\t\t\t\t<\/div>\n\t\t\t\t<\/div>\n\t\t\t\t\t\t<\/div>\n\t\t\t\t\t<\/div>\n\t\t<\/div>\n\t\t\t\t\t\t\t\t<\/div>\n\t\t\t\t\t<\/div>\n\t\t<\/section>\n\t\t\t\t<section class=\"elementor-section elementor-top-section elementor-element elementor-element-8ca9194 elementor-section-boxed elementor-section-height-default elementor-section-height-default\" data-id=\"8ca9194\" data-element_type=\"section\">\n\t\t\t\t\t\t<div class=\"elementor-container elementor-column-gap-default\">\n\t\t\t\t\t\t\t<div class=\"elementor-row\">\n\t\t\t\t\t<div class=\"elementor-column elementor-col-100 elementor-top-column elementor-element elementor-element-d601585\" data-id=\"d601585\" data-element_type=\"column\">\n\t\t\t<div class=\"elementor-column-wrap elementor-element-populated\">\n\t\t\t\t\t\t\t<div class=\"elementor-widget-wrap\">\n\t\t\t\t\t\t<div class=\"elementor-element elementor-element-bb7dd03 elementor-arrows-position-inside elementor-pagination-position-outside elementor-widget elementor-widget-image-carousel\" data-id=\"bb7dd03\" data-element_type=\"widget\" data-settings=\"{&quot;navigation&quot;:&quot;both&quot;,&quot;autoplay&quot;:&quot;yes&quot;,&quot;pause_on_hover&quot;:&quot;yes&quot;,&quot;pause_on_interaction&quot;:&quot;yes&quot;,&quot;autoplay_speed&quot;:5000,&quot;infinite&quot;:&quot;yes&quot;,&quot;speed&quot;:500}\" data-widget_type=\"image-carousel.default\">\n\t\t\t\t<div class=\"elementor-widget-container\">\n\t\t\t\t\t<div class=\"elementor-image-carousel-wrapper swiper-container\" dir=\"ltr\">\n\t\t\t<div class=\"elementor-image-carousel swiper-wrapper\">\n\t\t\t\t<div class=\"swiper-slide\"><a data-elementor-open-lightbox=\"yes\" data-elementor-lightbox-slideshow=\"bb7dd03\" href=\"https:\/\/legacy.dia.edu.az\/wp-content\/uploads\/2025\/12\/DSC_9948.jpg\"><figure class=\"swiper-slide-inner\"><img class=\"swiper-slide-image\" src=\"https:\/\/legacy.dia.edu.az\/wp-content\/uploads\/2025\/12\/DSC_9948-150x150.jpg\" alt=\"\" \/><\/figure><\/a><\/div><div class=\"swiper-slide\"><a data-elementor-open-lightbox=\"yes\" data-elementor-lightbox-slideshow=\"bb7dd03\" href=\"https:\/\/legacy.dia.edu.az\/wp-content\/uploads\/2025\/12\/DSC_9941.jpg\"><figure class=\"swiper-slide-inner\"><img class=\"swiper-slide-image\" src=\"https:\/\/legacy.dia.edu.az\/wp-content\/uploads\/2025\/12\/DSC_9941-150x150.jpg\" alt=\"\" \/><\/figure><\/a><\/div><div class=\"swiper-slide\"><a data-elementor-open-lightbox=\"yes\" data-elementor-lightbox-slideshow=\"bb7dd03\" href=\"https:\/\/legacy.dia.edu.az\/wp-content\/uploads\/2025\/12\/DSC_9924.jpg\"><figure class=\"swiper-slide-inner\"><img class=\"swiper-slide-image\" src=\"https:\/\/legacy.dia.edu.az\/wp-content\/uploads\/2025\/12\/DSC_9924-150x150.jpg\" alt=\"\" \/><\/figure><\/a><\/div><div class=\"swiper-slide\"><a data-elementor-open-lightbox=\"yes\" data-elementor-lightbox-slideshow=\"bb7dd03\" href=\"https:\/\/legacy.dia.edu.az\/wp-content\/uploads\/2025\/12\/DSC_9908.jpg\"><figure class=\"swiper-slide-inner\"><img class=\"swiper-slide-image\" src=\"https:\/\/legacy.dia.edu.az\/wp-content\/uploads\/2025\/12\/DSC_9908-150x150.jpg\" alt=\"\" \/><\/figure><\/a><\/div><div class=\"swiper-slide\"><a data-elementor-open-lightbox=\"yes\" data-elementor-lightbox-slideshow=\"bb7dd03\" href=\"https:\/\/legacy.dia.edu.az\/wp-content\/uploads\/2025\/12\/DSC_9902.jpg\"><figure class=\"swiper-slide-inner\"><img class=\"swiper-slide-image\" src=\"https:\/\/legacy.dia.edu.az\/wp-content\/uploads\/2025\/12\/DSC_9902-150x150.jpg\" alt=\"\" \/><\/figure><\/a><\/div><div class=\"swiper-slide\"><a data-elementor-open-lightbox=\"yes\" data-elementor-lightbox-slideshow=\"bb7dd03\" href=\"https:\/\/legacy.dia.edu.az\/wp-content\/uploads\/2025\/12\/DSC_9896.jpg\"><figure class=\"swiper-slide-inner\"><img class=\"swiper-slide-image\" src=\"https:\/\/legacy.dia.edu.az\/wp-content\/uploads\/2025\/12\/DSC_9896-150x150.jpg\" alt=\"\" \/><\/figure><\/a><\/div>\t\t\t<\/div>\n\t\t\t\t\t\t\t\t\t\t\t\t<div class=\"swiper-pagination\"><\/div>\n\t\t\t\t\t\t\t\t\t\t\t\t\t<div class=\"elementor-swiper-button elementor-swiper-button-prev\">\n\t\t\t\t\t\t<i class=\"eicon-chevron-left\" aria-hidden=\"true\"><\/i>\n\t\t\t\t\t\t<span class=\"elementor-screen-only\">Previous<\/span>\n\t\t\t\t\t<\/div>\n\t\t\t\t\t<div class=\"elementor-swiper-button elementor-swiper-button-next\">\n\t\t\t\t\t\t<i class=\"eicon-chevron-right\" aria-hidden=\"true\"><\/i>\n\t\t\t\t\t\t<span class=\"elementor-screen-only\">Next<\/span>\n\t\t\t\t\t<\/div>\n\t\t\t\t\t\t\t\t\t<\/div>\n\t\t\t\t<\/div>\n\t\t\t\t<\/div>\n\t\t\t\t\t\t<\/div>\n\t\t\t\t\t<\/div>\n\t\t<\/div>\n\t\t\t\t\t\t\t\t<\/div>\n\t\t\t\t\t<\/div>\n\t\t<\/section>\n\t\t\t\t\t\t<\/div>\n\t\t\t\t\t\t<\/div>\n\t\t\t\t\t<\/div>","protected":false},"excerpt":{"rendered":"<p>Dekabr\u0131n 4 -d\u0259 Az\u0259rbaycan Respublikas\u0131n\u0131n&nbsp; Prezidenti yan\u0131nda D\u00f6vl\u0259t \u0130dar\u0259\u00e7ilik Akademiyas\u0131,Q\u0259rbi Az\u0259rbaycan Ara\u015fd\u0131rmalar M\u0259rk\u0259zinin t\u0259\u015fkilat\u00e7\u0131l\u0131\u011f\u0131 il\u0259 &#8220;Q\u0259rbi Az\u0259rbaycan mixiyaz\u0131l\u0131 m\u0259nb\u0259l\u0259rd\u0259&#8221; m\u00f6vzusunda seminar ba\u015f tutmu\u015fdur. &nbsp;T\u0259dbiri giri\u015f s\u00f6z\u00fc il\u0259 a\u00e7an Tarix kafedras\u0131n\u0131n m\u00fcdiri, Q\u0259rbi Az\u0259rbaycan Ara\u015fd\u0131rmalar\u0131 M\u0259rk\u0259zinin r\u0259hb\u0259ri Firdovsiy\u0259 \u018fhm\u0259dova M\u0259rk\u0259zin \u00e7ox\u015fax\u0259li f\u0259aliyy\u0259tin\u0259 toxunaraq bildirdi ki, son ill\u0259rd\u0259 Q\u0259rbi Az\u0259rbaycanla ba\u011fl\u0131 m\u00fcxt\u0259lif istiqam\u0259tl\u0259rd\u0259 sistemli elmi t\u0259dqiqatlara ba\u015flan\u0131b. [&hellip;]<\/p>","protected":false},"author":2,"featured_media":28613,"comment_status":"closed","ping_status":"closed","sticky":false,"template":"","format":"standard","meta":[],"categories":[137],"tags":[],"_links":{"self":[{"href":"https:\/\/legacy.dia.edu.az\/en\/wp-json\/wp\/v2\/posts\/28611"}],"collection":[{"href":"https:\/\/legacy.dia.edu.az\/en\/wp-json\/wp\/v2\/posts"}],"about":[{"href":"https:\/\/legacy.dia.edu.az\/en\/wp-json\/wp\/v2\/types\/post"}],"author":[{"embeddable":true,"href":"https:\/\/legacy.dia.edu.az\/en\/wp-json\/wp\/v2\/users\/2"}],"replies":[{"embeddable":true,"href":"https:\/\/legacy.dia.edu.az\/en\/wp-json\/wp\/v2\/comments?post=28611"}],"version-history":[{"count":5,"href":"https:\/\/legacy.dia.edu.az\/en\/wp-json\/wp\/v2\/posts\/28611\/revisions"}],"predecessor-version":[{"id":28631,"href":"https:\/\/legacy.dia.edu.az\/en\/wp-json\/wp\/v2\/posts\/28611\/revisions\/28631"}],"wp:featuredmedia":[{"embeddable":true,"href":"https:\/\/legacy.dia.edu.az\/en\/wp-json\/wp\/v2\/media\/28613"}],"wp:attachment":[{"href":"https:\/\/legacy.dia.edu.az\/en\/wp-json\/wp\/v2\/media?parent=28611"}],"wp:term":[{"taxonomy":"category","embeddable":true,"href":"https:\/\/legacy.dia.edu.az\/en\/wp-json\/wp\/v2\/categories?post=28611"},{"taxonomy":"post_tag","embeddable":true,"href":"https:\/\/legacy.dia.edu.az\/en\/wp-json\/wp\/v2\/tags?post=28611"}],"curies":[{"name":"wp","href":"https:\/\/api.w.org\/{rel}","templated":true}]}}