{"id":28588,"date":"2025-12-04T15:03:41","date_gmt":"2025-12-04T11:03:41","guid":{"rendered":"https:\/\/dia.edu.az\/?p=28588"},"modified":"2025-12-09T10:08:42","modified_gmt":"2025-12-09T06:08:42","slug":"dovl%c9%99t-idar%c9%99cilik-akademiyasinin-professoru-d%c9%99yirmi-masada-cixis-etmisdir","status":"publish","type":"post","link":"https:\/\/legacy.dia.edu.az\/en\/arxivl\u0259r\/28588","title":{"rendered":"D\u0130A-n\u0131n professoru d\u0259yirmi masada \u00e7\u0131x\u0131\u015f etmi\u015fdir"},"content":{"rendered":"<div data-elementor-type=\"wp-post\" data-elementor-id=\"28588\" class=\"elementor elementor-28588\" data-elementor-settings=\"[]\">\n\t\t\t\t\t\t<div class=\"elementor-inner\">\n\t\t\t\t\t\t\t<div class=\"elementor-section-wrap\">\n\t\t\t\t\t\t\t<section class=\"elementor-section elementor-top-section elementor-element elementor-element-99bc9b1 elementor-section-boxed elementor-section-height-default elementor-section-height-default\" data-id=\"99bc9b1\" data-element_type=\"section\">\n\t\t\t\t\t\t<div class=\"elementor-container elementor-column-gap-default\">\n\t\t\t\t\t\t\t<div class=\"elementor-row\">\n\t\t\t\t\t<div class=\"elementor-column elementor-col-100 elementor-top-column elementor-element elementor-element-3419013\" data-id=\"3419013\" data-element_type=\"column\">\n\t\t\t<div class=\"elementor-column-wrap elementor-element-populated\">\n\t\t\t\t\t\t\t<div class=\"elementor-widget-wrap\">\n\t\t\t\t\t\t<div class=\"elementor-element elementor-element-b976377 elementor-widget elementor-widget-text-editor\" data-id=\"b976377\" data-element_type=\"widget\" data-widget_type=\"text-editor.default\">\n\t\t\t\t<div class=\"elementor-widget-container\">\n\t\t\t\t\t\t\t\t<div class=\"elementor-text-editor elementor-clearfix\">\n\t\t\t\t\t<p><span lang=\"AZ-LATIN\" style=\"font-family:&quot;Arial&quot;,sans-serif;mso-ansi-language:AZ-LATIN\">Dekabr\u0131n 3-d\u0259 Sosial T\u0259dqiqatlar M\u0259rk\u0259zind\u0259 (STM)\nPrezident \u0130lham \u018fliyevin Az\u0259rbaycan Milli Elml\u0259r Akademiyas\u0131n\u0131n (AMEA) 80 illik\nyubileyind\u0259ki \u00e7\u0131x\u0131\u015f\u0131na h\u0259sr olunmu\u015f \u201cSosial v\u0259 siyasi elml\u0259r m\u00fcasir \u00e7a\u011f\u0131r\u0131\u015flar\nqar\u015f\u0131s\u0131nda: beyin m\u0259rk\u0259zl\u0259ri, akademik elm v\u0259 universitetl\u0259rin v\u0259zif\u0259l\u0259ri\u201d\nm\u00f6vzusunda d\u0259yirmi masa ke\u00e7irilib.<o:p><\/o:p><\/span><\/p><p><span lang=\"AZ-LATIN\" style=\"font-family:&quot;Arial&quot;,sans-serif;mso-ansi-language:AZ-LATIN\">T\u0259dbird\u0259 sosial v\u0259 siyasi elml\u0259rin m\u00fcasir d\u00f6vrd\u0259\nqar\u015f\u0131s\u0131nda dayanan \u0259sas \u00e7a\u011f\u0131r\u0131\u015flar, elmi t\u0259dqiqatlar\u0131n d\u00f6vl\u0259t siyas\u0259ti il\u0259\nuzla\u015fd\u0131r\u0131lmas\u0131, elmin strateji q\u0259rarlar\u0131n formala\u015fmas\u0131nda rolu v\u0259 akademik\nm\u00fchitin qlobal prosesl\u0259r fonunda m\u0259suliyy\u0259ti geni\u015f \u015f\u0259kild\u0259 m\u00fczakir\u0259 olunub.<o:p><\/o:p><\/span><\/p><p><span lang=\"AZ-LATIN\" style=\"font-family:&quot;Arial&quot;,sans-serif;mso-ansi-language:AZ-LATIN\">T\u0259dbird\u0259 \u00e7\u0131x\u0131\u015f ed\u0259n Az\u0259rbaycan Respublikas\u0131\nPrezidenti yan\u0131nda D\u00f6vl\u0259t \u0130dar\u0259\u00e7ilik Akademiyas\u0131n\u0131n H\u00fcquq kafedras\u0131n\u0131n m\u00fcdiri\n\u0130saxan V\u0259liyev milli kimliyimizi qorumaq \u00fc\u00e7\u00fcn \u0259vv\u0259lc\u0259 ana dilimiz\u0259 m\u00fcnasib\u0259timizi\nd\u00fczg\u00fcn qurmal\u0131 oldu\u011fumuzu bildirmi\u015fdir. <i>\u201cAna dilin\u0259 m\u00fcnasib\u0259t iki aspektd\u0259\n\u00f6z\u00fcn\u00fc g\u00f6st\u0259rir. Birincisi, sosial funksiyalar, ikincisi is\u0259 siyasi funksiyalard\u0131r.<\/i><\/span><i><span lang=\"AZ-LATIN\" style=\"font-family:Roboto;mso-fareast-font-family:&quot;Times New Roman&quot;;mso-bidi-font-family:&quot;Times New Roman&quot;;color:#1F2F4A;mso-font-kerning:0pt;mso-ligatures:none;mso-ansi-language:AZ-LATIN;mso-fareast-language:RU\"> <\/span><\/i><i><span lang=\"AZ-LATIN\" style=\"font-family:&quot;Arial&quot;,sans-serif;mso-ansi-language:AZ-LATIN\">Bu\ns\u00f6zl\u0259ri Prezident \u0130lham \u018fliyevin AMEA-n\u0131n 80 illik yubileyind\u0259ki \u00e7\u0131x\u0131\u015f\u0131na h\u0259sr\nolunmu\u015f Sosial T\u0259dqiqatlar M\u0259rk\u0259zi t\u0259r\u0259find\u0259n t\u0259\u015fkil olunmu\u015f d\u0259yirmi masada\ns\u00f6yl\u0259yib. O bildirib ki, sosial funksiyalarla ba\u011fl\u0131 m\u00fcxt\u0259lif fikirl\u0259r\nm\u00f6vcuddur. Az\u0259rbaycan kontekstind\u0259 ana dilinin t\u0259xmin\u0259n 8 \u0259sas funksiyas\u0131\nse\u00e7ilib. Bu funksiyalar\u0131n h\u0259r birinin arxas\u0131nda ya qanunvericilik, ya da Az\u0259rbaycan\nRespublikas\u0131n\u0131n Konstitusiyas\u0131nda \u00f6z \u0259ksini tapm\u0131\u015f prinsipl\u0259r dayan\u0131r\u201d.<\/span><\/i><span lang=\"AZ-LATIN\" style=\"font-family:&quot;Arial&quot;,sans-serif;mso-ansi-language:AZ-LATIN\"><o:p><\/o:p><\/span><\/p><p>\n\n\n\n\n\n<\/p><p><i><span lang=\"AZ-LATIN\" style=\"font-family:&quot;Arial&quot;,sans-serif;mso-ansi-language:AZ-LATIN\">&#8220;Dil\u0259 m\u00fcnasib\u0259t yaln\u0131z m\u0259n\u0259vi yana\u015fma il\u0259 qoruna\nbilm\u0259z. Ana dilimizin qorunmas\u0131 v\u0259 inki\u015faf\u0131 \u00fc\u00e7\u00fcn h\u0259m d\u0259 qanun\u00e7uluq v\u0259 h\u00fcquqi\nbazan\u0131n m\u00f6vcudlu\u011fu vacibdir. Az\u0259rbaycan Respublikas\u0131n\u0131n qanunlar\u0131 v\u0259 Prezident\n\u0130lham \u018fliyevin dilimizin qorunmas\u0131 v\u0259 inki\u015faf\u0131na dair q\u0259bul etdiyi m\u00fcxt\u0259lif\nproqramlar bu h\u00fcquqi baza v\u0259 Konstitusiya prinsipl\u0259rin\u0259 xidm\u0259t ed\u0259n \u0259sas amill\u0259rdir&#8221;,<\/span><\/i><span lang=\"AZ-LATIN\" style=\"font-family:&quot;Arial&quot;,sans-serif;mso-ansi-language:AZ-LATIN\">\n&#8211; dey\u0259 \u0130.V\u0259liyev vur\u011fulay\u0131b.<\/span><\/p><p><span lang=\"AZ-LATIN\" style=\"font-family:&quot;Arial&quot;,sans-serif;mso-ansi-language:AZ-LATIN\">&nbsp; <\/span><span lang=\"RU\"><a href=\"https:\/\/azertag.az\/xeber\/professor_dile_munasibet_yalniz_menevi_yanasma_ile_qoruna_bilmez-3894399\"><span lang=\"AZ-LATIN\" style=\"font-family:&quot;Arial&quot;,sans-serif;mso-ansi-language:AZ-LATIN\">https:\/\/azertag.az\/xeber\/professor_dile_munasibet_yalniz_menevi_yanasma_ile_qoruna_bilmez-3894399<\/span><\/a><\/span><\/p>\t\t\t\t\t<\/div>\n\t\t\t\t\t\t<\/div>\n\t\t\t\t<\/div>\n\t\t\t\t\t\t<\/div>\n\t\t\t\t\t<\/div>\n\t\t<\/div>\n\t\t\t\t\t\t\t\t<\/div>\n\t\t\t\t\t<\/div>\n\t\t<\/section>\n\t\t\t\t<section class=\"elementor-section elementor-top-section elementor-element elementor-element-44105a7 elementor-section-boxed elementor-section-height-default elementor-section-height-default\" data-id=\"44105a7\" data-element_type=\"section\">\n\t\t\t\t\t\t<div class=\"elementor-container elementor-column-gap-default\">\n\t\t\t\t\t\t\t<div class=\"elementor-row\">\n\t\t\t\t\t<div class=\"elementor-column elementor-col-100 elementor-top-column elementor-element elementor-element-e128d93\" data-id=\"e128d93\" data-element_type=\"column\">\n\t\t\t<div class=\"elementor-column-wrap elementor-element-populated\">\n\t\t\t\t\t\t\t<div class=\"elementor-widget-wrap\">\n\t\t\t\t\t\t<div class=\"elementor-element elementor-element-0bb9a3a elementor-arrows-position-inside elementor-pagination-position-outside elementor-widget elementor-widget-image-carousel\" data-id=\"0bb9a3a\" data-element_type=\"widget\" data-settings=\"{&quot;navigation&quot;:&quot;both&quot;,&quot;autoplay&quot;:&quot;yes&quot;,&quot;pause_on_hover&quot;:&quot;yes&quot;,&quot;pause_on_interaction&quot;:&quot;yes&quot;,&quot;autoplay_speed&quot;:5000,&quot;infinite&quot;:&quot;yes&quot;,&quot;speed&quot;:500}\" data-widget_type=\"image-carousel.default\">\n\t\t\t\t<div class=\"elementor-widget-container\">\n\t\t\t\t\t<div class=\"elementor-image-carousel-wrapper swiper-container\" dir=\"ltr\">\n\t\t\t<div class=\"elementor-image-carousel swiper-wrapper\">\n\t\t\t\t<div class=\"swiper-slide\"><a data-elementor-open-lightbox=\"yes\" data-elementor-lightbox-slideshow=\"0bb9a3a\" href=\"https:\/\/legacy.dia.edu.az\/wp-content\/uploads\/2025\/12\/stnm-4.jpg\"><figure class=\"swiper-slide-inner\"><img class=\"swiper-slide-image\" src=\"https:\/\/legacy.dia.edu.az\/wp-content\/uploads\/2025\/12\/stnm-4-150x150.jpg\" alt=\"\" \/><\/figure><\/a><\/div>\t\t\t<\/div>\n\t\t\t\t\t<\/div>\n\t\t\t\t<\/div>\n\t\t\t\t<\/div>\n\t\t\t\t\t\t<\/div>\n\t\t\t\t\t<\/div>\n\t\t<\/div>\n\t\t\t\t\t\t\t\t<\/div>\n\t\t\t\t\t<\/div>\n\t\t<\/section>\n\t\t\t\t\t\t<\/div>\n\t\t\t\t\t\t<\/div>\n\t\t\t\t\t<\/div>","protected":false},"excerpt":{"rendered":"<p>Dekabr\u0131n 3-d\u0259 Sosial T\u0259dqiqatlar M\u0259rk\u0259zind\u0259 (STM) Prezident \u0130lham \u018fliyevin Az\u0259rbaycan Milli Elml\u0259r Akademiyas\u0131n\u0131n (AMEA) 80 illik yubileyind\u0259ki \u00e7\u0131x\u0131\u015f\u0131na h\u0259sr olunmu\u015f \u201cSosial v\u0259 siyasi elml\u0259r m\u00fcasir \u00e7a\u011f\u0131r\u0131\u015flar qar\u015f\u0131s\u0131nda: beyin m\u0259rk\u0259zl\u0259ri, akademik elm v\u0259 universitetl\u0259rin v\u0259zif\u0259l\u0259ri\u201d m\u00f6vzusunda d\u0259yirmi masa ke\u00e7irilib. T\u0259dbird\u0259 sosial v\u0259 siyasi elml\u0259rin m\u00fcasir d\u00f6vrd\u0259 qar\u015f\u0131s\u0131nda dayanan \u0259sas \u00e7a\u011f\u0131r\u0131\u015flar, elmi t\u0259dqiqatlar\u0131n d\u00f6vl\u0259t siyas\u0259ti il\u0259 uzla\u015fd\u0131r\u0131lmas\u0131, [&hellip;]<\/p>","protected":false},"author":2,"featured_media":28589,"comment_status":"closed","ping_status":"closed","sticky":false,"template":"","format":"standard","meta":[],"categories":[137],"tags":[],"_links":{"self":[{"href":"https:\/\/legacy.dia.edu.az\/en\/wp-json\/wp\/v2\/posts\/28588"}],"collection":[{"href":"https:\/\/legacy.dia.edu.az\/en\/wp-json\/wp\/v2\/posts"}],"about":[{"href":"https:\/\/legacy.dia.edu.az\/en\/wp-json\/wp\/v2\/types\/post"}],"author":[{"embeddable":true,"href":"https:\/\/legacy.dia.edu.az\/en\/wp-json\/wp\/v2\/users\/2"}],"replies":[{"embeddable":true,"href":"https:\/\/legacy.dia.edu.az\/en\/wp-json\/wp\/v2\/comments?post=28588"}],"version-history":[{"count":6,"href":"https:\/\/legacy.dia.edu.az\/en\/wp-json\/wp\/v2\/posts\/28588\/revisions"}],"predecessor-version":[{"id":28668,"href":"https:\/\/legacy.dia.edu.az\/en\/wp-json\/wp\/v2\/posts\/28588\/revisions\/28668"}],"wp:featuredmedia":[{"embeddable":true,"href":"https:\/\/legacy.dia.edu.az\/en\/wp-json\/wp\/v2\/media\/28589"}],"wp:attachment":[{"href":"https:\/\/legacy.dia.edu.az\/en\/wp-json\/wp\/v2\/media?parent=28588"}],"wp:term":[{"taxonomy":"category","embeddable":true,"href":"https:\/\/legacy.dia.edu.az\/en\/wp-json\/wp\/v2\/categories?post=28588"},{"taxonomy":"post_tag","embeddable":true,"href":"https:\/\/legacy.dia.edu.az\/en\/wp-json\/wp\/v2\/tags?post=28588"}],"curies":[{"name":"wp","href":"https:\/\/api.w.org\/{rel}","templated":true}]}}