{"id":28569,"date":"2025-12-02T16:09:57","date_gmt":"2025-12-02T12:09:57","guid":{"rendered":"https:\/\/dia.edu.az\/?p=28569"},"modified":"2025-12-08T15:08:22","modified_gmt":"2025-12-08T11:08:22","slug":"az%c9%99rbaycan-respublikasinin-prezidenti-yaninda-dovl%c9%99t-idar%c9%99cilik-icra-hakimiyy%c9%99ti-orqanlarinin-sosial-iqtisadi-inkisafin-t%c9%99hlili-v%c9%99-proqnozlasdirilmasi-s","status":"publish","type":"post","link":"https:\/\/legacy.dia.edu.az\/en\/arxivl\u0259r\/28569","title":{"rendered":"Hakimiyy\u0259ti orqanlar\u0131n\u0131n Sosial-iqtisadi inki\u015faf\u0131n t\u0259hlili v\u0259 proqnozla\u015fd\u0131r\u0131lmas\u0131 \u015f\u00f6b\u0259l\u0259rinin r\u0259hb\u0259rl\u0259ri \u00fc\u00e7\u00fcn t\u0259lim ba\u015f tutdu."},"content":{"rendered":"<div data-elementor-type=\"wp-post\" data-elementor-id=\"28569\" class=\"elementor elementor-28569\" data-elementor-settings=\"[]\">\n\t\t\t\t\t\t<div class=\"elementor-inner\">\n\t\t\t\t\t\t\t<div class=\"elementor-section-wrap\">\n\t\t\t\t\t\t\t<section class=\"elementor-section elementor-top-section elementor-element elementor-element-32d313b elementor-section-boxed elementor-section-height-default elementor-section-height-default\" data-id=\"32d313b\" data-element_type=\"section\">\n\t\t\t\t\t\t<div class=\"elementor-container elementor-column-gap-default\">\n\t\t\t\t\t\t\t<div class=\"elementor-row\">\n\t\t\t\t\t<div class=\"elementor-column elementor-col-100 elementor-top-column elementor-element elementor-element-e355e73\" data-id=\"e355e73\" data-element_type=\"column\">\n\t\t\t<div class=\"elementor-column-wrap elementor-element-populated\">\n\t\t\t\t\t\t\t<div class=\"elementor-widget-wrap\">\n\t\t\t\t\t\t<div class=\"elementor-element elementor-element-eb489c8 elementor-widget elementor-widget-text-editor\" data-id=\"eb489c8\" data-element_type=\"widget\" data-widget_type=\"text-editor.default\">\n\t\t\t\t<div class=\"elementor-widget-container\">\n\t\t\t\t\t\t\t\t<div class=\"elementor-text-editor elementor-clearfix\">\n\t\t\t\t\t<p class=\"MsoNormal\"><span style=\"font-family:&quot;Arial&quot;,sans-serif\">01 dekabr\n2025-ci il tarixind\u0259 Az\u0259rbaycan Respublikas\u0131n\u0131n Prezidenti c\u0259nab \u0130lham \u018fliyevin\n11 dekabr 2014-c\u00fc il tarixli, 387 n\u00f6mr\u0259li F\u0259rman\u0131 v\u0259 h\u0259min s\u0259n\u0259d\u0259 15 may\n2025-ci il tarixli, 394 n\u00f6mr\u0259li F\u0259rmanla t\u0259sdiq olunmu\u015f d\u0259yi\u015fiklikl\u0259r\u0259 \u0259sas\u0259n\nAz\u0259rbaycan Respublikas\u0131n\u0131n Prezidenti yan\u0131nda D\u00f6vl\u0259t \u0130dar\u0259\u00e7ilik Akademiyas\u0131nda\nicra hakimiyy\u0259ti orqanlar\u0131n\u0131n \u201cSosial-iqtisadi inki\u015faf\u0131n t\u0259hlili v\u0259\nproqnozla\u015fd\u0131r\u0131lmas\u0131\u201d \u015f\u00f6b\u0259l\u0259rinin r\u0259hb\u0259rl\u0259ri \u00fc\u00e7\u00fcn \u201cSu h\u00f6vz\u0259l\u0259rinin bioloji\nehtiyatlar\u0131n\u0131n optimal idar\u0259edilm\u0259si\u201d m\u00f6vzusunda t\u0259lim proqram\u0131na start\nverilmi\u015fdir. T\u0259lim Az\u0259rbaycan Respublikas\u0131n\u0131n Prezidenti yan\u0131nda D\u00f6vl\u0259t \u0130dar\u0259\u00e7ilik\nAkademiyas\u0131n\u0131n \u201cDavaml\u0131 \u0130nki\u015faf\u0131n Planla\u015fd\u0131r\u0131lmas\u0131 v\u0259 \u0130dar\u0259edilm\u0259si\u201d\nkafedras\u0131n\u0131n m\u00fc\u0259llimi, Davaml\u0131 \u0130nki\u015fafda Mavi Texnologiyalar M\u0259rk\u0259zinin\ndirektoru, biologiya elml\u0259ri doktoru, professor Mehman Axundov t\u0259r\u0259find\u0259n\nke\u00e7iril\u0259c\u0259kdir. <o:p><\/o:p><\/span><\/p><p class=\"MsoNormal\"><span style=\"font-family:&quot;Arial&quot;,sans-serif\">T\u0259limin ilk\ng\u00fcn\u00fc professor Mehman Axundov m\u00fchazir\u0259 zaman\u0131 su bioresurslar\u0131n\u0131n idar\u0259 edilm\u0259sinin\nd\u00f6vl\u0259t siyas\u0259ti bax\u0131m\u0131ndan strateji \u0259h\u0259miyy\u0259tini, ekosistem \u0259sasl\u0131 idar\u0259etm\u0259\nmodell\u0259rini v\u0259 beyn\u0259lxalq t\u0259cr\u00fcb\u0259d\u0259 t\u0259tbiq olunan m\u00fcasir elmi yana\u015fmalar\u0131 geni\u015f\n\u015f\u0259kild\u0259 \u015f\u0259rh etmi\u015fdir. O, h\u0259m\u00e7inin t\u0259bii ehtiyatlar\u0131n m\u00fchafiz\u0259si, ekosistem\nxidm\u0259tl\u0259rinin idar\u0259 olunmas\u0131 v\u0259 resurs istifad\u0259sinin elmi \u0259sasland\u0131r\u0131lmas\u0131 \u00fczr\u0259\nkonseptual \u00e7\u0259r\u00e7iv\u0259l\u0259ri v\u0259 onlar\u0131n idar\u0259etm\u0259 prosesl\u0259rin\u0259 inteqrasiyas\u0131 il\u0259\nba\u011fl\u0131 \u0259trafl\u0131 izahlar t\u0259qdim etmi\u015fdir.<o:p><\/o:p><\/span><\/p><p class=\"MsoNormal\"><span style=\"font-family:&quot;Arial&quot;,sans-serif\">T\u0259lim \u00e7\u0259r\u00e7iv\u0259sind\u0259\nsu h\u00f6vz\u0259l\u0259rinin bioloji m\u00fcxt\u0259lifliyinin qorunmas\u0131, ekoloji tarazl\u0131\u011f\u0131n t\u0259min\nolunmas\u0131, el\u0259c\u0259 d\u0259 su bioresurslar\u0131n\u0131n s\u0259m\u0259r\u0259li v\u0259 davaml\u0131 idar\u0259 edilm\u0259si kimi \u0259sas\nistiqam\u0259tl\u0259r \u00fczr\u0259 m\u00fcasir metodoloji yana\u015fmalar v\u0259 t\u0259tbiqi idar\u0259etm\u0259 modell\u0259ri m\u0259rh\u0259l\u0259li\n\u015f\u0259kild\u0259 t\u0259hlil edil\u0259c\u0259kdir. T\u0259lim m\u00fcdd\u0259tind\u0259 professor Mehman Axundov t\u0259r\u0259find\u0259n\nekosistem \u0259sasl\u0131 idar\u0259etm\u0259 strategiyalar\u0131, adaptiv resurs planla\u015fd\u0131r\u0131lmas\u0131,\nbiomonitorinqin elmi baza prinsipl\u0259ri, elmi m\u0259lumatlara \u0259saslanan q\u0259rar q\u0259buletm\u0259\nmexanizml\u0259ri v\u0259 beyn\u0259lxalq t\u0259cr\u00fcb\u0259d\u0259 formala\u015fm\u0131\u015f innovativ idar\u0259etm\u0259 al\u0259tl\u0259rinin\nt\u0259tbiqin\u0259 dair sistemli izahlar t\u0259qdim olunacaqd\u0131r.<o:p><\/o:p><\/span><\/p><p class=\"MsoNormal\" style=\"margin-bottom:0cm;text-align:justify;text-indent: 36.0pt;line-height:150%\">\n\n\n\n\n\n<\/p><p class=\"MsoNormal\"><span lang=\"AZ-LATIN\" style=\"font-family:&quot;Arial&quot;,sans-serif;mso-ansi-language:AZ-LATIN\">\u00dcmumilikd\u0259 <strong>h\u0259ft\u0259d\u0259\n2 d\u0259f\u0259 olmaqla<\/strong> <strong>16\nsaatl\u0131q <\/strong>t\u0259lim proqram\u0131n\u0131n <strong>2025-ci ilin dekabr\u0131n &nbsp;&nbsp;&nbsp;01-d\u0259n 26-d\u0259k<\/strong> <strong>onlayn<\/strong> formada t\u0259\u015fkil\nolunma\u011f\u0131 n\u0259z\u0259rd\u0259 tutulmu\u015fdur.<\/span><span style=\"font-family:&quot;Arial&quot;,sans-serif\"><o:p><\/o:p><\/span><\/p>\t\t\t\t\t<\/div>\n\t\t\t\t\t\t<\/div>\n\t\t\t\t<\/div>\n\t\t\t\t\t\t<\/div>\n\t\t\t\t\t<\/div>\n\t\t<\/div>\n\t\t\t\t\t\t\t\t<\/div>\n\t\t\t\t\t<\/div>\n\t\t<\/section>\n\t\t\t\t<section class=\"elementor-section elementor-top-section elementor-element elementor-element-2b0e290 elementor-section-boxed elementor-section-height-default elementor-section-height-default\" data-id=\"2b0e290\" data-element_type=\"section\">\n\t\t\t\t\t\t<div class=\"elementor-container elementor-column-gap-default\">\n\t\t\t\t\t\t\t<div class=\"elementor-row\">\n\t\t\t\t\t<div class=\"elementor-column elementor-col-100 elementor-top-column elementor-element elementor-element-4824c3c\" data-id=\"4824c3c\" data-element_type=\"column\">\n\t\t\t<div class=\"elementor-column-wrap elementor-element-populated\">\n\t\t\t\t\t\t\t<div class=\"elementor-widget-wrap\">\n\t\t\t\t\t\t<div class=\"elementor-element elementor-element-cd8a4e0 elementor-arrows-position-inside elementor-pagination-position-outside elementor-widget elementor-widget-image-carousel\" data-id=\"cd8a4e0\" data-element_type=\"widget\" data-settings=\"{&quot;navigation&quot;:&quot;both&quot;,&quot;autoplay&quot;:&quot;yes&quot;,&quot;pause_on_hover&quot;:&quot;yes&quot;,&quot;pause_on_interaction&quot;:&quot;yes&quot;,&quot;autoplay_speed&quot;:5000,&quot;infinite&quot;:&quot;yes&quot;,&quot;speed&quot;:500}\" data-widget_type=\"image-carousel.default\">\n\t\t\t\t<div class=\"elementor-widget-container\">\n\t\t\t\t\t<div class=\"elementor-image-carousel-wrapper swiper-container\" dir=\"ltr\">\n\t\t\t<div class=\"elementor-image-carousel swiper-wrapper\">\n\t\t\t\t<div class=\"swiper-slide\"><a data-elementor-open-lightbox=\"yes\" data-elementor-lightbox-slideshow=\"cd8a4e0\" href=\"https:\/\/legacy.dia.edu.az\/wp-content\/uploads\/2025\/12\/2.png\"><figure class=\"swiper-slide-inner\"><img class=\"swiper-slide-image\" src=\"https:\/\/legacy.dia.edu.az\/wp-content\/uploads\/2025\/12\/2-150x150.png\" alt=\"\" \/><\/figure><\/a><\/div><div class=\"swiper-slide\"><a data-elementor-open-lightbox=\"yes\" data-elementor-lightbox-slideshow=\"cd8a4e0\" href=\"https:\/\/legacy.dia.edu.az\/wp-content\/uploads\/2025\/12\/1.png\"><figure class=\"swiper-slide-inner\"><img class=\"swiper-slide-image\" src=\"https:\/\/legacy.dia.edu.az\/wp-content\/uploads\/2025\/12\/1-150x150.png\" alt=\"\" \/><\/figure><\/a><\/div>\t\t\t<\/div>\n\t\t\t\t\t\t\t\t\t\t\t\t<div class=\"swiper-pagination\"><\/div>\n\t\t\t\t\t\t\t\t\t\t\t\t\t<div class=\"elementor-swiper-button elementor-swiper-button-prev\">\n\t\t\t\t\t\t<i class=\"eicon-chevron-left\" aria-hidden=\"true\"><\/i>\n\t\t\t\t\t\t<span class=\"elementor-screen-only\">Previous<\/span>\n\t\t\t\t\t<\/div>\n\t\t\t\t\t<div class=\"elementor-swiper-button elementor-swiper-button-next\">\n\t\t\t\t\t\t<i class=\"eicon-chevron-right\" aria-hidden=\"true\"><\/i>\n\t\t\t\t\t\t<span class=\"elementor-screen-only\">Next<\/span>\n\t\t\t\t\t<\/div>\n\t\t\t\t\t\t\t\t\t<\/div>\n\t\t\t\t<\/div>\n\t\t\t\t<\/div>\n\t\t\t\t\t\t<\/div>\n\t\t\t\t\t<\/div>\n\t\t<\/div>\n\t\t\t\t\t\t\t\t<\/div>\n\t\t\t\t\t<\/div>\n\t\t<\/section>\n\t\t\t\t\t\t<\/div>\n\t\t\t\t\t\t<\/div>\n\t\t\t\t\t<\/div>","protected":false},"excerpt":{"rendered":"<p>01 dekabr 2025-ci il tarixind\u0259 Az\u0259rbaycan Respublikas\u0131n\u0131n Prezidenti c\u0259nab \u0130lham \u018fliyevin 11 dekabr 2014-c\u00fc il tarixli, 387 n\u00f6mr\u0259li F\u0259rman\u0131 v\u0259 h\u0259min s\u0259n\u0259d\u0259 15 may 2025-ci il tarixli, 394 n\u00f6mr\u0259li F\u0259rmanla t\u0259sdiq olunmu\u015f d\u0259yi\u015fiklikl\u0259r\u0259 \u0259sas\u0259n Az\u0259rbaycan Respublikas\u0131n\u0131n Prezidenti yan\u0131nda D\u00f6vl\u0259t \u0130dar\u0259\u00e7ilik Akademiyas\u0131nda icra hakimiyy\u0259ti orqanlar\u0131n\u0131n \u201cSosial-iqtisadi inki\u015faf\u0131n t\u0259hlili v\u0259 proqnozla\u015fd\u0131r\u0131lmas\u0131\u201d \u015f\u00f6b\u0259l\u0259rinin r\u0259hb\u0259rl\u0259ri \u00fc\u00e7\u00fcn \u201cSu h\u00f6vz\u0259l\u0259rinin bioloji [&hellip;]<\/p>","protected":false},"author":2,"featured_media":28572,"comment_status":"closed","ping_status":"closed","sticky":false,"template":"","format":"standard","meta":[],"categories":[137],"tags":[],"_links":{"self":[{"href":"https:\/\/legacy.dia.edu.az\/en\/wp-json\/wp\/v2\/posts\/28569"}],"collection":[{"href":"https:\/\/legacy.dia.edu.az\/en\/wp-json\/wp\/v2\/posts"}],"about":[{"href":"https:\/\/legacy.dia.edu.az\/en\/wp-json\/wp\/v2\/types\/post"}],"author":[{"embeddable":true,"href":"https:\/\/legacy.dia.edu.az\/en\/wp-json\/wp\/v2\/users\/2"}],"replies":[{"embeddable":true,"href":"https:\/\/legacy.dia.edu.az\/en\/wp-json\/wp\/v2\/comments?post=28569"}],"version-history":[{"count":6,"href":"https:\/\/legacy.dia.edu.az\/en\/wp-json\/wp\/v2\/posts\/28569\/revisions"}],"predecessor-version":[{"id":28635,"href":"https:\/\/legacy.dia.edu.az\/en\/wp-json\/wp\/v2\/posts\/28569\/revisions\/28635"}],"wp:featuredmedia":[{"embeddable":true,"href":"https:\/\/legacy.dia.edu.az\/en\/wp-json\/wp\/v2\/media\/28572"}],"wp:attachment":[{"href":"https:\/\/legacy.dia.edu.az\/en\/wp-json\/wp\/v2\/media?parent=28569"}],"wp:term":[{"taxonomy":"category","embeddable":true,"href":"https:\/\/legacy.dia.edu.az\/en\/wp-json\/wp\/v2\/categories?post=28569"},{"taxonomy":"post_tag","embeddable":true,"href":"https:\/\/legacy.dia.edu.az\/en\/wp-json\/wp\/v2\/tags?post=28569"}],"curies":[{"name":"wp","href":"https:\/\/api.w.org\/{rel}","templated":true}]}}