{"id":28479,"date":"2025-11-20T14:18:21","date_gmt":"2025-11-20T10:18:21","guid":{"rendered":"https:\/\/dia.edu.az\/?p=28479"},"modified":"2025-11-20T14:21:19","modified_gmt":"2025-11-20T10:21:19","slug":"az%c9%99rbaycanin-iqtisadi-inkisafinda-innovativ-idr%c9%99etm%c9%99-v%c9%99-r%c9%99q%c9%99msal-texnologiyalarin-rolu-movzusunda-respublika-elmi-praktik-konfrans-kecirilmisdir","status":"publish","type":"post","link":"https:\/\/legacy.dia.edu.az\/en\/arxivl\u0259r\/28479","title":{"rendered":"<strong>Az\u0259rbaycan\u0131n iqtisadi inki\u015faf\u0131nda innovativ idr\u0259etm\u0259 v\u0259 r\u0259q\u0259msal texnologiyalar\u0131n rolu\u201d<\/strong><strong>&nbsp;m\u00f6vzusunda Respublika Elmi Praktik Konfrans ke\u00e7irilmi\u015fdir<\/strong>"},"content":{"rendered":"<div data-elementor-type=\"wp-post\" data-elementor-id=\"28479\" class=\"elementor elementor-28479\" data-elementor-settings=\"[]\">\n\t\t\t\t\t\t<div class=\"elementor-inner\">\n\t\t\t\t\t\t\t<div class=\"elementor-section-wrap\">\n\t\t\t\t\t\t\t<section class=\"elementor-section elementor-top-section elementor-element elementor-element-f80ed86 elementor-section-boxed elementor-section-height-default elementor-section-height-default\" data-id=\"f80ed86\" data-element_type=\"section\">\n\t\t\t\t\t\t<div class=\"elementor-container elementor-column-gap-default\">\n\t\t\t\t\t\t\t<div class=\"elementor-row\">\n\t\t\t\t\t<div class=\"elementor-column elementor-col-100 elementor-top-column elementor-element elementor-element-bb53249\" data-id=\"bb53249\" data-element_type=\"column\">\n\t\t\t<div class=\"elementor-column-wrap elementor-element-populated\">\n\t\t\t\t\t\t\t<div class=\"elementor-widget-wrap\">\n\t\t\t\t\t\t<div class=\"elementor-element elementor-element-4c2879f elementor-widget elementor-widget-text-editor\" data-id=\"4c2879f\" data-element_type=\"widget\" data-widget_type=\"text-editor.default\">\n\t\t\t\t<div class=\"elementor-widget-container\">\n\t\t\t\t\t\t\t\t<div class=\"elementor-text-editor elementor-clearfix\">\n\t\t\t\t\t<p class=\"MsoNormal\" style=\"margin-bottom:0cm;text-align:justify;text-indent:36.0pt\"><span lang=\"AZ-LATIN\" style=\"font-size:12.0pt;line-height:115%;font-family:&quot;Arial&quot;,sans-serif;mso-ansi-language:AZ-LATIN\">Noyabr\u0131n 19 -da D\u00f6vl\u0259t\n\u0130dar\u0259\u00e7ilik Akademiyas\u0131nda &nbsp;V\u0259t\u0259n m\u00fcharib\u0259sind\u0259\nq\u0259l\u0259b\u0259mizin 5 illiyin\u0259 h\u0259sr olunmu\u015f \u201cAz\u0259rbaycan\u0131n iqtisadi inki\u015faf\u0131nda\ninnovativ idr\u0259etm\u0259 v\u0259 r\u0259q\u0259msal texnologiyalar\u0131n rolu\u201d m\u00f6vzusunda elmi -praktik\nkonfrans ba\u015f tutdu. <o:p><\/o:p><\/span><\/p><p class=\"MsoNormal\" style=\"margin-top:0cm;margin-right:0cm;margin-bottom:0cm;margin-left:-7.1pt;text-align:justify;text-indent:35.45pt\"><span lang=\"AZ-LATIN\" style=\"font-size:12.0pt;line-height:115%;font-family:&quot;Arial&quot;,sans-serif;mso-ansi-language:AZ-LATIN\">Konfrans\u0131n g\u00fcnd\u0259liyi v\u0259 se\u00e7ilmi\u015f istiqam\u0259tl\u0259r\nregional inki\u015faf\u0131n idar\u0259 olunmas\u0131nda innovativ prosesl\u0259rin t\u0259hlili, perspektiv\nimkanlar\u0131n \u00f6yr\u0259nilm\u0259sin\u0259 h\u0259sr olunmu\u015fdur. <o:p><\/o:p><\/span><\/p><p class=\"MsoNormal\" style=\"margin-bottom:0cm;text-align:justify\"><span lang=\"AZ-LATIN\" style=\"font-size:12.0pt;line-height:115%;font-family:&quot;Arial&quot;,sans-serif;mso-ansi-language:AZ-LATIN\">&nbsp;&nbsp;&nbsp;&nbsp;&nbsp;&nbsp;&nbsp;&nbsp;&nbsp;&nbsp;&nbsp; Konfrans\u0131n\ni\u015find\u0259 Az\u0259rbaycan Respublikas\u0131 Elm v\u0259 T\u0259hsil Nazirliyi \u0130qtisadiyyat \u0130nstitutu,\nBak\u0131 D\u00f6vl\u0259t Universiteti, Milli Aviasiya Akademiyas\u0131, Az\u0259rbaycan Texnologiya\nUniversiteti, Az\u0259rbaycan D\u00f6vl\u0259t Neft v\u0259 S\u0259nay\u0259 Universiteti, Az\u0259rbaycan\nMemarl\u0131q v\u0259 \u0130n\u015faat Universiteti, Az\u0259rbaycan Dill\u0259r Universiteti, Kooperasiya\nUniversiteti, \u0130qtisadi \u0130slahatlar\u0131n T\u0259hlili v\u0259 Kommunikasiya M\u0259rk\u0259zi, &nbsp;Az\u0259rbaycan Respublikas\u0131 K\u0259nd T\u0259s\u0259rr\u00fcfat\u0131\nNazirliyinin tabeliyind\u0259 Aqrar T\u0259dqiqatlar M\u0259rk\u0259zi, <\/span><span lang=\"TR\" style=\"font-size:12.0pt;line-height:115%;font-family:&quot;Arial&quot;,sans-serif;mso-ansi-language:TR\">Samux Rayon \u0130cra Hakimiyy\u0259ti, <\/span><span lang=\"AZ-LATIN\" style=\"font-size: 12pt; line-height: 115%; font-family: Arial, sans-serif;\">Yevlax \u015e\u0259h\u0259r \u0130cra Hakimiyy\u0259ti, Q\u0259b\u0259l\u0259 <\/span><span lang=\"TR\" style=\"font-size:12.0pt;line-height:115%;font-family:&quot;Arial&quot;,sans-serif;mso-ansi-language:TR\">Rayon \u0130cra Hakimiyy\u0259ti,<\/span><span lang=\"TR\" style=\"font-size:12.0pt;line-height:115%;font-family:&quot;Arial&quot;,sans-serif;mso-ansi-language:AZ-LATIN\"> <\/span><span lang=\"TR\" style=\"font-size:12.0pt;line-height:115%;font-family:&quot;Arial&quot;,sans-serif;mso-ansi-language:TR\">Quba\nRayon \u0130cra Hakimiyy\u0259ti, Qubadl\u0131 Rayon \u0130cra Hakimiyy\u0259ti, Z\u0259rdab Rayon \u0130cra\nHakimiyy\u0259ti, X\u0259tai Rayon \u0130cra Hakimiyy\u0259ti <\/span><span lang=\"TR\" style=\"font-size:12.0pt;line-height:115%;font-family:&quot;Arial&quot;,sans-serif;mso-ansi-language:AZ-LATIN\">&nbsp;<\/span><span lang=\"AZ-LATIN\" style=\"font-size:12.0pt;line-height:115%;font-family:&quot;Arial&quot;,sans-serif;mso-ansi-language:AZ-LATIN\">v\u0259 s. kimi qurum v\u0259 t\u0259\u015fkilatlardan n\u00fcmay\u0259nd\u0259l\u0259r &nbsp;i\u015ftirak etmi\u015fl\u0259r.<o:p><\/o:p><\/span><\/p><p class=\"MsoNormal\" style=\"margin-bottom:0cm;text-align:justify;text-indent:35.4pt\"><span lang=\"AZ-LATIN\" style=\"font-size:12.0pt;line-height:115%;font-family:&quot;Arial&quot;,sans-serif;mso-ansi-language:AZ-LATIN\">Konfrans\u0131n a\u00e7\u0131l\u0131\u015f\u0131nda\nD\u00f6vl\u0259t Himni s\u0259sl\u0259ndirilmi\u015f, Az\u0259rbaycan Respublikas\u0131n\u0131n Prezidenti yan\u0131nda D\u00f6vl\u0259t\n\u0130dar\u0259\u00e7ilik Akademiyas\u0131n\u0131n T\u0259dris \u0130\u015fl\u0259ri \u00fczr\u0259 prorektoru, prof. \u018flikram\nAbdullayev qonaqlar\u0131 salamlayaraq t\u0259dbir i\u015ftirak\u00e7\u0131lar\u0131na u\u011furlar arzulam\u0131\u015fd\u0131r. <span style=\"color: rgb(32, 33, 34); background-image: initial; background-position: initial; background-size: initial; background-repeat: initial; background-attachment: initial; background-origin: initial; background-clip: initial;\">Plenar iclasda <\/span><strong><span style=\"font-weight: normal;\">\u0130qtisadi \u0130slahatlar\u0131n\nT\u0259hlili v\u0259 Kommunikasiya M\u0259rk\u0259zinin icra\u00e7\u0131 direktorunun m\u00fcavini Ramil H\u00fcseyn, Az\u0259rbaycan\nRespublikas\u0131n\u0131n \u018fm\u0259k v\u0259 \u018fhalinin Sosial M\u00fcdafi\u0259si Nazirliyinin \u015f\u00f6b\u0259 m\u00fcdiri<\/span><\/strong><strong> <\/strong>Heyb\u0259t \u0130manov,<span style=\"background-image: initial; background-position: initial; background-size: initial; background-repeat: initial; background-attachment: initial; background-origin: initial; background-clip: initial;\"> <\/span><span style=\"color: rgb(0, 0, 17); background-image: initial; background-position: initial; background-size: initial; background-repeat: initial; background-attachment: initial; background-origin: initial; background-clip: initial;\">D\u00f6vl\u0259t \u0130dar\u0259\u00e7ilik Akademiyas\u0131n\u0131n <\/span>\u201cD\u00f6vl\u0259t\nidar\u0259etm\u0259si v\u0259 menecment\u201d kafedras\u0131n\u0131n m\u00fcdiri, i.e.d<a name=\"_Hlk213240851\">., prof. <\/a>Xatir\u0259 H\u00fcseynova, Az\u0259rbaycan\nRespublikas\u0131 Xarici \u0130\u015fl\u0259r Nazirliyind\u0259n &nbsp;Aytac\n\u018fliyeva<span style=\"background-image: initial; background-position: initial; background-size: initial; background-repeat: initial; background-attachment: initial; background-origin: initial; background-clip: initial;\"> m\u0259ruz\u0259\nil\u0259 \u00e7\u0131x\u0131\u015f etmi\u015fl\u0259r.<\/span><o:p><\/o:p><\/span><\/p><p class=\"MsoNormal\" style=\"margin-bottom:0cm;text-indent:36.0pt\">\n\n\n\n\n\n\n\n<\/p><p class=\"MsoNormal\" style=\"margin-bottom:0cm;text-align:justify;text-indent:35.4pt\"><span lang=\"AZ-LATIN\" style=\"font-size:12.0pt;line-height:115%;font-family:&quot;Arial&quot;,sans-serif;mso-ansi-language:AZ-LATIN\">R\u0259smi hiss\u0259d\u0259n sonra\nkonfrans \u201cDavaml\u0131 inki\u015faf v\u0259 ya\u015f\u0131l iqtisadiyyat\u201d v\u0259&nbsp; \u201cR\u0259q\u0259msal d\u00f6vl\u0259t idar\u0259etm\u0259si v\u0259\ninnovasiyalar\u201d&nbsp; b\u00f6lm\u0259l\u0259rind\u0259 dinl\u0259m\u0259l\u0259rl\u0259\ndavam etmi\u015fdir.&nbsp; \u00c7\u0131x\u0131\u015flarda qeyd\nedilmi\u015fdir ki, Az\u0259rbaycan\u0131n b\u00fct\u00fcn \u0259razil\u0259rind\u0259, o c\u00fcml\u0259d\u0259n suverenliyimizin b\u0259rpa\nedildiyi Qaraba\u011f v\u0259 \u015e\u0259rqi Z\u0259ng\u0259zurda h\u0259yata ke\u00e7iril\u0259n b\u0259rpa v\u0259 inki\u015faf\nproqramlar\u0131 regionu q\u0131sa zamanda post-m\u00fcnaqi\u015f\u0259 zonas\u0131 statusundan \u00e7\u0131xararaq Az\u0259rbaycan\u0131n\n\u0259n m\u00fcasir v\u0259 innovativ inki\u015faf m\u0259kan\u0131na \u00e7evirib. Haz\u0131rda b\u00f6lg\u0259d\u0259 a\u011f\u0131ll\u0131 \u015f\u0259h\u0259r v\u0259\na\u011f\u0131ll\u0131 k\u0259nd texnologiyalar\u0131, r\u0259q\u0259msal idar\u0259etm\u0259, ya\u015f\u0131l enerji infrastrukturu,\n\u0130KT \u015f\u0259b\u0259k\u0259l\u0259ri, smart n\u0259qliyyat sisteml\u0259ri, dron v\u0259 sensor n\u0259zar\u0259ti, h\u0259m\u00e7inin\ny\u00fcks\u0259k texnologiyal\u0131 aqrar h\u0259ll\u0259r geni\u015f t\u0259tbiq olunur.<o:p><\/o:p><\/span><\/p>\t\t\t\t\t<\/div>\n\t\t\t\t\t\t<\/div>\n\t\t\t\t<\/div>\n\t\t\t\t\t\t<\/div>\n\t\t\t\t\t<\/div>\n\t\t<\/div>\n\t\t\t\t\t\t\t\t<\/div>\n\t\t\t\t\t<\/div>\n\t\t<\/section>\n\t\t\t\t<section class=\"elementor-section elementor-top-section elementor-element elementor-element-e29888e elementor-section-boxed elementor-section-height-default elementor-section-height-default\" data-id=\"e29888e\" data-element_type=\"section\">\n\t\t\t\t\t\t<div class=\"elementor-container elementor-column-gap-default\">\n\t\t\t\t\t\t\t<div class=\"elementor-row\">\n\t\t\t\t\t<div class=\"elementor-column elementor-col-100 elementor-top-column elementor-element elementor-element-ce8103b\" data-id=\"ce8103b\" data-element_type=\"column\">\n\t\t\t<div class=\"elementor-column-wrap elementor-element-populated\">\n\t\t\t\t\t\t\t<div class=\"elementor-widget-wrap\">\n\t\t\t\t\t\t<div class=\"elementor-element elementor-element-b9c0730 elementor-arrows-position-inside elementor-pagination-position-outside elementor-widget elementor-widget-image-carousel\" data-id=\"b9c0730\" data-element_type=\"widget\" data-settings=\"{&quot;navigation&quot;:&quot;both&quot;,&quot;autoplay&quot;:&quot;yes&quot;,&quot;pause_on_hover&quot;:&quot;yes&quot;,&quot;pause_on_interaction&quot;:&quot;yes&quot;,&quot;autoplay_speed&quot;:5000,&quot;infinite&quot;:&quot;yes&quot;,&quot;speed&quot;:500}\" data-widget_type=\"image-carousel.default\">\n\t\t\t\t<div class=\"elementor-widget-container\">\n\t\t\t\t\t<div class=\"elementor-image-carousel-wrapper swiper-container\" dir=\"ltr\">\n\t\t\t<div class=\"elementor-image-carousel swiper-wrapper\">\n\t\t\t\t<div class=\"swiper-slide\"><a data-elementor-open-lightbox=\"yes\" data-elementor-lightbox-slideshow=\"b9c0730\" href=\"https:\/\/legacy.dia.edu.az\/wp-content\/uploads\/2025\/11\/WhatsApp-Image-2025-11-20-at-10.56.07-4.jpeg\"><figure class=\"swiper-slide-inner\"><img class=\"swiper-slide-image\" src=\"https:\/\/legacy.dia.edu.az\/wp-content\/uploads\/2025\/11\/WhatsApp-Image-2025-11-20-at-10.56.07-4-150x150.jpeg\" alt=\"\" \/><\/figure><\/a><\/div><div class=\"swiper-slide\"><a data-elementor-open-lightbox=\"yes\" data-elementor-lightbox-slideshow=\"b9c0730\" href=\"https:\/\/legacy.dia.edu.az\/wp-content\/uploads\/2025\/11\/WhatsApp-Image-2025-11-20-at-10.56.07-1.jpeg\"><figure class=\"swiper-slide-inner\"><img class=\"swiper-slide-image\" src=\"https:\/\/legacy.dia.edu.az\/wp-content\/uploads\/2025\/11\/WhatsApp-Image-2025-11-20-at-10.56.07-1-150x150.jpeg\" alt=\"\" \/><\/figure><\/a><\/div><div class=\"swiper-slide\"><a data-elementor-open-lightbox=\"yes\" data-elementor-lightbox-slideshow=\"b9c0730\" href=\"https:\/\/legacy.dia.edu.az\/wp-content\/uploads\/2025\/11\/WhatsApp-Image-2025-11-20-at-10.56.07-3.jpeg\"><figure class=\"swiper-slide-inner\"><img class=\"swiper-slide-image\" src=\"https:\/\/legacy.dia.edu.az\/wp-content\/uploads\/2025\/11\/WhatsApp-Image-2025-11-20-at-10.56.07-3-150x150.jpeg\" alt=\"\" \/><\/figure><\/a><\/div><div class=\"swiper-slide\"><a data-elementor-open-lightbox=\"yes\" data-elementor-lightbox-slideshow=\"b9c0730\" href=\"https:\/\/legacy.dia.edu.az\/wp-content\/uploads\/2025\/11\/WhatsApp-Image-2025-11-20-at-10.56.07-2.jpeg\"><figure class=\"swiper-slide-inner\"><img class=\"swiper-slide-image\" src=\"https:\/\/legacy.dia.edu.az\/wp-content\/uploads\/2025\/11\/WhatsApp-Image-2025-11-20-at-10.56.07-2-150x150.jpeg\" alt=\"\" \/><\/figure><\/a><\/div><div class=\"swiper-slide\"><a data-elementor-open-lightbox=\"yes\" data-elementor-lightbox-slideshow=\"b9c0730\" href=\"https:\/\/legacy.dia.edu.az\/wp-content\/uploads\/2025\/11\/WhatsApp-Image-2025-11-20-at-10.56.06.jpeg\"><figure class=\"swiper-slide-inner\"><img class=\"swiper-slide-image\" src=\"https:\/\/legacy.dia.edu.az\/wp-content\/uploads\/2025\/11\/WhatsApp-Image-2025-11-20-at-10.56.06-150x150.jpeg\" alt=\"\" \/><\/figure><\/a><\/div><div class=\"swiper-slide\"><a data-elementor-open-lightbox=\"yes\" data-elementor-lightbox-slideshow=\"b9c0730\" href=\"https:\/\/legacy.dia.edu.az\/wp-content\/uploads\/2025\/11\/WhatsApp-Image-2025-11-20-at-10.56.06-1.jpeg\"><figure class=\"swiper-slide-inner\"><img class=\"swiper-slide-image\" src=\"https:\/\/legacy.dia.edu.az\/wp-content\/uploads\/2025\/11\/WhatsApp-Image-2025-11-20-at-10.56.06-1-150x150.jpeg\" alt=\"\" \/><\/figure><\/a><\/div><div class=\"swiper-slide\"><a data-elementor-open-lightbox=\"yes\" data-elementor-lightbox-slideshow=\"b9c0730\" href=\"https:\/\/legacy.dia.edu.az\/wp-content\/uploads\/2025\/11\/WhatsApp-Image-2025-11-20-at-10.56.07.jpeg\"><figure class=\"swiper-slide-inner\"><img class=\"swiper-slide-image\" src=\"https:\/\/legacy.dia.edu.az\/wp-content\/uploads\/2025\/11\/WhatsApp-Image-2025-11-20-at-10.56.07-150x150.jpeg\" alt=\"\" \/><\/figure><\/a><\/div>\t\t\t<\/div>\n\t\t\t\t\t\t\t\t\t\t\t\t<div class=\"swiper-pagination\"><\/div>\n\t\t\t\t\t\t\t\t\t\t\t\t\t<div class=\"elementor-swiper-button elementor-swiper-button-prev\">\n\t\t\t\t\t\t<i class=\"eicon-chevron-left\" aria-hidden=\"true\"><\/i>\n\t\t\t\t\t\t<span class=\"elementor-screen-only\">Previous<\/span>\n\t\t\t\t\t<\/div>\n\t\t\t\t\t<div class=\"elementor-swiper-button elementor-swiper-button-next\">\n\t\t\t\t\t\t<i class=\"eicon-chevron-right\" aria-hidden=\"true\"><\/i>\n\t\t\t\t\t\t<span class=\"elementor-screen-only\">Next<\/span>\n\t\t\t\t\t<\/div>\n\t\t\t\t\t\t\t\t\t<\/div>\n\t\t\t\t<\/div>\n\t\t\t\t<\/div>\n\t\t\t\t\t\t<\/div>\n\t\t\t\t\t<\/div>\n\t\t<\/div>\n\t\t\t\t\t\t\t\t<\/div>\n\t\t\t\t\t<\/div>\n\t\t<\/section>\n\t\t\t\t\t\t<\/div>\n\t\t\t\t\t\t<\/div>\n\t\t\t\t\t<\/div>","protected":false},"excerpt":{"rendered":"<p>Noyabr\u0131n 19 -da D\u00f6vl\u0259t \u0130dar\u0259\u00e7ilik Akademiyas\u0131nda &nbsp;V\u0259t\u0259n m\u00fcharib\u0259sind\u0259 q\u0259l\u0259b\u0259mizin 5 illiyin\u0259 h\u0259sr olunmu\u015f \u201cAz\u0259rbaycan\u0131n iqtisadi inki\u015faf\u0131nda innovativ idr\u0259etm\u0259 v\u0259 r\u0259q\u0259msal texnologiyalar\u0131n rolu\u201d m\u00f6vzusunda elmi -praktik konfrans ba\u015f tutdu. Konfrans\u0131n g\u00fcnd\u0259liyi v\u0259 se\u00e7ilmi\u015f istiqam\u0259tl\u0259r regional inki\u015faf\u0131n idar\u0259 olunmas\u0131nda innovativ prosesl\u0259rin t\u0259hlili, perspektiv imkanlar\u0131n \u00f6yr\u0259nilm\u0259sin\u0259 h\u0259sr olunmu\u015fdur. &nbsp;&nbsp;&nbsp;&nbsp;&nbsp;&nbsp;&nbsp;&nbsp;&nbsp;&nbsp;&nbsp; Konfrans\u0131n i\u015find\u0259 Az\u0259rbaycan Respublikas\u0131 Elm v\u0259 T\u0259hsil Nazirliyi \u0130qtisadiyyat [&hellip;]<\/p>","protected":false},"author":2,"featured_media":28486,"comment_status":"closed","ping_status":"closed","sticky":false,"template":"","format":"standard","meta":[],"categories":[137],"tags":[],"_links":{"self":[{"href":"https:\/\/legacy.dia.edu.az\/en\/wp-json\/wp\/v2\/posts\/28479"}],"collection":[{"href":"https:\/\/legacy.dia.edu.az\/en\/wp-json\/wp\/v2\/posts"}],"about":[{"href":"https:\/\/legacy.dia.edu.az\/en\/wp-json\/wp\/v2\/types\/post"}],"author":[{"embeddable":true,"href":"https:\/\/legacy.dia.edu.az\/en\/wp-json\/wp\/v2\/users\/2"}],"replies":[{"embeddable":true,"href":"https:\/\/legacy.dia.edu.az\/en\/wp-json\/wp\/v2\/comments?post=28479"}],"version-history":[{"count":4,"href":"https:\/\/legacy.dia.edu.az\/en\/wp-json\/wp\/v2\/posts\/28479\/revisions"}],"predecessor-version":[{"id":28490,"href":"https:\/\/legacy.dia.edu.az\/en\/wp-json\/wp\/v2\/posts\/28479\/revisions\/28490"}],"wp:featuredmedia":[{"embeddable":true,"href":"https:\/\/legacy.dia.edu.az\/en\/wp-json\/wp\/v2\/media\/28486"}],"wp:attachment":[{"href":"https:\/\/legacy.dia.edu.az\/en\/wp-json\/wp\/v2\/media?parent=28479"}],"wp:term":[{"taxonomy":"category","embeddable":true,"href":"https:\/\/legacy.dia.edu.az\/en\/wp-json\/wp\/v2\/categories?post=28479"},{"taxonomy":"post_tag","embeddable":true,"href":"https:\/\/legacy.dia.edu.az\/en\/wp-json\/wp\/v2\/tags?post=28479"}],"curies":[{"name":"wp","href":"https:\/\/api.w.org\/{rel}","templated":true}]}}