{"id":28470,"date":"2025-11-14T14:57:42","date_gmt":"2025-11-14T10:57:42","guid":{"rendered":"https:\/\/dia.edu.az\/?p=28470"},"modified":"2025-11-14T14:59:00","modified_gmt":"2025-11-14T10:59:00","slug":"az%c9%99rbaycan-respublikasinin-prezidenti-yaninda-dovl%c9%99t-idar%c9%99cilik-akademiyasinda-asan-xidm%c9%99t-m%c9%99rk%c9%99zl%c9%99rinin-%c9%99m%c9%99kdasl","status":"publish","type":"post","link":"https:\/\/legacy.dia.edu.az\/en\/arxivl\u0259r\/28470","title":{"rendered":"Az\u0259rbaycan Respublikas\u0131n\u0131n Prezidenti yan\u0131nda D\u00f6vl\u0259t \u0130dar\u0259\u00e7ilik Akademiyas\u0131nda \u00a0\u00a0\u00a0\u00a0\u201cASAN xidm\u0259t\u201d m\u0259rk\u0259zl\u0259rinin \u0259m\u0259kda\u015flar\u0131 \u00fc\u00e7\u00fcn \u201cD\u00f6vl\u0259t idar\u0259\u00e7iliyind\u0259 layih\u0259l\u0259rin idar\u0259edilm\u0259si\u201d m\u00f6vzusunda t\u0259lim ke\u00e7irilib"},"content":{"rendered":"<div data-elementor-type=\"wp-post\" data-elementor-id=\"28470\" class=\"elementor elementor-28470\" data-elementor-settings=\"[]\">\n\t\t\t\t\t\t<div class=\"elementor-inner\">\n\t\t\t\t\t\t\t<div class=\"elementor-section-wrap\">\n\t\t\t\t\t\t\t<section class=\"elementor-section elementor-top-section elementor-element elementor-element-b0bf7db elementor-section-boxed elementor-section-height-default elementor-section-height-default\" data-id=\"b0bf7db\" data-element_type=\"section\">\n\t\t\t\t\t\t<div class=\"elementor-container elementor-column-gap-default\">\n\t\t\t\t\t\t\t<div class=\"elementor-row\">\n\t\t\t\t\t<div class=\"elementor-column elementor-col-100 elementor-top-column elementor-element elementor-element-d0251e4\" data-id=\"d0251e4\" data-element_type=\"column\">\n\t\t\t<div class=\"elementor-column-wrap elementor-element-populated\">\n\t\t\t\t\t\t\t<div class=\"elementor-widget-wrap\">\n\t\t\t\t\t\t<div class=\"elementor-element elementor-element-e9674cf elementor-widget elementor-widget-text-editor\" data-id=\"e9674cf\" data-element_type=\"widget\" data-widget_type=\"text-editor.default\">\n\t\t\t\t<div class=\"elementor-widget-container\">\n\t\t\t\t\t\t\t\t<div class=\"elementor-text-editor elementor-clearfix\">\n\t\t\t\t\t<p style=\"text-align:justify;text-indent:36.0pt\">14 noyabr 2025-ci il tarixind\u0259\nAz\u0259rbaycan Respublikas\u0131n\u0131n Prezidenti yan\u0131nda D\u00f6vl\u0259t \u0130dar\u0259\u00e7ilik Akademiyas\u0131\nt\u0259r\u0259find\u0259n \u201cASAN xidm\u0259t\u201d m\u0259rk\u0259zl\u0259rinin \u0259m\u0259kda\u015flar\u0131 \u00fc\u00e7\u00fcn \u201cD\u00f6vl\u0259t idar\u0259\u00e7iliyind\u0259\nlayih\u0259l\u0259rin idar\u0259edilm\u0259si\u201d m\u00f6vzusunda onlayn t\u0259lim t\u0259\u015fkil olunub.&nbsp; T\u0259limi Az\u0259rbaycan Respublikas\u0131n\u0131n Prezidenti\nyan\u0131nda D\u00f6vl\u0259t \u0130dar\u0259\u00e7ilik Akademiyas\u0131n\u0131n \u201cD\u00f6vl\u0259t qullu\u011fu v\u0259 kadr siyas\u0259ti\u201d\nkafedras\u0131n\u0131n m\u00fc\u0259llimi Nuriyy\u0259 G\u00fcn\u0259\u015fli aparm\u0131\u015fd\u0131r.<o:p><\/o:p><\/p><p style=\"text-align:justify;text-indent:36.0pt\">T\u0259dbirin \u0259sas m\u0259qs\u0259di d\u00f6vl\u0259t\nqurumlar\u0131nda layih\u0259 idar\u0259\u00e7iliyinin m\u00fcasir yana\u015fmalar\u0131n\u0131, t\u0259tbiq olunan\nmetodologiyalar\u0131 v\u0259 idar\u0259etm\u0259 mexanizml\u0259rini i\u015ftirak\u00e7\u0131lara \u00e7atd\u0131rmaq, d\u00f6vl\u0259t\nqulluq\u00e7ular\u0131n\u0131n bu sah\u0259d\u0259 n\u0259z\u0259ri bilik v\u0259 praktiki bacar\u0131qlar\u0131n\u0131 art\u0131rmaqdan\nibar\u0259t olmu\u015fdur.<o:p><\/o:p><\/p><p style=\"text-align:justify;text-indent:36.0pt\"><strong><span style=\"font-weight:normal\">T<\/span><\/strong><strong><span lang=\"AZ-LATIN\" style=\"mso-ansi-language:AZ-LATIN;font-weight:normal\">\u0259lim zaman\u0131 <\/span><\/strong><strong><span style=\"font-weight:normal\">layih\u0259 \u0259sasl\u0131 idar\u0259etm\u0259nin m\u00fcasir d\u00f6vl\u0259t\nidar\u0259\u00e7iliyind\u0259 rolu x\u00fcsusi vur\u011fulanm\u0131\u015fd\u0131r.<\/span><\/strong> Qeyd olunmu\u015fdur ki,\nlayih\u0259 yana\u015fmas\u0131 d\u00f6vl\u0259t orqanlar\u0131na daha \u00e7evik q\u0259rarverm\u0259, resurslardan\ns\u0259m\u0259r\u0259li istifad\u0259, n\u0259tic\u0259y\u00f6n\u00fcml\u00fc f\u0259aliyy\u0259t, innovasiyalar\u0131n t\u0259tbiqi v\u0259\n\u015f\u0259ffafl\u0131\u011f\u0131n art\u0131r\u0131lmas\u0131 kimi m\u00fch\u00fcm \u00fcst\u00fcnl\u00fckl\u0259r t\u0259qdim edir. <o:p><\/o:p><\/p><p style=\"text-align:justify;text-indent:36.0pt\">T\u0259lim zaman\u0131 d\u00f6vl\u0259t sektorunda\nlayih\u0259 planla\u015fd\u0131r\u0131lmas\u0131, riskl\u0259rin idar\u0259 olunmas\u0131, resurslar\u0131n s\u0259m\u0259r\u0259li\nb\u00f6l\u00fc\u015fd\u00fcr\u00fclm\u0259si, layih\u0259l\u0259rin monitorinqi v\u0259 qiym\u0259tl\u0259ndirilm\u0259si kimi m\u00f6vzular\ngeni\u015f \u015f\u0259kild\u0259 izah edilmi\u015fdir. H\u0259m\u00e7inin d\u00f6vl\u0259t idar\u0259\u00e7iliyind\u0259 layih\u0259\nyana\u015fmas\u0131n\u0131n t\u0259tbiqi, effektiv n\u0259tic\u0259l\u0259rin \u0259ld\u0259 olunmas\u0131 v\u0259 idar\u0259etm\u0259d\u0259\ninnovativ metodlar\u0131n rolu bar\u0259d\u0259 i\u015ftirak\u00e7\u0131lara \u0259trafl\u0131 m\u0259lumat t\u0259qdim olunub.<o:p><\/o:p><\/p><p style=\"text-align:justify;text-indent:36.0pt\">\u0130\u015ftirak\u00e7\u0131lar layih\u0259l\u0259rin\nicras\u0131 zaman\u0131 qar\u015f\u0131ya \u00e7\u0131xan \u00e7\u0259tinlikl\u0259r, \u015f\u0259ffafl\u0131\u011f\u0131n v\u0259 hesabatl\u0131l\u0131\u011f\u0131n t\u0259min\nolunmas\u0131, el\u0259c\u0259 d\u0259 d\u00f6vl\u0259t xidm\u0259tl\u0259rinin s\u0259m\u0259r\u0259liliyinin art\u0131r\u0131lmas\u0131 il\u0259 ba\u011fl\u0131\nfikir m\u00fcbadil\u0259si aparm\u0131\u015f, praktiki suallar\u0131n\u0131 m\u00fczakir\u0259 etmi\u015fl\u0259r.<o:p><\/o:p><\/p><p style=\"text-align:justify\">\n\n\n\n\n\n\n\n\n\n<\/p><p style=\"text-align:justify;text-indent:36.0pt\">T\u0259dbirin sonunda qeyd olunub\nki, bu kimi t\u0259liml\u0259r d\u00f6vl\u0259t qulluq\u00e7ular\u0131n\u0131n pe\u015f\u0259kar inki\u015faf\u0131na, idar\u0259\u00e7ilik\nprosesl\u0259rinin keyfiyy\u0259tinin y\u00fcks\u0259ldilm\u0259sin\u0259 v\u0259 d\u00f6vl\u0259t xidm\u0259tl\u0259rinin daha\neffektiv \u015f\u0259kild\u0259 h\u0259yata ke\u00e7irilm\u0259sin\u0259 m\u00fch\u00fcm t\u00f6hf\u0259 verir.<o:p><\/o:p><\/p>\t\t\t\t\t<\/div>\n\t\t\t\t\t\t<\/div>\n\t\t\t\t<\/div>\n\t\t\t\t\t\t<\/div>\n\t\t\t\t\t<\/div>\n\t\t<\/div>\n\t\t\t\t\t\t\t\t<\/div>\n\t\t\t\t\t<\/div>\n\t\t<\/section>\n\t\t\t\t<section class=\"elementor-section elementor-top-section elementor-element elementor-element-9fc0ba3 elementor-section-boxed elementor-section-height-default elementor-section-height-default\" data-id=\"9fc0ba3\" data-element_type=\"section\">\n\t\t\t\t\t\t<div class=\"elementor-container elementor-column-gap-default\">\n\t\t\t\t\t\t\t<div class=\"elementor-row\">\n\t\t\t\t\t<div class=\"elementor-column elementor-col-100 elementor-top-column elementor-element elementor-element-00440ac\" data-id=\"00440ac\" data-element_type=\"column\">\n\t\t\t<div class=\"elementor-column-wrap elementor-element-populated\">\n\t\t\t\t\t\t\t<div class=\"elementor-widget-wrap\">\n\t\t\t\t\t\t<div class=\"elementor-element elementor-element-f3ec8a1 elementor-arrows-position-inside elementor-pagination-position-outside elementor-widget elementor-widget-image-carousel\" data-id=\"f3ec8a1\" data-element_type=\"widget\" data-settings=\"{&quot;navigation&quot;:&quot;both&quot;,&quot;autoplay&quot;:&quot;yes&quot;,&quot;pause_on_hover&quot;:&quot;yes&quot;,&quot;pause_on_interaction&quot;:&quot;yes&quot;,&quot;autoplay_speed&quot;:5000,&quot;infinite&quot;:&quot;yes&quot;,&quot;speed&quot;:500}\" data-widget_type=\"image-carousel.default\">\n\t\t\t\t<div class=\"elementor-widget-container\">\n\t\t\t\t\t<div class=\"elementor-image-carousel-wrapper swiper-container\" dir=\"ltr\">\n\t\t\t<div class=\"elementor-image-carousel swiper-wrapper\">\n\t\t\t\t<div class=\"swiper-slide\"><a data-elementor-open-lightbox=\"yes\" data-elementor-lightbox-slideshow=\"f3ec8a1\" href=\"https:\/\/legacy.dia.edu.az\/wp-content\/uploads\/2025\/11\/1-3.png\"><figure class=\"swiper-slide-inner\"><img class=\"swiper-slide-image\" src=\"https:\/\/legacy.dia.edu.az\/wp-content\/uploads\/2025\/11\/1-3-150x150.png\" alt=\"\" \/><\/figure><\/a><\/div><div class=\"swiper-slide\"><a data-elementor-open-lightbox=\"yes\" data-elementor-lightbox-slideshow=\"f3ec8a1\" href=\"https:\/\/legacy.dia.edu.az\/wp-content\/uploads\/2025\/11\/02.png\"><figure class=\"swiper-slide-inner\"><img class=\"swiper-slide-image\" src=\"https:\/\/legacy.dia.edu.az\/wp-content\/uploads\/2025\/11\/02-150x150.png\" alt=\"\" \/><\/figure><\/a><\/div><div class=\"swiper-slide\"><a data-elementor-open-lightbox=\"yes\" data-elementor-lightbox-slideshow=\"f3ec8a1\" href=\"https:\/\/legacy.dia.edu.az\/wp-content\/uploads\/2025\/11\/04.png\"><figure class=\"swiper-slide-inner\"><img class=\"swiper-slide-image\" src=\"https:\/\/legacy.dia.edu.az\/wp-content\/uploads\/2025\/11\/04-150x150.png\" alt=\"\" \/><\/figure><\/a><\/div>\t\t\t<\/div>\n\t\t\t\t\t\t\t\t\t\t\t\t<div class=\"swiper-pagination\"><\/div>\n\t\t\t\t\t\t\t\t\t\t\t\t\t<div class=\"elementor-swiper-button elementor-swiper-button-prev\">\n\t\t\t\t\t\t<i class=\"eicon-chevron-left\" aria-hidden=\"true\"><\/i>\n\t\t\t\t\t\t<span class=\"elementor-screen-only\">Previous<\/span>\n\t\t\t\t\t<\/div>\n\t\t\t\t\t<div class=\"elementor-swiper-button elementor-swiper-button-next\">\n\t\t\t\t\t\t<i class=\"eicon-chevron-right\" aria-hidden=\"true\"><\/i>\n\t\t\t\t\t\t<span class=\"elementor-screen-only\">Next<\/span>\n\t\t\t\t\t<\/div>\n\t\t\t\t\t\t\t\t\t<\/div>\n\t\t\t\t<\/div>\n\t\t\t\t<\/div>\n\t\t\t\t\t\t<\/div>\n\t\t\t\t\t<\/div>\n\t\t<\/div>\n\t\t\t\t\t\t\t\t<\/div>\n\t\t\t\t\t<\/div>\n\t\t<\/section>\n\t\t\t\t\t\t<\/div>\n\t\t\t\t\t\t<\/div>\n\t\t\t\t\t<\/div>","protected":false},"excerpt":{"rendered":"<p>14 noyabr 2025-ci il tarixind\u0259 Az\u0259rbaycan Respublikas\u0131n\u0131n Prezidenti yan\u0131nda D\u00f6vl\u0259t \u0130dar\u0259\u00e7ilik Akademiyas\u0131 t\u0259r\u0259find\u0259n \u201cASAN xidm\u0259t\u201d m\u0259rk\u0259zl\u0259rinin \u0259m\u0259kda\u015flar\u0131 \u00fc\u00e7\u00fcn \u201cD\u00f6vl\u0259t idar\u0259\u00e7iliyind\u0259 layih\u0259l\u0259rin idar\u0259edilm\u0259si\u201d m\u00f6vzusunda onlayn t\u0259lim t\u0259\u015fkil olunub.&nbsp; T\u0259limi Az\u0259rbaycan Respublikas\u0131n\u0131n Prezidenti yan\u0131nda D\u00f6vl\u0259t \u0130dar\u0259\u00e7ilik Akademiyas\u0131n\u0131n \u201cD\u00f6vl\u0259t qullu\u011fu v\u0259 kadr siyas\u0259ti\u201d kafedras\u0131n\u0131n m\u00fc\u0259llimi Nuriyy\u0259 G\u00fcn\u0259\u015fli aparm\u0131\u015fd\u0131r. T\u0259dbirin \u0259sas m\u0259qs\u0259di d\u00f6vl\u0259t qurumlar\u0131nda layih\u0259 idar\u0259\u00e7iliyinin m\u00fcasir yana\u015fmalar\u0131n\u0131, t\u0259tbiq [&hellip;]<\/p>","protected":false},"author":2,"featured_media":28471,"comment_status":"closed","ping_status":"closed","sticky":false,"template":"","format":"standard","meta":[],"categories":[137],"tags":[],"_links":{"self":[{"href":"https:\/\/legacy.dia.edu.az\/en\/wp-json\/wp\/v2\/posts\/28470"}],"collection":[{"href":"https:\/\/legacy.dia.edu.az\/en\/wp-json\/wp\/v2\/posts"}],"about":[{"href":"https:\/\/legacy.dia.edu.az\/en\/wp-json\/wp\/v2\/types\/post"}],"author":[{"embeddable":true,"href":"https:\/\/legacy.dia.edu.az\/en\/wp-json\/wp\/v2\/users\/2"}],"replies":[{"embeddable":true,"href":"https:\/\/legacy.dia.edu.az\/en\/wp-json\/wp\/v2\/comments?post=28470"}],"version-history":[{"count":4,"href":"https:\/\/legacy.dia.edu.az\/en\/wp-json\/wp\/v2\/posts\/28470\/revisions"}],"predecessor-version":[{"id":28478,"href":"https:\/\/legacy.dia.edu.az\/en\/wp-json\/wp\/v2\/posts\/28470\/revisions\/28478"}],"wp:featuredmedia":[{"embeddable":true,"href":"https:\/\/legacy.dia.edu.az\/en\/wp-json\/wp\/v2\/media\/28471"}],"wp:attachment":[{"href":"https:\/\/legacy.dia.edu.az\/en\/wp-json\/wp\/v2\/media?parent=28470"}],"wp:term":[{"taxonomy":"category","embeddable":true,"href":"https:\/\/legacy.dia.edu.az\/en\/wp-json\/wp\/v2\/categories?post=28470"},{"taxonomy":"post_tag","embeddable":true,"href":"https:\/\/legacy.dia.edu.az\/en\/wp-json\/wp\/v2\/tags?post=28470"}],"curies":[{"name":"wp","href":"https:\/\/api.w.org\/{rel}","templated":true}]}}