{"id":27857,"date":"2025-10-16T15:23:03","date_gmt":"2025-10-16T11:23:03","guid":{"rendered":"https:\/\/dia.edu.az\/?p=27857"},"modified":"2025-10-22T15:03:06","modified_gmt":"2025-10-22T11:03:06","slug":"az%c9%99rbaycan-respublikasinin-prezidenti-yaninda-dovl%c9%99t-idar%c9%99cilik-akademiyasinda-asan-xidm%c9%99t-m%c9%99rk%c9%99zl%c9%99rinin-%c9%99m%c9%99kdaslari-ucun-dovl-2","status":"publish","type":"post","link":"https:\/\/legacy.dia.edu.az\/en\/arxivl\u0259r\/27857","title":{"rendered":"Az\u0259rbaycan Respublikas\u0131n\u0131n Prezidenti yan\u0131nda D\u00f6vl\u0259t \u0130dar\u0259\u00e7ilik Akademiyas\u0131nda \u201cASAN xidm\u0259t\u201d m\u0259rk\u0259zl\u0259rinin \u0259m\u0259kda\u015flar\u0131 \u00fc\u00e7\u00fcn \u201cD\u00f6vl\u0259t qullu\u011funda komanda quruculu\u011fu. Komandada i\u015fin t\u0259\u015fkili\u201d m\u00f6vzusunda t\u0259lim ke\u00e7irilib"},"content":{"rendered":"<div data-elementor-type=\"wp-post\" data-elementor-id=\"27857\" class=\"elementor elementor-27857\" data-elementor-settings=\"[]\">\n\t\t\t\t\t\t<div class=\"elementor-inner\">\n\t\t\t\t\t\t\t<div class=\"elementor-section-wrap\">\n\t\t\t\t\t\t\t<section class=\"elementor-section elementor-top-section elementor-element elementor-element-a6bbe74 elementor-section-boxed elementor-section-height-default elementor-section-height-default\" data-id=\"a6bbe74\" data-element_type=\"section\">\n\t\t\t\t\t\t<div class=\"elementor-container elementor-column-gap-default\">\n\t\t\t\t\t\t\t<div class=\"elementor-row\">\n\t\t\t\t\t<div class=\"elementor-column elementor-col-100 elementor-top-column elementor-element elementor-element-3f80114\" data-id=\"3f80114\" data-element_type=\"column\">\n\t\t\t<div class=\"elementor-column-wrap elementor-element-populated\">\n\t\t\t\t\t\t\t<div class=\"elementor-widget-wrap\">\n\t\t\t\t\t\t<div class=\"elementor-element elementor-element-d3e289a elementor-widget elementor-widget-text-editor\" data-id=\"d3e289a\" data-element_type=\"widget\" data-widget_type=\"text-editor.default\">\n\t\t\t\t<div class=\"elementor-widget-container\">\n\t\t\t\t\t\t\t\t<div class=\"elementor-text-editor elementor-clearfix\">\n\t\t\t\t\t<p align=\"center\" style=\"text-align:center\"><b><span style=\"font-size:14.0pt\">15\noktyabr 2025<o:p><\/o:p><\/span><\/b><\/p><p style=\"text-align:justify;text-indent:36.0pt\"><span style=\"font-size:14.0pt\">15\noktyabr 2025-ci il tarixind\u0259 Az\u0259rbaycan Respublikas\u0131n\u0131n Prezidenti yan\u0131nda\nD\u00f6vl\u0259t \u0130dar\u0259\u00e7ilik Akademiyas\u0131n\u0131n t\u0259\u015fkilat\u00e7\u0131l\u0131\u011f\u0131 il\u0259 \u201cASAN xidm\u0259t\u201d m\u0259rk\u0259zl\u0259rinin\n\u0259m\u0259kda\u015flar\u0131 \u00fc\u00e7\u00fcn \u201cD\u00f6vl\u0259t qullu\u011funda komanda quruculu\u011fu. Komandada i\u015fin t\u0259\u015fkili\u201d\nm\u00f6vzusunda t\u0259lim ke\u00e7irilib.<o:p><\/o:p><\/span><\/p><p style=\"text-align:justify;text-indent:36.0pt\"><span style=\"font-size:14.0pt\">D\u0130A-n\u0131n\nba\u015f m\u00fc\u0259llimi siyasi elml\u0259r \u00fczr\u0259 f\u0259ls\u0259f\u0259 doktoru Osmanova Esmira t\u0259limd\u0259 \u00e7\u0131x\u0131\u015f\ned\u0259r\u0259k d\u00f6vl\u0259t qullu\u011funda komanda quruculu\u011funun \u0259h\u0259miyy\u0259ti, effektiv komanda\nf\u0259aliyy\u0259tinin t\u0259\u015fkili v\u0259 idar\u0259 edilm\u0259si m\u00f6vzular\u0131nda i\u015ftirak\u00e7\u0131lara \u0259trafl\u0131\nm\u0259lumat verib. O, komanda daxilind\u0259 m\u0259hsuldar \u0259m\u0259kda\u015fl\u0131\u011f\u0131n \u0259sas\u0131n\u0131 t\u0259\u015fkil ed\u0259n\nliderlik keyfiyy\u0259tl\u0259ri, inam v\u0259 qar\u015f\u0131l\u0131ql\u0131 etimad\u0131n formala\u015fd\u0131r\u0131lmas\u0131, habel\u0259\nstrateji m\u0259qs\u0259dl\u0259r\u0259 \u00e7atmaq \u00fc\u00e7\u00fcn d\u00fczg\u00fcn kommunikasiya bacar\u0131qlar\u0131n\u0131n vacibliyini\nvur\u011fulay\u0131b<o:p><\/o:p><\/span><\/p><p style=\"text-align:justify;text-indent:36.0pt\"><span style=\"font-size:14.0pt\">M\u00fchazir\u0259\nzaman\u0131 komanda daxili m\u00fcnasib\u0259tl\u0259rin qurulmas\u0131, h\u0259m\u00e7inin f\u0259rqli d\u00fc\u015f\u00fcnc\u0259\nt\u0259rzl\u0259rinin komanda i\u015find\u0259 yarada bil\u0259c\u0259yi \u00e7\u0259tinlikl\u0259rin effektiv idar\u0259\nolunmas\u0131 yollar\u0131 praktiki n\u00fcmun\u0259l\u0259r \u0259sas\u0131nda izah edilib. T\u0259lim \u00e7\u0259r\u00e7iv\u0259sind\u0259\ni\u015ftirak\u00e7\u0131lar real i\u015f m\u00fchitind\u0259 qar\u015f\u0131ya \u00e7\u0131xa bil\u0259c\u0259k probleml\u0259rin analizi,\nq\u0259rarlar\u0131n q\u0259bulu v\u0259 b\u00f6hran \u015f\u0259raitind\u0259 komanda r\u0259hb\u0259rliyinin rolu kimi\nm\u0259s\u0259l\u0259l\u0259ri m\u00fczakir\u0259 edibl\u0259r.T\u0259lim i\u015ftirak\u00e7\u0131lar\u0131 d\u00f6vl\u0259t qullu\u011funda insan\nresurslar\u0131n\u0131n idar\u0259 olunmas\u0131 v\u0259 komandada effektivliyin art\u0131r\u0131lmas\u0131n\u0131n d\u00f6vl\u0259t\nidar\u0259\u00e7iliyinin keyfiyy\u0259tin\u0259 birba\u015fa t\u0259sir etdiyini qeyd ed\u0259r\u0259k, bu sah\u0259d\u0259 bilik\nv\u0259 bacar\u0131qlar\u0131n inki\u015faf etdirilm\u0259sinin vacibliyini vur\u011fulay\u0131blar.<o:p><\/o:p><\/span><\/p><p>\n\n\n\n\n\n\n\n<\/p><p class=\"MsoNormal\"><o:p>&nbsp;<\/o:p><\/p>\t\t\t\t\t<\/div>\n\t\t\t\t\t\t<\/div>\n\t\t\t\t<\/div>\n\t\t\t\t\t\t<\/div>\n\t\t\t\t\t<\/div>\n\t\t<\/div>\n\t\t\t\t\t\t\t\t<\/div>\n\t\t\t\t\t<\/div>\n\t\t<\/section>\n\t\t\t\t<section class=\"elementor-section elementor-top-section elementor-element elementor-element-64bc18d elementor-section-boxed elementor-section-height-default elementor-section-height-default\" data-id=\"64bc18d\" data-element_type=\"section\">\n\t\t\t\t\t\t<div class=\"elementor-container elementor-column-gap-default\">\n\t\t\t\t\t\t\t<div class=\"elementor-row\">\n\t\t\t\t\t<div class=\"elementor-column elementor-col-100 elementor-top-column elementor-element elementor-element-7ad8f11\" data-id=\"7ad8f11\" data-element_type=\"column\">\n\t\t\t<div class=\"elementor-column-wrap elementor-element-populated\">\n\t\t\t\t\t\t\t<div class=\"elementor-widget-wrap\">\n\t\t\t\t\t\t<div class=\"elementor-element elementor-element-034779d elementor-arrows-position-inside elementor-pagination-position-outside elementor-widget elementor-widget-image-carousel\" data-id=\"034779d\" data-element_type=\"widget\" data-settings=\"{&quot;navigation&quot;:&quot;both&quot;,&quot;autoplay&quot;:&quot;yes&quot;,&quot;pause_on_hover&quot;:&quot;yes&quot;,&quot;pause_on_interaction&quot;:&quot;yes&quot;,&quot;autoplay_speed&quot;:5000,&quot;infinite&quot;:&quot;yes&quot;,&quot;speed&quot;:500}\" data-widget_type=\"image-carousel.default\">\n\t\t\t\t<div class=\"elementor-widget-container\">\n\t\t\t\t\t<div class=\"elementor-image-carousel-wrapper swiper-container\" dir=\"ltr\">\n\t\t\t<div class=\"elementor-image-carousel swiper-wrapper\">\n\t\t\t\t<div class=\"swiper-slide\"><a data-elementor-open-lightbox=\"yes\" data-elementor-lightbox-slideshow=\"034779d\" data-elementor-lightbox-title=\"33\" href=\"https:\/\/legacy.dia.edu.az\/wp-content\/uploads\/2025\/10\/33.png\"><figure class=\"swiper-slide-inner\"><img class=\"swiper-slide-image\" src=\"https:\/\/legacy.dia.edu.az\/wp-content\/uploads\/2025\/10\/33-150x150.png\" alt=\"33\" \/><\/figure><\/a><\/div><div class=\"swiper-slide\"><a data-elementor-open-lightbox=\"yes\" data-elementor-lightbox-slideshow=\"034779d\" data-elementor-lightbox-title=\"1\" href=\"https:\/\/legacy.dia.edu.az\/wp-content\/uploads\/2025\/10\/1.png\"><figure class=\"swiper-slide-inner\"><img class=\"swiper-slide-image\" src=\"https:\/\/legacy.dia.edu.az\/wp-content\/uploads\/2025\/10\/1-150x150.png\" alt=\"1\" \/><\/figure><\/a><\/div>\t\t\t<\/div>\n\t\t\t\t\t\t\t\t\t\t\t\t<div class=\"swiper-pagination\"><\/div>\n\t\t\t\t\t\t\t\t\t\t\t\t\t<div class=\"elementor-swiper-button elementor-swiper-button-prev\">\n\t\t\t\t\t\t<i class=\"eicon-chevron-left\" aria-hidden=\"true\"><\/i>\n\t\t\t\t\t\t<span class=\"elementor-screen-only\">Previous<\/span>\n\t\t\t\t\t<\/div>\n\t\t\t\t\t<div class=\"elementor-swiper-button elementor-swiper-button-next\">\n\t\t\t\t\t\t<i class=\"eicon-chevron-right\" aria-hidden=\"true\"><\/i>\n\t\t\t\t\t\t<span class=\"elementor-screen-only\">Next<\/span>\n\t\t\t\t\t<\/div>\n\t\t\t\t\t\t\t\t\t<\/div>\n\t\t\t\t<\/div>\n\t\t\t\t<\/div>\n\t\t\t\t\t\t<\/div>\n\t\t\t\t\t<\/div>\n\t\t<\/div>\n\t\t\t\t\t\t\t\t<\/div>\n\t\t\t\t\t<\/div>\n\t\t<\/section>\n\t\t\t\t\t\t<\/div>\n\t\t\t\t\t\t<\/div>\n\t\t\t\t\t<\/div>","protected":false},"excerpt":{"rendered":"<p>15 oktyabr 2025 15 oktyabr 2025-ci il tarixind\u0259 Az\u0259rbaycan Respublikas\u0131n\u0131n Prezidenti yan\u0131nda D\u00f6vl\u0259t \u0130dar\u0259\u00e7ilik Akademiyas\u0131n\u0131n t\u0259\u015fkilat\u00e7\u0131l\u0131\u011f\u0131 il\u0259 \u201cASAN xidm\u0259t\u201d m\u0259rk\u0259zl\u0259rinin \u0259m\u0259kda\u015flar\u0131 \u00fc\u00e7\u00fcn \u201cD\u00f6vl\u0259t qullu\u011funda komanda quruculu\u011fu. Komandada i\u015fin t\u0259\u015fkili\u201d m\u00f6vzusunda t\u0259lim ke\u00e7irilib. D\u0130A-n\u0131n ba\u015f m\u00fc\u0259llimi siyasi elml\u0259r \u00fczr\u0259 f\u0259ls\u0259f\u0259 doktoru Osmanova Esmira t\u0259limd\u0259 \u00e7\u0131x\u0131\u015f ed\u0259r\u0259k d\u00f6vl\u0259t qullu\u011funda komanda quruculu\u011funun \u0259h\u0259miyy\u0259ti, effektiv komanda f\u0259aliyy\u0259tinin t\u0259\u015fkili v\u0259 [&hellip;]<\/p>","protected":false},"author":2,"featured_media":27859,"comment_status":"closed","ping_status":"closed","sticky":false,"template":"","format":"standard","meta":[],"categories":[137],"tags":[],"_links":{"self":[{"href":"https:\/\/legacy.dia.edu.az\/en\/wp-json\/wp\/v2\/posts\/27857"}],"collection":[{"href":"https:\/\/legacy.dia.edu.az\/en\/wp-json\/wp\/v2\/posts"}],"about":[{"href":"https:\/\/legacy.dia.edu.az\/en\/wp-json\/wp\/v2\/types\/post"}],"author":[{"embeddable":true,"href":"https:\/\/legacy.dia.edu.az\/en\/wp-json\/wp\/v2\/users\/2"}],"replies":[{"embeddable":true,"href":"https:\/\/legacy.dia.edu.az\/en\/wp-json\/wp\/v2\/comments?post=27857"}],"version-history":[{"count":4,"href":"https:\/\/legacy.dia.edu.az\/en\/wp-json\/wp\/v2\/posts\/27857\/revisions"}],"predecessor-version":[{"id":27864,"href":"https:\/\/legacy.dia.edu.az\/en\/wp-json\/wp\/v2\/posts\/27857\/revisions\/27864"}],"wp:featuredmedia":[{"embeddable":true,"href":"https:\/\/legacy.dia.edu.az\/en\/wp-json\/wp\/v2\/media\/27859"}],"wp:attachment":[{"href":"https:\/\/legacy.dia.edu.az\/en\/wp-json\/wp\/v2\/media?parent=27857"}],"wp:term":[{"taxonomy":"category","embeddable":true,"href":"https:\/\/legacy.dia.edu.az\/en\/wp-json\/wp\/v2\/categories?post=27857"},{"taxonomy":"post_tag","embeddable":true,"href":"https:\/\/legacy.dia.edu.az\/en\/wp-json\/wp\/v2\/tags?post=27857"}],"curies":[{"name":"wp","href":"https:\/\/api.w.org\/{rel}","templated":true}]}}