{"id":27560,"date":"2025-10-07T14:46:59","date_gmt":"2025-10-07T10:46:59","guid":{"rendered":"https:\/\/dia.edu.az\/?p=27560"},"modified":"2025-10-07T14:47:32","modified_gmt":"2025-10-07T10:47:32","slug":"dovl%c9%99t-idar%c9%99cilik-akademiyasinin-bes-t%c9%99l%c9%99b%c9%99si-prezident-t%c9%99qaudun%c9%99-layiq-gorulub","status":"publish","type":"post","link":"https:\/\/legacy.dia.edu.az\/en\/arxivl\u0259r\/27560","title":{"rendered":"D\u00f6vl\u0259t \u0130dar\u0259\u00e7ilik Akademiyas\u0131n\u0131n be\u015f t\u0259l\u0259b\u0259si Prezident t\u0259qa\u00fcd\u00fcn\u0259 layiq g\u00f6r\u00fcl\u00fcb."},"content":{"rendered":"<div data-elementor-type=\"wp-post\" data-elementor-id=\"27560\" class=\"elementor elementor-27560\" data-elementor-settings=\"[]\">\n\t\t\t\t\t\t<div class=\"elementor-inner\">\n\t\t\t\t\t\t\t<div class=\"elementor-section-wrap\">\n\t\t\t\t\t\t\t<section class=\"elementor-section elementor-top-section elementor-element elementor-element-0f0bd3a elementor-section-boxed elementor-section-height-default elementor-section-height-default\" data-id=\"0f0bd3a\" data-element_type=\"section\">\n\t\t\t\t\t\t<div class=\"elementor-container elementor-column-gap-default\">\n\t\t\t\t\t\t\t<div class=\"elementor-row\">\n\t\t\t\t\t<div class=\"elementor-column elementor-col-100 elementor-top-column elementor-element elementor-element-ab5b294\" data-id=\"ab5b294\" data-element_type=\"column\">\n\t\t\t<div class=\"elementor-column-wrap elementor-element-populated\">\n\t\t\t\t\t\t\t<div class=\"elementor-widget-wrap\">\n\t\t\t\t\t\t<div class=\"elementor-element elementor-element-d08742f elementor-widget elementor-widget-text-editor\" data-id=\"d08742f\" data-element_type=\"widget\" data-widget_type=\"text-editor.default\">\n\t\t\t\t<div class=\"elementor-widget-container\">\n\t\t\t\t\t\t\t\t<div class=\"elementor-text-editor elementor-clearfix\">\n\t\t\t\t\t<p class=\"MsoNormal\"><span lang=\"AZ-LATIN\" style=\"font-size:12.0pt;line-height:107%;font-family:&quot;Arial&quot;,sans-serif;mso-ansi-language:AZ-LATIN\">M\u0259lum oldu\u011fu\nkimi Prezident \u0130lham \u018fliyevin S\u0259r\u0259ncam\u0131na \u0259sas\u0259n, 2025-2026-c\u0131 t\u0259dris ilind\u0259\nali m\u0259kt\u0259bl\u0259r\u0259 daxil olmu\u015f 102 t\u0259l\u0259b\u0259 Prezident t\u0259qa\u00fcd\u00fcn\u0259 layiq g\u00f6r\u00fcl\u00fcb. Onlar\u0131n\n5 n\u0259f\u0259ri Az\u0259rbaycan Respublikas\u0131n\u0131n Prezidenti yan\u0131nda D\u00f6vl\u0259t \u0130dar\u0259\u00e7ilik\nAkademiyas\u0131n\u0131n t\u0259l\u0259b\u0259l\u0259ridir. Akademiya t\u0259l\u0259b\u0259l\u0259rinin \u00fcmumi say\u0131n\u0131n \u00f6lk\u0259 \u00fczr\u0259\nb\u00fct\u00fcn ali m\u0259kt\u0259b t\u0259l\u0259b\u0259l\u0259rinin 1 faizind\u0259n az oldu\u011funu n\u0259z\u0259r\u0259 alsaq, bu n\u0259tic\u0259 il\u0259\nnisb\u0259t 1-\u0259 qar\u015f\u0131 5-dir.<o:p><\/o:p><\/span><\/p><p><span lang=\"AZ-LATIN\" style=\"font-family:&quot;Arial&quot;,sans-serif;mso-ansi-language:AZ-LATIN\">Oktyabr\u0131n 7-d\u0259 Az\u0259rbaycan Respublikas\u0131n\u0131n Prezidenti yan\u0131nda D\u00f6vl\u0259t\n\u0130dar\u0259\u00e7ilik Akademiyas\u0131n\u0131n rektoru, akademik Urxan \u018fl\u0259kb\u0259rov Prezident t\u0259qa\u00fcd\u00fcn\u0259\nlayiq g\u00f6r\u00fclm\u00fc\u015f t\u0259l\u0259b\u0259l\u0259rl\u0259 g\u00f6r\u00fc\u015fm\u00fc\u015fd\u00fcr. Rektor t\u0259l\u0259b\u0259l\u0259ri bu u\u011fur m\u00fcnasib\u0259til\u0259\nt\u0259brik edib, onlara g\u0259l\u0259c\u0259k f\u0259aliyy\u0259tl\u0259rind\u0259 v\u0259 t\u0259hsill\u0259rind\u0259 u\u011furlar\narzulay\u0131b.<o:p><\/o:p><\/span><\/p><p>\n\n\n\n<\/p><p><span lang=\"AZ-LATIN\" style=\"font-family:&quot;Arial&quot;,sans-serif;mso-ansi-language:AZ-LATIN\">Akademik Urxan \u018fl\u0259kb\u0259rov qeyd edib ki, Prezident t\u0259qa\u00fcd\u00fc qazanmaq\nt\u0259kc\u0259 y\u00fcks\u0259k bilikl\u0259rin deyil, h\u0259m d\u0259 m\u0259suliyy\u0259t, v\u0259t\u0259np\u0259rv\u0259rlik v\u0259 d\u00f6vl\u0259t\u00e7ilik\nprinsipl\u0259rin\u0259 sadiqliyin g\u00f6st\u0259ricisidir. Rektor vur\u011fulay\u0131b ki, bu u\u011fur h\u0259m\nt\u0259l\u0259b\u0259l\u0259rin, h\u0259m d\u0259 onlar\u0131n m\u00fc\u0259lliml\u0259rinin f\u0259dakar \u0259m\u0259yinin n\u0259tic\u0259sidir. O&nbsp; qeyd edib ki, Prezident \u0130lham \u018fliyevin\nr\u0259hb\u0259rliyi il\u0259 \u00f6lk\u0259mizd\u0259 h\u0259yata ke\u00e7iril\u0259n d\u00f6vl\u0259t g\u0259ncl\u0259r siyas\u0259ti g\u0259nc n\u0259slin\nbilikli, m\u00fcasir d\u00fc\u015f\u00fcnc\u0259li v\u0259 v\u0259t\u0259np\u0259rv\u0259r ruhda yeti\u015fm\u0259sini t\u0259min edir. Bu\nsiyas\u0259tin \u0259sas m\u0259qs\u0259di \u00f6lk\u0259nin g\u0259l\u0259c\u0259yini formala\u015fd\u0131racaq g\u0259ncl\u0259rin\nintellektual potensial\u0131n\u0131n inki\u015faf\u0131na, onlar\u0131n elmi v\u0259 pe\u015f\u0259kar f\u0259aliyy\u0259t\u0259 c\u0259lb\nedilm\u0259sin\u0259 \u015f\u0259rait yaratmaqd\u0131r.<o:p><\/o:p><\/span><\/p>\t\t\t\t\t<\/div>\n\t\t\t\t\t\t<\/div>\n\t\t\t\t<\/div>\n\t\t\t\t\t\t<\/div>\n\t\t\t\t\t<\/div>\n\t\t<\/div>\n\t\t\t\t\t\t\t\t<\/div>\n\t\t\t\t\t<\/div>\n\t\t<\/section>\n\t\t\t\t\t\t<\/div>\n\t\t\t\t\t\t<\/div>\n\t\t\t\t\t<\/div>","protected":false},"excerpt":{"rendered":"<p>M\u0259lum oldu\u011fu kimi Prezident \u0130lham \u018fliyevin S\u0259r\u0259ncam\u0131na \u0259sas\u0259n, 2025-2026-c\u0131 t\u0259dris ilind\u0259 ali m\u0259kt\u0259bl\u0259r\u0259 daxil olmu\u015f 102 t\u0259l\u0259b\u0259 Prezident t\u0259qa\u00fcd\u00fcn\u0259 layiq g\u00f6r\u00fcl\u00fcb. Onlar\u0131n 5 n\u0259f\u0259ri Az\u0259rbaycan Respublikas\u0131n\u0131n Prezidenti yan\u0131nda D\u00f6vl\u0259t \u0130dar\u0259\u00e7ilik Akademiyas\u0131n\u0131n t\u0259l\u0259b\u0259l\u0259ridir. Akademiya t\u0259l\u0259b\u0259l\u0259rinin \u00fcmumi say\u0131n\u0131n \u00f6lk\u0259 \u00fczr\u0259 b\u00fct\u00fcn ali m\u0259kt\u0259b t\u0259l\u0259b\u0259l\u0259rinin 1 faizind\u0259n az oldu\u011funu n\u0259z\u0259r\u0259 alsaq, bu n\u0259tic\u0259 il\u0259 nisb\u0259t 1-\u0259 qar\u015f\u0131 5-dir. [&hellip;]<\/p>","protected":false},"author":2,"featured_media":27561,"comment_status":"closed","ping_status":"closed","sticky":false,"template":"","format":"standard","meta":[],"categories":[137],"tags":[],"_links":{"self":[{"href":"https:\/\/legacy.dia.edu.az\/en\/wp-json\/wp\/v2\/posts\/27560"}],"collection":[{"href":"https:\/\/legacy.dia.edu.az\/en\/wp-json\/wp\/v2\/posts"}],"about":[{"href":"https:\/\/legacy.dia.edu.az\/en\/wp-json\/wp\/v2\/types\/post"}],"author":[{"embeddable":true,"href":"https:\/\/legacy.dia.edu.az\/en\/wp-json\/wp\/v2\/users\/2"}],"replies":[{"embeddable":true,"href":"https:\/\/legacy.dia.edu.az\/en\/wp-json\/wp\/v2\/comments?post=27560"}],"version-history":[{"count":4,"href":"https:\/\/legacy.dia.edu.az\/en\/wp-json\/wp\/v2\/posts\/27560\/revisions"}],"predecessor-version":[{"id":27565,"href":"https:\/\/legacy.dia.edu.az\/en\/wp-json\/wp\/v2\/posts\/27560\/revisions\/27565"}],"wp:featuredmedia":[{"embeddable":true,"href":"https:\/\/legacy.dia.edu.az\/en\/wp-json\/wp\/v2\/media\/27561"}],"wp:attachment":[{"href":"https:\/\/legacy.dia.edu.az\/en\/wp-json\/wp\/v2\/media?parent=27560"}],"wp:term":[{"taxonomy":"category","embeddable":true,"href":"https:\/\/legacy.dia.edu.az\/en\/wp-json\/wp\/v2\/categories?post=27560"},{"taxonomy":"post_tag","embeddable":true,"href":"https:\/\/legacy.dia.edu.az\/en\/wp-json\/wp\/v2\/tags?post=27560"}],"curies":[{"name":"wp","href":"https:\/\/api.w.org\/{rel}","templated":true}]}}