{"id":27469,"date":"2025-09-29T17:01:51","date_gmt":"2025-09-29T13:01:51","guid":{"rendered":"https:\/\/dia.edu.az\/?p=27469"},"modified":"2025-09-29T17:03:20","modified_gmt":"2025-09-29T13:03:20","slug":"az%c9%99rbaycan-respublikasinin-prezidenti-yaninda-dovl%c9%99t-idar%c9%99cilik-akademiyasinda-asan-xidm%c9%99t-m%c9%99rk%c9%99zl%c9%99rinin-%c9%99m%c9%99kdaslari-ucun-dovl","status":"publish","type":"post","link":"https:\/\/legacy.dia.edu.az\/en\/arxivl\u0259r\/27469","title":{"rendered":"Az\u0259rbaycan Respublikas\u0131n\u0131n Prezidenti yan\u0131nda D\u00f6vl\u0259t \u0130dar\u0259\u00e7ilik Akademiyas\u0131nda \u201cASAN xidm\u0259t\u201d m\u0259rk\u0259zl\u0259rinin \u0259m\u0259kda\u015flar\u0131 \u00fc\u00e7\u00fcn \u201cD\u00f6vl\u0259t qullu\u011funa dair qanunvericilik v\u0259 onun t\u0259tbiqi\u201d m\u00f6vzusunda t\u0259lim ke\u00e7irilib"},"content":{"rendered":"<div data-elementor-type=\"wp-post\" data-elementor-id=\"27469\" class=\"elementor elementor-27469\" data-elementor-settings=\"[]\">\n\t\t\t\t\t\t<div class=\"elementor-inner\">\n\t\t\t\t\t\t\t<div class=\"elementor-section-wrap\">\n\t\t\t\t\t\t\t<section class=\"elementor-section elementor-top-section elementor-element elementor-element-2793646 elementor-section-boxed elementor-section-height-default elementor-section-height-default\" data-id=\"2793646\" data-element_type=\"section\">\n\t\t\t\t\t\t<div class=\"elementor-container elementor-column-gap-default\">\n\t\t\t\t\t\t\t<div class=\"elementor-row\">\n\t\t\t\t\t<div class=\"elementor-column elementor-col-100 elementor-top-column elementor-element elementor-element-a22c0d7\" data-id=\"a22c0d7\" data-element_type=\"column\">\n\t\t\t<div class=\"elementor-column-wrap elementor-element-populated\">\n\t\t\t\t\t\t\t<div class=\"elementor-widget-wrap\">\n\t\t\t\t\t\t<div class=\"elementor-element elementor-element-9307821 elementor-widget elementor-widget-text-editor\" data-id=\"9307821\" data-element_type=\"widget\" data-widget_type=\"text-editor.default\">\n\t\t\t\t<div class=\"elementor-widget-container\">\n\t\t\t\t\t\t\t\t<div class=\"elementor-text-editor elementor-clearfix\">\n\t\t\t\t\t<p style=\"text-align:justify;text-indent:36.0pt\"><span lang=\"AZ-LATIN\" style=\"font-size:14.0pt;mso-ansi-language:AZ-LATIN\">26 sentyabr 2025-ci il\ntarixind\u0259 Az\u0259rbaycan Respublikas\u0131n\u0131n Prezidenti yan\u0131nda D\u00f6vl\u0259t \u0130dar\u0259\u00e7ilik\nAkademiyas\u0131n\u0131n t\u0259\u015fkilat\u00e7\u0131l\u0131\u011f\u0131 il\u0259 \u201cASAN xidm\u0259t\u201d m\u0259rk\u0259zl\u0259rinin \u0259m\u0259kda\u015flar\u0131 \u00fc\u00e7\u00fcn\n\u201cD\u00f6vl\u0259t qullu\u011funa dair qanunvericilik v\u0259 onun t\u0259tbiqi\u201d m\u00f6vzusunda t\u0259lim\nke\u00e7irilib.<o:p><\/o:p><\/span><\/p><p style=\"text-align:justify;text-indent:36.0pt\"><span style=\"font-size:14.0pt\">T\u0259limd\u0259\nAR Prezidenti yan\u0131nda D\u00f6vl\u0259t \u0130dar\u0259\u00e7ilik Akademiyas\u0131n\u0131n \u201cH\u00fcquq\u201d kafedras\u0131n\u0131n\nm\u00fc\u0259llimi, h\u00fcquq \u00fczr\u0259 f\u0259ls\u0259f\u0259 doktoru, dosent, \u0259m\u0259kdar m\u00fc\u0259llim Na\u011f\u0131yev F\u0259xr\u0259ddin\nTa\u011f\u0131 o\u011flu m\u00fchazir\u0259 il\u0259 \u00e7\u0131x\u0131\u015f ed\u0259r\u0259k d\u00f6vl\u0259t qullu\u011funun qanunvericilik bazas\u0131,\nt\u0259tbiq sah\u0259l\u0259ri v\u0259 d\u00f6vl\u0259t idar\u0259\u00e7iliyind\u0259 onun rolu bar\u0259d\u0259 geni\u015f m\u0259lumat verib.<o:p><\/o:p><\/span><\/p><p style=\"text-align:justify;text-indent:36.0pt\"><span style=\"font-size:14.0pt\">T\u0259dbir\nAz\u0259rbaycan Respublikas\u0131n\u0131n Prezidenti \u0130lham \u018fliyevin 28 dekabr 2024-c\u00fc il\ntarixli S\u0259r\u0259ncam\u0131 il\u0259 2025-ci ilin \u201cKonstitusiya v\u0259 Suverenlik ili\u201d elan\nedilm\u0259si il\u0259 ba\u011fl\u0131 ke\u00e7iril\u0259n t\u0259dbirl\u0259r \u00e7\u0259r\u00e7iv\u0259sind\u0259 t\u0259\u015fkil olunub. T\u0259lim zaman\u0131\nd\u00f6vl\u0259t idar\u0259\u00e7iliyind\u0259 \u015f\u0259ffafl\u0131q, s\u0259m\u0259r\u0259lilik v\u0259 v\u0259t\u0259nda\u015f m\u0259mnunlu\u011funa \u0259saslanan\ninnovativ yana\u015fmalar vur\u011fulan\u0131b, qanunvericiliyin t\u0259tbiqi il\u0259 ba\u011fl\u0131 t\u0259cr\u00fcb\u0259 v\u0259\nperspektivl\u0259r m\u00fczakir\u0259 edilib.<o:p><\/o:p><\/span><\/p><p style=\"text-align:justify;text-indent:36.0pt\"><span style=\"font-size:14.0pt\">T\u0259lim\ni\u015ftirak\u00e7\u0131lar\u0131 Az\u0259rbaycan d\u00f6vl\u0259t idar\u0259\u00e7iliyi sistemind\u0259 apar\u0131lan islahatlar\u0131n v\u0259\nqanunvericilik yenilikl\u0259rinin t\u0259tbiqinin vacibliyini y\u00fcks\u0259k qiym\u0259tl\u0259ndirib v\u0259\nbu sah\u0259d\u0259 bilikl\u0259rin art\u0131r\u0131lmas\u0131n\u0131n \u0259h\u0259miyy\u0259tini qeyd edibl\u0259r.<o:p><\/o:p><\/span><\/p><p>\n\n\n\n\n\n\n\n<\/p><p style=\"text-align:justify;text-indent:36.0pt\"><span style=\"font-size:14.0pt\">Az\u0259rbaycan\nRespublikas\u0131n\u0131n d\u00f6vl\u0259t qullu\u011funa dair qanunvericiliyin inki\u015faf\u0131 v\u0259 onun\neffektiv t\u0259tbiqi m\u0259qs\u0259dil\u0259 ke\u00e7iril\u0259n bel\u0259 t\u0259liml\u0259r d\u00f6vl\u0259t idar\u0259\u00e7iliyinin\nt\u0259kmill\u0259\u015fdirilm\u0259si v\u0259 v\u0259t\u0259nda\u015flarla m\u00fcnasib\u0259tl\u0259rin daha da g\u00fccl\u0259ndirilm\u0259sin\u0259\nt\u00f6hf\u0259 verir.<o:p><\/o:p><\/span><\/p>\t\t\t\t\t<\/div>\n\t\t\t\t\t\t<\/div>\n\t\t\t\t<\/div>\n\t\t\t\t\t\t<\/div>\n\t\t\t\t\t<\/div>\n\t\t<\/div>\n\t\t\t\t\t\t\t\t<\/div>\n\t\t\t\t\t<\/div>\n\t\t<\/section>\n\t\t\t\t<section class=\"elementor-section elementor-top-section elementor-element elementor-element-87ad715 elementor-section-boxed elementor-section-height-default elementor-section-height-default\" data-id=\"87ad715\" data-element_type=\"section\">\n\t\t\t\t\t\t<div class=\"elementor-container elementor-column-gap-default\">\n\t\t\t\t\t\t\t<div class=\"elementor-row\">\n\t\t\t\t\t<div class=\"elementor-column elementor-col-100 elementor-top-column elementor-element elementor-element-3efc126\" data-id=\"3efc126\" data-element_type=\"column\">\n\t\t\t<div class=\"elementor-column-wrap elementor-element-populated\">\n\t\t\t\t\t\t\t<div class=\"elementor-widget-wrap\">\n\t\t\t\t\t\t<div class=\"elementor-element elementor-element-8513a86 elementor-arrows-position-inside elementor-pagination-position-outside elementor-widget elementor-widget-image-carousel\" data-id=\"8513a86\" data-element_type=\"widget\" data-settings=\"{&quot;navigation&quot;:&quot;both&quot;,&quot;autoplay&quot;:&quot;yes&quot;,&quot;pause_on_hover&quot;:&quot;yes&quot;,&quot;pause_on_interaction&quot;:&quot;yes&quot;,&quot;autoplay_speed&quot;:5000,&quot;infinite&quot;:&quot;yes&quot;,&quot;speed&quot;:500}\" data-widget_type=\"image-carousel.default\">\n\t\t\t\t<div class=\"elementor-widget-container\">\n\t\t\t\t\t<div class=\"elementor-image-carousel-wrapper swiper-container\" dir=\"ltr\">\n\t\t\t<div class=\"elementor-image-carousel swiper-wrapper\">\n\t\t\t\t<div class=\"swiper-slide\"><a data-elementor-open-lightbox=\"yes\" data-elementor-lightbox-slideshow=\"8513a86\" href=\"https:\/\/legacy.dia.edu.az\/wp-content\/uploads\/2025\/09\/11.png\"><figure class=\"swiper-slide-inner\"><img class=\"swiper-slide-image\" src=\"https:\/\/legacy.dia.edu.az\/wp-content\/uploads\/2025\/09\/11-150x150.png\" alt=\"\" \/><\/figure><\/a><\/div><div class=\"swiper-slide\"><a data-elementor-open-lightbox=\"yes\" data-elementor-lightbox-slideshow=\"8513a86\" href=\"https:\/\/legacy.dia.edu.az\/wp-content\/uploads\/2025\/09\/22-1.png\"><figure class=\"swiper-slide-inner\"><img class=\"swiper-slide-image\" src=\"https:\/\/legacy.dia.edu.az\/wp-content\/uploads\/2025\/09\/22-1-150x150.png\" alt=\"\" \/><\/figure><\/a><\/div><div class=\"swiper-slide\"><a data-elementor-open-lightbox=\"yes\" data-elementor-lightbox-slideshow=\"8513a86\" href=\"https:\/\/legacy.dia.edu.az\/wp-content\/uploads\/2025\/09\/33.png\"><figure class=\"swiper-slide-inner\"><img class=\"swiper-slide-image\" src=\"https:\/\/legacy.dia.edu.az\/wp-content\/uploads\/2025\/09\/33-150x150.png\" alt=\"\" \/><\/figure><\/a><\/div><div class=\"swiper-slide\"><a data-elementor-open-lightbox=\"yes\" data-elementor-lightbox-slideshow=\"8513a86\" href=\"https:\/\/legacy.dia.edu.az\/wp-content\/uploads\/2025\/09\/555.png\"><figure class=\"swiper-slide-inner\"><img class=\"swiper-slide-image\" src=\"https:\/\/legacy.dia.edu.az\/wp-content\/uploads\/2025\/09\/555-150x150.png\" alt=\"\" \/><\/figure><\/a><\/div>\t\t\t<\/div>\n\t\t\t\t\t\t\t\t\t\t\t\t<div class=\"swiper-pagination\"><\/div>\n\t\t\t\t\t\t\t\t\t\t\t\t\t<div class=\"elementor-swiper-button elementor-swiper-button-prev\">\n\t\t\t\t\t\t<i class=\"eicon-chevron-left\" aria-hidden=\"true\"><\/i>\n\t\t\t\t\t\t<span class=\"elementor-screen-only\">Previous<\/span>\n\t\t\t\t\t<\/div>\n\t\t\t\t\t<div class=\"elementor-swiper-button elementor-swiper-button-next\">\n\t\t\t\t\t\t<i class=\"eicon-chevron-right\" aria-hidden=\"true\"><\/i>\n\t\t\t\t\t\t<span class=\"elementor-screen-only\">Next<\/span>\n\t\t\t\t\t<\/div>\n\t\t\t\t\t\t\t\t\t<\/div>\n\t\t\t\t<\/div>\n\t\t\t\t<\/div>\n\t\t\t\t\t\t<\/div>\n\t\t\t\t\t<\/div>\n\t\t<\/div>\n\t\t\t\t\t\t\t\t<\/div>\n\t\t\t\t\t<\/div>\n\t\t<\/section>\n\t\t\t\t\t\t<\/div>\n\t\t\t\t\t\t<\/div>\n\t\t\t\t\t<\/div>","protected":false},"excerpt":{"rendered":"<p>26 sentyabr 2025-ci il tarixind\u0259 Az\u0259rbaycan Respublikas\u0131n\u0131n Prezidenti yan\u0131nda D\u00f6vl\u0259t \u0130dar\u0259\u00e7ilik Akademiyas\u0131n\u0131n t\u0259\u015fkilat\u00e7\u0131l\u0131\u011f\u0131 il\u0259 \u201cASAN xidm\u0259t\u201d m\u0259rk\u0259zl\u0259rinin \u0259m\u0259kda\u015flar\u0131 \u00fc\u00e7\u00fcn \u201cD\u00f6vl\u0259t qullu\u011funa dair qanunvericilik v\u0259 onun t\u0259tbiqi\u201d m\u00f6vzusunda t\u0259lim ke\u00e7irilib. T\u0259limd\u0259 AR Prezidenti yan\u0131nda D\u00f6vl\u0259t \u0130dar\u0259\u00e7ilik Akademiyas\u0131n\u0131n \u201cH\u00fcquq\u201d kafedras\u0131n\u0131n m\u00fc\u0259llimi, h\u00fcquq \u00fczr\u0259 f\u0259ls\u0259f\u0259 doktoru, dosent, \u0259m\u0259kdar m\u00fc\u0259llim Na\u011f\u0131yev F\u0259xr\u0259ddin Ta\u011f\u0131 o\u011flu m\u00fchazir\u0259 il\u0259 \u00e7\u0131x\u0131\u015f ed\u0259r\u0259k d\u00f6vl\u0259t [&hellip;]<\/p>","protected":false},"author":2,"featured_media":27470,"comment_status":"closed","ping_status":"closed","sticky":false,"template":"","format":"standard","meta":[],"categories":[137],"tags":[],"_links":{"self":[{"href":"https:\/\/legacy.dia.edu.az\/en\/wp-json\/wp\/v2\/posts\/27469"}],"collection":[{"href":"https:\/\/legacy.dia.edu.az\/en\/wp-json\/wp\/v2\/posts"}],"about":[{"href":"https:\/\/legacy.dia.edu.az\/en\/wp-json\/wp\/v2\/types\/post"}],"author":[{"embeddable":true,"href":"https:\/\/legacy.dia.edu.az\/en\/wp-json\/wp\/v2\/users\/2"}],"replies":[{"embeddable":true,"href":"https:\/\/legacy.dia.edu.az\/en\/wp-json\/wp\/v2\/comments?post=27469"}],"version-history":[{"count":7,"href":"https:\/\/legacy.dia.edu.az\/en\/wp-json\/wp\/v2\/posts\/27469\/revisions"}],"predecessor-version":[{"id":27481,"href":"https:\/\/legacy.dia.edu.az\/en\/wp-json\/wp\/v2\/posts\/27469\/revisions\/27481"}],"wp:featuredmedia":[{"embeddable":true,"href":"https:\/\/legacy.dia.edu.az\/en\/wp-json\/wp\/v2\/media\/27470"}],"wp:attachment":[{"href":"https:\/\/legacy.dia.edu.az\/en\/wp-json\/wp\/v2\/media?parent=27469"}],"wp:term":[{"taxonomy":"category","embeddable":true,"href":"https:\/\/legacy.dia.edu.az\/en\/wp-json\/wp\/v2\/categories?post=27469"},{"taxonomy":"post_tag","embeddable":true,"href":"https:\/\/legacy.dia.edu.az\/en\/wp-json\/wp\/v2\/tags?post=27469"}],"curies":[{"name":"wp","href":"https:\/\/api.w.org\/{rel}","templated":true}]}}