{"id":27446,"date":"2025-09-27T13:24:41","date_gmt":"2025-09-27T09:24:41","guid":{"rendered":"https:\/\/dia.edu.az\/?p=27446"},"modified":"2025-09-27T13:24:55","modified_gmt":"2025-09-27T09:24:55","slug":"dovl%c9%99t-idar%c9%99cilik-akademiyasinda-27-sentyabr-anim-gunu-il%c9%99-bagli-silsil%c9%99-t%c9%99dbirl%c9%99r-kecirilib","status":"publish","type":"post","link":"https:\/\/legacy.dia.edu.az\/en\/arxivl\u0259r\/27446","title":{"rendered":"D\u00f6vl\u0259t \u0130dar\u0259\u00e7ilik Akademiyas\u0131nda 27 Sentyabr \u2013 An\u0131m G\u00fcn\u00fc il\u0259 ba\u011fl\u0131 silsil\u0259 t\u0259dbirl\u0259r ke\u00e7irilib"},"content":{"rendered":"<div data-elementor-type=\"wp-post\" data-elementor-id=\"27446\" class=\"elementor elementor-27446\" data-elementor-settings=\"[]\">\n\t\t\t\t\t\t<div class=\"elementor-inner\">\n\t\t\t\t\t\t\t<div class=\"elementor-section-wrap\">\n\t\t\t\t\t\t\t<section class=\"elementor-section elementor-top-section elementor-element elementor-element-1c31b41 elementor-section-boxed elementor-section-height-default elementor-section-height-default\" data-id=\"1c31b41\" data-element_type=\"section\">\n\t\t\t\t\t\t<div class=\"elementor-container elementor-column-gap-default\">\n\t\t\t\t\t\t\t<div class=\"elementor-row\">\n\t\t\t\t\t<div class=\"elementor-column elementor-col-100 elementor-top-column elementor-element elementor-element-2c251d0\" data-id=\"2c251d0\" data-element_type=\"column\">\n\t\t\t<div class=\"elementor-column-wrap elementor-element-populated\">\n\t\t\t\t\t\t\t<div class=\"elementor-widget-wrap\">\n\t\t\t\t\t\t<div class=\"elementor-element elementor-element-b1fe685 elementor-widget elementor-widget-text-editor\" data-id=\"b1fe685\" data-element_type=\"widget\" data-widget_type=\"text-editor.default\">\n\t\t\t\t<div class=\"elementor-widget-container\">\n\t\t\t\t\t\t\t\t<div class=\"elementor-text-editor elementor-clearfix\">\n\t\t\t\t\t<p class=\"MsoNormal\" style=\"mso-margin-top-alt:auto;mso-margin-bottom-alt:auto;text-align:justify;line-height:normal\"><span lang=\"AZ-LATIN\" style=\"font-size:12.0pt;font-family:&quot;Arial&quot;,sans-serif;mso-fareast-font-family:&quot;Times New Roman&quot;;mso-ansi-language:AZ-LATIN\">Az\u0259rbaycan Respublikas\u0131n\u0131n Prezidenti yan\u0131nda\nD\u00f6vl\u0259t \u0130dar\u0259\u00e7ilik Akademiyas\u0131nda (D\u0130A) 27 Sentyabr \u2013 An\u0131m G\u00fcn\u00fc il\u0259 \u0259laq\u0259dar\nt\u0259sdiq olunmu\u015f i\u015f plan\u0131na uy\u011fun olaraq silsil\u0259 t\u0259dbirl\u0259r t\u0259\u015fkil olunub.<o:p><\/o:p><\/span><\/p><p class=\"MsoNormal\" style=\"mso-margin-top-alt:auto;mso-margin-bottom-alt:auto;text-align:justify;line-height:normal\"><span lang=\"AZ-LATIN\" style=\"font-size:12.0pt;font-family:&quot;Arial&quot;,sans-serif;mso-fareast-font-family:&quot;Times New Roman&quot;;mso-ansi-language:AZ-LATIN\">24 sentyabr tarixind\u0259 b\u00f6y\u00fck akt zal\u0131nda An\u0131m G\u00fcn\u00fcn\u0259\nh\u0259sr olunmu\u015f elmi-praktiki konfrans ke\u00e7irilib. Konfrans d\u00f6vl\u0259t himninin\ns\u0259sl\u0259ndirilm\u0259si v\u0259 \u015f\u0259hidl\u0259rin xatir\u0259sinin bir d\u0259qiq\u0259lik s\u00fckutla yad edilm\u0259si\nil\u0259 ba\u015flan\u0131b.<o:p><\/o:p><\/span><\/p><p class=\"MsoNormal\" style=\"mso-margin-top-alt:auto;mso-margin-bottom-alt:auto;text-align:justify;line-height:normal\"><span lang=\"AZ-LATIN\" style=\"font-size:12.0pt;font-family:&quot;Arial&quot;,sans-serif;mso-ansi-language:AZ-LATIN\">D\u00f6vl\u0259t \u0130dar\u0259\u00e7ilik\nAkademiyas\u0131n\u0131n rektoru, akademik Urxan \u018fl\u0259kb\u0259rov t\u0259dbiri giri\u015f s\u00f6z\u00fc il\u0259 a\u00e7araq\ni\u015ftirak\u00e7\u0131lar\u0131 salamlay\u0131b. O, 27 Sentyabr\u0131n Az\u0259rbaycan tarixind\u0259 x\u00fcsusi \u0259h\u0259miyy\u0259t\nda\u015f\u0131d\u0131\u011f\u0131n\u0131, bu g\u00fcn\u00fcn xalq\u0131m\u0131z\u0131n milli q\u00fcrur v\u0259 h\u0259mr\u0259ylik g\u00fcn\u00fc kimi yadda\u015flara h\u0259kk\nolundu\u011funu vur\u011fulay\u0131b. Akademik qeyd edib ki, V\u0259t\u0259n m\u00fcharib\u0259sind\u0259 \u015f\u0259hid olan q\u0259hr\u0259manlar\u0131n\nxatir\u0259si daim q\u0259lbl\u0259rd\u0259 ya\u015fayacaq v\u0259 onlar\u0131n g\u00f6st\u0259rdiyi \u015f\u00fcca\u0259t g\u0259l\u0259c\u0259k n\u0259sill\u0259r\n\u00fc\u00e7\u00fcn \u00f6rn\u0259k olacaq. Urxan \u018fl\u0259kb\u0259rov bildirib ki, bu b\u00f6y\u00fck tarixi Q\u0259l\u0259b\u0259 Ulu \u00d6nd\u0259r\nHeyd\u0259r \u018fliyev t\u0259r\u0259find\u0259n \u0259sas\u0131 qoyulan v\u0259 Prezident \u0130lham \u018fliyev t\u0259r\u0259find\u0259n\nard\u0131c\u0131l&nbsp; \u015f\u0259kild\u0259 inki\u015faf etdiril\u0259n daxili\nv\u0259 xarici siyas\u0259tin m\u0259ntiqi n\u0259tic\u0259sidir. Rektor Az\u0259rbaycan\u0131n son ill\u0259rd\u0259 \u0259ld\u0259\netdiyi iqtisadi, siyasi v\u0259 h\u0259rbi nailiyy\u0259tl\u0259rd\u0259n b\u0259hs ed\u0259r\u0259k, Ulu \u00d6nd\u0259rin m\u00fc\u0259yy\u0259n\netdiyi v\u0259 Prezident \u0130lham \u018fliyevin m\u00fcasir t\u0259l\u0259bl\u0259r\u0259 uy\u011fun z\u0259nginl\u0259\u015fdirdiyi\ninnovativ d\u00f6vl\u0259t idar\u0259\u00e7iliyi strategiyas\u0131n\u0131n bu u\u011furlarda h\u0259lledici rol\noynad\u0131\u011f\u0131n\u0131 qeyd edib. Onun s\u00f6zl\u0259rin\u0259 g\u00f6r\u0259, m\u0259hz bu inki\u015faf x\u0259tti 44 g\u00fcnl\u00fck V\u0259t\u0259n\nm\u00fcharib\u0259sind\u0259 \u0259ld\u0259 olunan m\u00f6ht\u0259\u015f\u0259m Q\u0259l\u0259b\u0259ni t\u0259min ed\u0259n \u0259sas amill\u0259rd\u0259n olub.<o:p><\/o:p><\/span><\/p><p class=\"MsoNormal\" style=\"mso-margin-top-alt:auto;mso-margin-bottom-alt:auto;text-align:justify;line-height:normal\"><span lang=\"AZ-LATIN\" style=\"font-size:12.0pt;font-family:&quot;Arial&quot;,sans-serif;mso-fareast-font-family:&quot;Times New Roman&quot;;mso-ansi-language:AZ-LATIN\">Milli M\u0259clisin deputat\u0131 Ayd\u0131n Mirz\u0259zad\u0259<b> <\/b>&nbsp;\u00e7\u0131x\u0131\u015f\u0131nda V\u0259t\u0259n m\u00fcharib\u0259sinin tarixi\n\u0259h\u0259miyy\u0259tind\u0259n dan\u0131\u015f\u0131b. O qeyd edib ki, 44 g\u00fcnl\u00fck m\u00fcharib\u0259 Az\u0259rbaycan xalq\u0131n\u0131n\nbirliyi, d\u00f6vl\u0259timizin siyasi v\u0259 h\u0259rbi g\u00fcc\u00fcn\u00fcn t\u0259nt\u0259n\u0259si oldu. Mill\u0259t v\u0259kili\n\u015f\u0259hidl\u0259rin q\u0259hr\u0259manl\u0131\u011f\u0131n\u0131n d\u00f6vl\u0259t\u00e7ilik \u0259n\u0259n\u0259l\u0259rimizin qorunmas\u0131nda v\u0259 milli\nh\u0259mr\u0259yliyin m\u00f6hk\u0259ml\u0259nm\u0259sind\u0259 misilsiz rol oynad\u0131\u011f\u0131n\u0131 vur\u011fulay\u0131b.<o:p><\/o:p><\/span><\/p><p class=\"MsoNormal\" style=\"mso-margin-top-alt:auto;mso-margin-bottom-alt:auto;text-align:justify;line-height:normal\"><span lang=\"AZ-LATIN\" style=\"font-size:12.0pt;font-family:&quot;Arial&quot;,sans-serif;mso-fareast-font-family:&quot;Times New Roman&quot;;mso-ansi-language:AZ-LATIN\">D\u00f6vl\u0259t \u0130dar\u0259\u00e7ilik Akademiyas\u0131n\u0131n Tarix kafedras\u0131n\u0131n\nm\u00fcdiri, dosent Firdovsiyy\u0259 \u018fhm\u0259dova is\u0259 \u00e7\u0131x\u0131\u015f\u0131nda 27 Sentyabr\u0131n t\u0259kc\u0259 bir an\u0131m\ng\u00fcn\u00fc deyil, h\u0259m d\u0259 Az\u0259rbaycan tarixind\u0259 d\u00f6n\u00fc\u015f n\u00f6qt\u0259si oldu\u011funu diqq\u0259t\u0259\n\u00e7atd\u0131r\u0131b. O bildirib ki, 2020-ci ild\u0259 ba\u015flanan V\u0259t\u0259n m\u00fcharib\u0259si \u00f6lk\u0259mizin \u0259razi\nb\u00fct\u00f6vl\u00fcy\u00fcn\u00fc b\u0259rpa etm\u0259kl\u0259 yana\u015f\u0131, xalq\u0131m\u0131z\u0131n m\u0259n\u0259vi-psixoloji q\u0259l\u0259b\u0259sin\u0259\n\u00e7evrildi. F.\u018fhm\u0259dova \u015f\u0259hidl\u0259rin h\u0259yat yolunun, onlar\u0131n g\u00f6st\u0259rdikl\u0259ri\nq\u0259hr\u0259manl\u0131\u011f\u0131n g\u0259nc n\u0259sl\u0259 daha d\u0259rind\u0259n t\u0259bli\u011f edilm\u0259sinin vacibliyini qeyd\nedib.<o:p><\/o:p><\/span><\/p><p class=\"MsoNormal\" style=\"mso-margin-top-alt:auto;mso-margin-bottom-alt:auto;text-align:justify;line-height:normal\"><span lang=\"AZ-LATIN\" style=\"font-size:12.0pt;font-family:&quot;Arial&quot;,sans-serif;mso-fareast-font-family:&quot;Times New Roman&quot;;mso-ansi-language:AZ-LATIN\">Bundan ba\u015fqa,&nbsp;\nAn\u0131m g\u00fcn\u00fc il\u0259 \u0259laq\u0259dar D\u00f6vl\u0259t \u0130dar\u0259\u00e7ilik Akademiyas\u0131nda kitab s\u0259rgisi\nba\u015f tutmu\u015fdur. <\/span><span lang=\"AZ-LATIN\" style=\"font-size:12.0pt;font-family:&quot;Arial&quot;,sans-serif;mso-ansi-language:AZ-LATIN\">Akademiyan\u0131n kitabxanas\u0131nda t\u0259\u015fkil\nolunmu\u015f kitab s\u0259rgisind\u0259 V\u0259t\u0259n m\u00fcharib\u0259sin\u0259, \u015f\u0259hidl\u0259rin q\u0259hr\u0259manl\u0131q yoluna v\u0259\nAz\u0259rbaycan\u0131n tarixi Q\u0259l\u0259b\u0259sin\u0259 h\u0259sr olunmu\u015f n\u0259\u015frl\u0259r n\u00fcmayi\u015f etdirilib. S\u0259rgid\u0259\nh\u0259m yerli, h\u0259m d\u0259 xarici m\u00fc\u0259llifl\u0259rin \u0259s\u0259rl\u0259ri i\u015ftirak\u00e7\u0131lara t\u0259qdim olunub. <o:p><\/o:p><\/span><\/p><p class=\"MsoNormal\" style=\"mso-margin-top-alt:auto;mso-margin-bottom-alt:auto;text-align:justify;line-height:normal\"><span lang=\"AZ-LATIN\" style=\"font-size:12.0pt;font-family:&quot;Arial&quot;,sans-serif;mso-ansi-language:AZ-LATIN\">T\u0259dbirl\u0259r\nsilsil\u0259sinin davam\u0131 olaraq T\u0259l\u0259b\u0259 Elmi C\u0259miyy\u0259tinin t\u0259\u015fkilat\u00e7\u0131l\u0131\u011f\u0131 il\u0259 g\u0259ncl\u0259r\naras\u0131nda konfrans da ke\u00e7irilib. G\u0259nc t\u0259dqiqat\u00e7\u0131lar \u00f6z m\u0259ruz\u0259l\u0259rind\u0259 V\u0259t\u0259n\nm\u00fcharib\u0259sinin siyasi, h\u00fcquqi, sosial v\u0259 h\u0259rbi aspektl\u0259rin\u0259 toxunaraq, \u015f\u0259hidl\u0259rin\n\u015f\u0259r\u0259fli h\u0259yat yolunun g\u0259nc n\u0259slin milli kimlik v\u0259 v\u0259t\u0259np\u0259rv\u0259rlik t\u0259rbiy\u0259sind\u0259\nm\u00fch\u00fcm rol oynad\u0131\u011f\u0131n\u0131 x\u00fcsusi vur\u011fulay\u0131blar.<\/span><span lang=\"AZ-LATIN\" style=\"font-size:12.0pt;font-family:&quot;Arial&quot;,sans-serif;mso-fareast-font-family:&quot;Times New Roman&quot;;mso-ansi-language:AZ-LATIN\"><o:p><\/o:p><\/span><\/p><p>\n\n\n\n\n\n\n\n\n\n\n\n\n\n<\/p><p class=\"MsoNormal\" style=\"text-align:justify\"><span lang=\"AZ-LATIN\">&nbsp;<\/span><\/p>\t\t\t\t\t<\/div>\n\t\t\t\t\t\t<\/div>\n\t\t\t\t<\/div>\n\t\t\t\t\t\t<\/div>\n\t\t\t\t\t<\/div>\n\t\t<\/div>\n\t\t\t\t\t\t\t\t<\/div>\n\t\t\t\t\t<\/div>\n\t\t<\/section>\n\t\t\t\t<section class=\"elementor-section elementor-top-section elementor-element elementor-element-a7da577 elementor-section-boxed elementor-section-height-default elementor-section-height-default\" data-id=\"a7da577\" data-element_type=\"section\">\n\t\t\t\t\t\t<div class=\"elementor-container elementor-column-gap-default\">\n\t\t\t\t\t\t\t<div class=\"elementor-row\">\n\t\t\t\t\t<div class=\"elementor-column elementor-col-100 elementor-top-column elementor-element elementor-element-6569fa2\" data-id=\"6569fa2\" data-element_type=\"column\">\n\t\t\t<div class=\"elementor-column-wrap elementor-element-populated\">\n\t\t\t\t\t\t\t<div class=\"elementor-widget-wrap\">\n\t\t\t\t\t\t<div class=\"elementor-element elementor-element-9a54dc5 elementor-arrows-position-inside elementor-pagination-position-outside elementor-widget elementor-widget-image-carousel\" data-id=\"9a54dc5\" data-element_type=\"widget\" data-settings=\"{&quot;navigation&quot;:&quot;both&quot;,&quot;autoplay&quot;:&quot;yes&quot;,&quot;pause_on_hover&quot;:&quot;yes&quot;,&quot;pause_on_interaction&quot;:&quot;yes&quot;,&quot;autoplay_speed&quot;:5000,&quot;infinite&quot;:&quot;yes&quot;,&quot;speed&quot;:500}\" data-widget_type=\"image-carousel.default\">\n\t\t\t\t<div class=\"elementor-widget-container\">\n\t\t\t\t\t<div class=\"elementor-image-carousel-wrapper swiper-container\" dir=\"ltr\">\n\t\t\t<div class=\"elementor-image-carousel swiper-wrapper\">\n\t\t\t\t<div class=\"swiper-slide\"><a data-elementor-open-lightbox=\"yes\" data-elementor-lightbox-slideshow=\"9a54dc5\" href=\"https:\/\/legacy.dia.edu.az\/wp-content\/uploads\/2025\/09\/IMG_0354-scaled.jpg\"><figure class=\"swiper-slide-inner\"><img class=\"swiper-slide-image\" src=\"https:\/\/legacy.dia.edu.az\/wp-content\/uploads\/2025\/09\/IMG_0354-150x150.jpg\" alt=\"\" \/><\/figure><\/a><\/div><div class=\"swiper-slide\"><a data-elementor-open-lightbox=\"yes\" data-elementor-lightbox-slideshow=\"9a54dc5\" href=\"https:\/\/legacy.dia.edu.az\/wp-content\/uploads\/2025\/09\/IMG_0346-scaled.jpg\"><figure class=\"swiper-slide-inner\"><img class=\"swiper-slide-image\" src=\"https:\/\/legacy.dia.edu.az\/wp-content\/uploads\/2025\/09\/IMG_0346-150x150.jpg\" alt=\"\" \/><\/figure><\/a><\/div><div class=\"swiper-slide\"><a data-elementor-open-lightbox=\"yes\" data-elementor-lightbox-slideshow=\"9a54dc5\" href=\"https:\/\/legacy.dia.edu.az\/wp-content\/uploads\/2025\/09\/IMG_0338-scaled.jpg\"><figure class=\"swiper-slide-inner\"><img class=\"swiper-slide-image\" src=\"https:\/\/legacy.dia.edu.az\/wp-content\/uploads\/2025\/09\/IMG_0338-150x150.jpg\" alt=\"\" \/><\/figure><\/a><\/div><div class=\"swiper-slide\"><a data-elementor-open-lightbox=\"yes\" data-elementor-lightbox-slideshow=\"9a54dc5\" href=\"https:\/\/legacy.dia.edu.az\/wp-content\/uploads\/2025\/09\/IMG_0307-scaled.jpg\"><figure class=\"swiper-slide-inner\"><img class=\"swiper-slide-image\" src=\"https:\/\/legacy.dia.edu.az\/wp-content\/uploads\/2025\/09\/IMG_0307-150x150.jpg\" alt=\"\" \/><\/figure><\/a><\/div><div class=\"swiper-slide\"><a data-elementor-open-lightbox=\"yes\" data-elementor-lightbox-slideshow=\"9a54dc5\" href=\"https:\/\/legacy.dia.edu.az\/wp-content\/uploads\/2025\/09\/IMG_0303-scaled.jpg\"><figure class=\"swiper-slide-inner\"><img class=\"swiper-slide-image\" src=\"https:\/\/legacy.dia.edu.az\/wp-content\/uploads\/2025\/09\/IMG_0303-150x150.jpg\" alt=\"\" \/><\/figure><\/a><\/div><div class=\"swiper-slide\"><a data-elementor-open-lightbox=\"yes\" data-elementor-lightbox-slideshow=\"9a54dc5\" href=\"https:\/\/legacy.dia.edu.az\/wp-content\/uploads\/2025\/09\/DSC_8328-scaled.jpg\"><figure class=\"swiper-slide-inner\"><img class=\"swiper-slide-image\" src=\"https:\/\/legacy.dia.edu.az\/wp-content\/uploads\/2025\/09\/DSC_8328-150x150.jpg\" alt=\"\" \/><\/figure><\/a><\/div><div class=\"swiper-slide\"><a data-elementor-open-lightbox=\"yes\" data-elementor-lightbox-slideshow=\"9a54dc5\" href=\"https:\/\/legacy.dia.edu.az\/wp-content\/uploads\/2025\/09\/DSC_8311-scaled.jpg\"><figure class=\"swiper-slide-inner\"><img class=\"swiper-slide-image\" src=\"https:\/\/legacy.dia.edu.az\/wp-content\/uploads\/2025\/09\/DSC_8311-150x150.jpg\" alt=\"\" \/><\/figure><\/a><\/div><div class=\"swiper-slide\"><a data-elementor-open-lightbox=\"yes\" data-elementor-lightbox-slideshow=\"9a54dc5\" href=\"https:\/\/legacy.dia.edu.az\/wp-content\/uploads\/2025\/09\/DSC_8301-scaled.jpg\"><figure class=\"swiper-slide-inner\"><img class=\"swiper-slide-image\" src=\"https:\/\/legacy.dia.edu.az\/wp-content\/uploads\/2025\/09\/DSC_8301-150x150.jpg\" alt=\"\" \/><\/figure><\/a><\/div><div class=\"swiper-slide\"><a data-elementor-open-lightbox=\"yes\" data-elementor-lightbox-slideshow=\"9a54dc5\" href=\"https:\/\/legacy.dia.edu.az\/wp-content\/uploads\/2025\/09\/DSC_8298-scaled.jpg\"><figure class=\"swiper-slide-inner\"><img class=\"swiper-slide-image\" src=\"https:\/\/legacy.dia.edu.az\/wp-content\/uploads\/2025\/09\/DSC_8298-150x150.jpg\" alt=\"\" \/><\/figure><\/a><\/div><div class=\"swiper-slide\"><a data-elementor-open-lightbox=\"yes\" data-elementor-lightbox-slideshow=\"9a54dc5\" href=\"https:\/\/legacy.dia.edu.az\/wp-content\/uploads\/2025\/09\/DSC_8292.webp\"><figure class=\"swiper-slide-inner\"><img class=\"swiper-slide-image\" src=\"https:\/\/legacy.dia.edu.az\/wp-content\/uploads\/2025\/09\/DSC_8292-150x150.webp\" alt=\"\" \/><\/figure><\/a><\/div><div class=\"swiper-slide\"><a data-elementor-open-lightbox=\"yes\" data-elementor-lightbox-slideshow=\"9a54dc5\" href=\"https:\/\/legacy.dia.edu.az\/wp-content\/uploads\/2025\/09\/DSC_8288.webp\"><figure class=\"swiper-slide-inner\"><img class=\"swiper-slide-image\" src=\"https:\/\/legacy.dia.edu.az\/wp-content\/uploads\/2025\/09\/DSC_8288-150x150.webp\" alt=\"\" \/><\/figure><\/a><\/div>\t\t\t<\/div>\n\t\t\t\t\t\t\t\t\t\t\t\t<div class=\"swiper-pagination\"><\/div>\n\t\t\t\t\t\t\t\t\t\t\t\t\t<div class=\"elementor-swiper-button elementor-swiper-button-prev\">\n\t\t\t\t\t\t<i class=\"eicon-chevron-left\" aria-hidden=\"true\"><\/i>\n\t\t\t\t\t\t<span class=\"elementor-screen-only\">Previous<\/span>\n\t\t\t\t\t<\/div>\n\t\t\t\t\t<div class=\"elementor-swiper-button elementor-swiper-button-next\">\n\t\t\t\t\t\t<i class=\"eicon-chevron-right\" aria-hidden=\"true\"><\/i>\n\t\t\t\t\t\t<span class=\"elementor-screen-only\">Next<\/span>\n\t\t\t\t\t<\/div>\n\t\t\t\t\t\t\t\t\t<\/div>\n\t\t\t\t<\/div>\n\t\t\t\t<\/div>\n\t\t\t\t\t\t<\/div>\n\t\t\t\t\t<\/div>\n\t\t<\/div>\n\t\t\t\t\t\t\t\t<\/div>\n\t\t\t\t\t<\/div>\n\t\t<\/section>\n\t\t\t\t\t\t<\/div>\n\t\t\t\t\t\t<\/div>\n\t\t\t\t\t<\/div>","protected":false},"excerpt":{"rendered":"<p>Az\u0259rbaycan Respublikas\u0131n\u0131n Prezidenti yan\u0131nda D\u00f6vl\u0259t \u0130dar\u0259\u00e7ilik Akademiyas\u0131nda (D\u0130A) 27 Sentyabr \u2013 An\u0131m G\u00fcn\u00fc il\u0259 \u0259laq\u0259dar t\u0259sdiq olunmu\u015f i\u015f plan\u0131na uy\u011fun olaraq silsil\u0259 t\u0259dbirl\u0259r t\u0259\u015fkil olunub. 24 sentyabr tarixind\u0259 b\u00f6y\u00fck akt zal\u0131nda An\u0131m G\u00fcn\u00fcn\u0259 h\u0259sr olunmu\u015f elmi-praktiki konfrans ke\u00e7irilib. Konfrans d\u00f6vl\u0259t himninin s\u0259sl\u0259ndirilm\u0259si v\u0259 \u015f\u0259hidl\u0259rin xatir\u0259sinin bir d\u0259qiq\u0259lik s\u00fckutla yad edilm\u0259si il\u0259 ba\u015flan\u0131b. D\u00f6vl\u0259t \u0130dar\u0259\u00e7ilik Akademiyas\u0131n\u0131n [&hellip;]<\/p>","protected":false},"author":2,"featured_media":27453,"comment_status":"closed","ping_status":"closed","sticky":false,"template":"","format":"standard","meta":[],"categories":[137],"tags":[],"_links":{"self":[{"href":"https:\/\/legacy.dia.edu.az\/en\/wp-json\/wp\/v2\/posts\/27446"}],"collection":[{"href":"https:\/\/legacy.dia.edu.az\/en\/wp-json\/wp\/v2\/posts"}],"about":[{"href":"https:\/\/legacy.dia.edu.az\/en\/wp-json\/wp\/v2\/types\/post"}],"author":[{"embeddable":true,"href":"https:\/\/legacy.dia.edu.az\/en\/wp-json\/wp\/v2\/users\/2"}],"replies":[{"embeddable":true,"href":"https:\/\/legacy.dia.edu.az\/en\/wp-json\/wp\/v2\/comments?post=27446"}],"version-history":[{"count":4,"href":"https:\/\/legacy.dia.edu.az\/en\/wp-json\/wp\/v2\/posts\/27446\/revisions"}],"predecessor-version":[{"id":27461,"href":"https:\/\/legacy.dia.edu.az\/en\/wp-json\/wp\/v2\/posts\/27446\/revisions\/27461"}],"wp:featuredmedia":[{"embeddable":true,"href":"https:\/\/legacy.dia.edu.az\/en\/wp-json\/wp\/v2\/media\/27453"}],"wp:attachment":[{"href":"https:\/\/legacy.dia.edu.az\/en\/wp-json\/wp\/v2\/media?parent=27446"}],"wp:term":[{"taxonomy":"category","embeddable":true,"href":"https:\/\/legacy.dia.edu.az\/en\/wp-json\/wp\/v2\/categories?post=27446"},{"taxonomy":"post_tag","embeddable":true,"href":"https:\/\/legacy.dia.edu.az\/en\/wp-json\/wp\/v2\/tags?post=27446"}],"curies":[{"name":"wp","href":"https:\/\/api.w.org\/{rel}","templated":true}]}}