{"id":27272,"date":"2025-08-18T11:37:40","date_gmt":"2025-08-18T07:37:40","guid":{"rendered":"https:\/\/dia.edu.az\/?p=27272"},"modified":"2025-09-09T16:23:24","modified_gmt":"2025-09-09T12:23:24","slug":"prezident-yaninda-dovl%c9%99t-idar%c9%99cilik-akademiyasinin-beyn%c9%99lxalq-%c9%99laq%c9%99l%c9%99r-kafedrasinin-mudiri-professor-namiq-%c9%99liyevin-m%c9%99qal%c9%99l%c9%99ri-avropanin-nufuzlu-n","status":"publish","type":"post","link":"https:\/\/legacy.dia.edu.az\/en\/arxivl\u0259r\/27272","title":{"rendered":"Prezident yan\u0131nda D\u00f6vl\u0259t \u0130dar\u0259\u00e7ilik Akademiyas\u0131n\u0131n beyn\u0259lxalq \u0259laq\u0259l\u0259r kafedras\u0131n\u0131n m\u00fcdiri, professor Namiq \u018fliyevin m\u0259qal\u0259l\u0259ri Avropan\u0131n n\u00fcfuzlu n\u0259\u015frl\u0259rind\u0259  yay\u0131mlan\u0131b"},"content":{"rendered":"<div data-elementor-type=\"wp-post\" data-elementor-id=\"27272\" class=\"elementor elementor-27272\" data-elementor-settings=\"[]\">\n\t\t\t\t\t\t<div class=\"elementor-inner\">\n\t\t\t\t\t\t\t<div class=\"elementor-section-wrap\">\n\t\t\t\t\t\t\t<section class=\"elementor-section elementor-top-section elementor-element elementor-element-e1e6348 elementor-section-boxed elementor-section-height-default elementor-section-height-default\" data-id=\"e1e6348\" data-element_type=\"section\">\n\t\t\t\t\t\t<div class=\"elementor-container elementor-column-gap-default\">\n\t\t\t\t\t\t\t<div class=\"elementor-row\">\n\t\t\t\t\t<div class=\"elementor-column elementor-col-100 elementor-top-column elementor-element elementor-element-a41cdc6\" data-id=\"a41cdc6\" data-element_type=\"column\">\n\t\t\t<div class=\"elementor-column-wrap elementor-element-populated\">\n\t\t\t\t\t\t\t<div class=\"elementor-widget-wrap\">\n\t\t\t\t\t\t<div class=\"elementor-element elementor-element-d0a794a elementor-widget elementor-widget-heading\" data-id=\"d0a794a\" data-element_type=\"widget\" data-widget_type=\"heading.default\">\n\t\t\t\t<div class=\"elementor-widget-container\">\n\t\t\t<h2 class=\"elementor-heading-title elementor-size-default\"><a href=\"https:\/\/danube.eu\/en\/articles-interview\/namik-aliyev-strategic-shift-in-armenias-rapprochement-with-the-eu-legislative-framework-and-possible-scenarios?fbclid=IwQ0xDSwMOYhdjbGNrAw5iFGV4dG4DYWVtAjExAAEe0Vf6_fER6YoeNZT6I8Lb5MpBITOfsOEG1WEQeLUpIlSbYJDSm0yDzzRWYqI_aem_3cWKbUCm-VykwD8-EZK9mg\">1. \u0130nstitute of Danube Research<\/a><\/h2>\t\t<\/div>\n\t\t\t\t<\/div>\n\t\t\t\t\t\t<\/div>\n\t\t\t\t\t<\/div>\n\t\t<\/div>\n\t\t\t\t\t\t\t\t<\/div>\n\t\t\t\t\t<\/div>\n\t\t<\/section>\n\t\t\t\t<section class=\"elementor-section elementor-top-section elementor-element elementor-element-e2cf8e7 elementor-section-boxed elementor-section-height-default elementor-section-height-default\" data-id=\"e2cf8e7\" data-element_type=\"section\">\n\t\t\t\t\t\t<div class=\"elementor-container elementor-column-gap-default\">\n\t\t\t\t\t\t\t<div class=\"elementor-row\">\n\t\t\t\t\t<div class=\"elementor-column elementor-col-100 elementor-top-column elementor-element elementor-element-eb3274a\" data-id=\"eb3274a\" data-element_type=\"column\">\n\t\t\t<div class=\"elementor-column-wrap elementor-element-populated\">\n\t\t\t\t\t\t\t<div class=\"elementor-widget-wrap\">\n\t\t\t\t\t\t<div class=\"elementor-element elementor-element-9bcda45 elementor-widget elementor-widget-heading\" data-id=\"9bcda45\" data-element_type=\"widget\" data-widget_type=\"heading.default\">\n\t\t\t\t<div class=\"elementor-widget-container\">\n\t\t\t<h2 class=\"elementor-heading-title elementor-size-default\"><a href=\"https:\/\/kyivdailypost.com\/en\/news\/id-2599\"><h2 data-elementor-setting-key=\"title\" data-pen-placeholder=\"Type Here...\" style=\"font-weight: 600; color: rgb(110, 193, 228); font-family: Roboto, sans-serif;\"><\/h2><h2 style=\"font-weight: 600; color: rgb(110, 193, 228); font-family: Roboto, sans-serif; white-space-collapse: collapse;\">2. Kyiv Daily Post<\/h2><\/a><\/h2>\t\t<\/div>\n\t\t\t\t<\/div>\n\t\t\t\t\t\t<\/div>\n\t\t\t\t\t<\/div>\n\t\t<\/div>\n\t\t\t\t\t\t\t\t<\/div>\n\t\t\t\t\t<\/div>\n\t\t<\/section>\n\t\t\t\t\t\t<\/div>\n\t\t\t\t\t\t<\/div>\n\t\t\t\t\t<\/div>","protected":false},"excerpt":{"rendered":"<p>1. \u0130nstitute of Danube Research 2. Kyiv Daily Post<\/p>","protected":false},"author":2,"featured_media":27273,"comment_status":"closed","ping_status":"open","sticky":false,"template":"","format":"standard","meta":[],"categories":[137],"tags":[],"_links":{"self":[{"href":"https:\/\/legacy.dia.edu.az\/en\/wp-json\/wp\/v2\/posts\/27272"}],"collection":[{"href":"https:\/\/legacy.dia.edu.az\/en\/wp-json\/wp\/v2\/posts"}],"about":[{"href":"https:\/\/legacy.dia.edu.az\/en\/wp-json\/wp\/v2\/types\/post"}],"author":[{"embeddable":true,"href":"https:\/\/legacy.dia.edu.az\/en\/wp-json\/wp\/v2\/users\/2"}],"replies":[{"embeddable":true,"href":"https:\/\/legacy.dia.edu.az\/en\/wp-json\/wp\/v2\/comments?post=27272"}],"version-history":[{"count":29,"href":"https:\/\/legacy.dia.edu.az\/en\/wp-json\/wp\/v2\/posts\/27272\/revisions"}],"predecessor-version":[{"id":27354,"href":"https:\/\/legacy.dia.edu.az\/en\/wp-json\/wp\/v2\/posts\/27272\/revisions\/27354"}],"wp:featuredmedia":[{"embeddable":true,"href":"https:\/\/legacy.dia.edu.az\/en\/wp-json\/wp\/v2\/media\/27273"}],"wp:attachment":[{"href":"https:\/\/legacy.dia.edu.az\/en\/wp-json\/wp\/v2\/media?parent=27272"}],"wp:term":[{"taxonomy":"category","embeddable":true,"href":"https:\/\/legacy.dia.edu.az\/en\/wp-json\/wp\/v2\/categories?post=27272"},{"taxonomy":"post_tag","embeddable":true,"href":"https:\/\/legacy.dia.edu.az\/en\/wp-json\/wp\/v2\/tags?post=27272"}],"curies":[{"name":"wp","href":"https:\/\/api.w.org\/{rel}","templated":true}]}}