{"id":27246,"date":"2025-07-30T09:43:34","date_gmt":"2025-07-30T05:43:34","guid":{"rendered":"https:\/\/dia.edu.az\/?p=27246"},"modified":"2025-09-09T16:23:24","modified_gmt":"2025-09-09T12:23:24","slug":"dia-da-dovl%c9%99t-miqrasiya-xidm%c9%99tinin-%c9%99m%c9%99kdaslari-ucun-umummilli-lider-heyd%c9%99r-%c9%99liyev-must%c9%99qil-az%c9%99rbaycan-konstitusiyasinin-mu%c9%99llifidir-adli","status":"publish","type":"post","link":"https:\/\/legacy.dia.edu.az\/en\/arxivl\u0259r\/27246","title":{"rendered":"D\u0130A-da D\u00f6vl\u0259t Miqrasiya Xidm\u0259tinin \u0259m\u0259kda\u015flar\u0131 \u00fc\u00e7\u00fcn \u201c\u00dcmummilli Lider Heyd\u0259r \u018fliyev m\u00fcst\u0259qil Az\u0259rbaycan Konstitusiyas\u0131n\u0131n m\u00fc\u0259llifidir\u201d adl\u0131 t\u0259lim ke\u00e7irilmi\u015fdir"},"content":{"rendered":"<div data-elementor-type=\"wp-post\" data-elementor-id=\"27246\" class=\"elementor elementor-27246\" data-elementor-settings=\"[]\">\n\t\t\t\t\t\t<div class=\"elementor-inner\">\n\t\t\t\t\t\t\t<div class=\"elementor-section-wrap\">\n\t\t\t\t\t\t\t<section class=\"elementor-section elementor-top-section elementor-element elementor-element-e2d3342 elementor-section-boxed elementor-section-height-default elementor-section-height-default\" data-id=\"e2d3342\" data-element_type=\"section\">\n\t\t\t\t\t\t<div class=\"elementor-container elementor-column-gap-default\">\n\t\t\t\t\t\t\t<div class=\"elementor-row\">\n\t\t\t\t\t<div class=\"elementor-column elementor-col-100 elementor-top-column elementor-element elementor-element-86ab3ca\" data-id=\"86ab3ca\" data-element_type=\"column\">\n\t\t\t<div class=\"elementor-column-wrap elementor-element-populated\">\n\t\t\t\t\t\t\t<div class=\"elementor-widget-wrap\">\n\t\t\t\t\t\t<div class=\"elementor-element elementor-element-dc6966d elementor-widget elementor-widget-text-editor\" data-id=\"dc6966d\" data-element_type=\"widget\" data-widget_type=\"text-editor.default\">\n\t\t\t\t<div class=\"elementor-widget-container\">\n\t\t\t\t\t\t\t\t<div class=\"elementor-text-editor elementor-clearfix\">\n\t\t\t\t\t<p align=\"center\" style=\"text-align:center\"><strong>D\u0130A-da D\u00f6vl\u0259t Miqrasiya\nXidm\u0259tinin \u0259m\u0259kda\u015flar\u0131 \u00fc\u00e7\u00fcn \u201c\u00dcmummilli Lider Heyd\u0259r \u018fliyev m\u00fcst\u0259qil Az\u0259rbaycan\nKonstitusiyas\u0131n\u0131n m\u00fc\u0259llifidir\u201d adl\u0131 t\u0259lim ke\u00e7irilmi\u015fdir<\/strong><o:p><\/o:p><\/p><div class=\"MsoNormal\" align=\"center\" style=\"margin-bottom:0cm;text-align:center;line-height:normal\"><span style=\"font-size:12.0pt;font-family:&quot;Times New Roman&quot;,serif;mso-fareast-font-family:&quot;Times New Roman&quot;\">\n\n<hr size=\"2\" width=\"100%\" align=\"center\">\n\n<\/span><\/div><p class=\"MsoNormal\" style=\"mso-margin-top-alt:auto;mso-margin-bottom-alt:auto;text-align:justify;text-indent:36.0pt;line-height:normal\"><span style=\"font-size:12.0pt;font-family:&quot;Times New Roman&quot;,serif;mso-fareast-font-family:&quot;Times New Roman&quot;\">2025-ci il iyulun 25-d\u0259 Az\u0259rbaycan Respublikas\u0131 D\u00f6vl\u0259t\nMiqrasiya Xidm\u0259tinin \u0259m\u0259kda\u015flar\u0131 \u00fc\u00e7\u00fcn Az\u0259rbaycan Respublikas\u0131 Prezidentinin\nyan\u0131nda D\u00f6vl\u0259t \u0130dar\u0259\u00e7ilik Akademiyas\u0131nda \u201c\u00dcmummilli Lider Heyd\u0259r \u018fliyev\nm\u00fcst\u0259qil Az\u0259rbaycan Konstitusiyas\u0131n\u0131n m\u00fc\u0259llifidir\u201d m\u00f6vzusuna h\u0259sr olunmu\u015f t\u0259lim\nke\u00e7irilmi\u015fdir. T\u0259dbirin \u0259sas m\u0259qs\u0259di Az\u0259rbaycan Respublikas\u0131n\u0131n ilk\nKonstitusiyas\u0131n\u0131n q\u0259bul olunmas\u0131 prosesind\u0259 \u00dcmummilli Lider Heyd\u0259r \u018fliyevin\nmisilsiz xidm\u0259tl\u0259rini i\u015ftirak\u00e7\u0131lar\u0131n diqq\u0259tin\u0259 \u00e7atd\u0131rmaq, bu m\u00fch\u00fcm h\u00fcquqi\ns\u0259n\u0259din d\u00f6vl\u0259t quruculu\u011fundak\u0131 \u0259h\u0259miyy\u0259tini izah etm\u0259k v\u0259 d\u00f6vl\u0259t\nqulluq\u00e7ular\u0131nda konstitusiya h\u00fcququ sah\u0259sind\u0259 bilik v\u0259 yana\u015fmalar\u0131\nd\u0259rinl\u0259\u015fdirm\u0259k olmu\u015fdur.<o:p><\/o:p><\/span><\/p><p class=\"MsoNormal\" style=\"mso-margin-top-alt:auto;mso-margin-bottom-alt:auto;text-align:justify;text-indent:36.0pt;line-height:normal\"><span style=\"font-size:12.0pt;font-family:&quot;Times New Roman&quot;,serif;mso-fareast-font-family:&quot;Times New Roman&quot;\">T\u0259limd\u0259 D\u00f6vl\u0259t \u0130dar\u0259\u00e7ilik Akademiyas\u0131n\u0131n H\u00fcquq kafedras\u0131n\u0131n\nm\u00fcdiri, h\u00fcquq elml\u0259ri doktoru, professor \u0130saxan V\u0259liyev m\u00fchazir\u0259 il\u0259 \u00e7\u0131x\u0131\u015f\netmi\u015fdir. O, Ulu \u00d6nd\u0259r Heyd\u0259r \u018fliyevin 1995-ci ild\u0259 Konstitusiya Komissiyas\u0131na\nr\u0259hb\u0259rlik etm\u0259sini, Konstitusiyan\u0131n haz\u0131rlanmas\u0131nda birba\u015fa i\u015ftirak\u0131n\u0131 v\u0259 bu\nprosesi ictimai m\u00fczakir\u0259l\u0259r \u0259sas\u0131nda \u015f\u0259ffaf \u015f\u0259kild\u0259 h\u0259yata ke\u00e7irm\u0259sini x\u00fcsusi\nvur\u011fulam\u0131\u015fd\u0131r. T\u0259lim \u00e7\u0259r\u00e7iv\u0259sind\u0259 h\u0259m\u00e7inin Konstitusiyan\u0131n q\u0259bulundan \u0259vv\u0259l v\u0259\nsonrak\u0131 d\u00f6vrd\u0259 h\u0259yata ke\u00e7irilmi\u015f h\u00fcquqi islahatlar, Konstitusiya M\u0259hk\u0259m\u0259sinin\nyarad\u0131lmas\u0131, qanunvericilik t\u0259\u015f\u0259bb\u00fcs\u00fc h\u00fcququnun t\u0259nziml\u0259nm\u0259si v\u0259 h\u00fcquqi d\u00f6vl\u0259t\nquruculu\u011funda Konstitusiyan\u0131n rolu geni\u015f \u015f\u0259kild\u0259 t\u0259hlil olunmu\u015fdur.<o:p><\/o:p><\/span><\/p><p class=\"MsoNormal\" style=\"mso-margin-top-alt:auto;mso-margin-bottom-alt:auto;text-align:justify;text-indent:36.0pt;line-height:normal\"><span style=\"font-size:12.0pt;font-family:&quot;Times New Roman&quot;,serif;mso-fareast-font-family:&quot;Times New Roman&quot;\">Professor \u0130saxan V\u0259liyev \u00e7\u0131x\u0131\u015f\u0131nda Konstitusiyan\u0131n\npreambulas\u0131 v\u0259 \u0259sas prinsipl\u0259ri bar\u0259d\u0259 \u0259trafl\u0131 m\u0259lumat vermi\u015f, Heyd\u0259r \u018fliyevin\nKonstitusiyan\u0131n \u0259sas f\u0259ls\u0259f\u0259sin\u0259 dair ifad\u0259 etdiyi bu fikirl\u0259ri t\u0259dbir\ni\u015ftirak\u00e7\u0131lar\u0131n\u0131n diqq\u0259tin\u0259 \u00e7atd\u0131rm\u0131\u015fd\u0131r:<b><o:p><\/o:p><\/b><\/span><\/p><p class=\"MsoNormal\" align=\"center\" style=\"mso-margin-top-alt:auto;mso-margin-bottom-alt:auto;text-align:center;text-indent:36.0pt;line-height:normal\"><b><span style=\"font-size:12.0pt;font-family:&quot;Times New Roman&quot;,serif;mso-fareast-font-family:&quot;Times New Roman&quot;\">\u201cBiz el\u0259 bir layih\u0259 haz\u0131rlamal\u0131 v\u0259 n\u0259hay\u0259t, el\u0259 bir\nKonstitusiya q\u0259bul etm\u0259liyik ki, o, m\u00fcst\u0259qil Az\u0259rbaycan Respublikas\u0131n\u0131n\ndemokratik prinsipl\u0259r \u0259sas\u0131nda uzun m\u00fcdd\u0259t sabit ya\u015famas\u0131n\u0131 t\u0259min ed\u0259n \u018fsas\nQanun, tarixi s\u0259n\u0259d olsun. Hakimiyy\u0259t b\u00f6lg\u00fcs\u00fc \u2013 icra, qanunvericilik, m\u0259hk\u0259m\u0259\nhakimiyy\u0259ti &#8211; bunlar ham\u0131s\u0131 xalq\u0131n irad\u0259sin\u0259 s\u00f6yk\u0259nm\u0259li, se\u00e7kil\u0259r yolu il\u0259\nt\u0259min olunmal\u0131d\u0131r.\u201d<\/span><\/b><span style=\"font-size:12.0pt;font-family:&quot;Times New Roman&quot;,serif;mso-fareast-font-family:&quot;Times New Roman&quot;\"><o:p><\/o:p><\/span><\/p><p class=\"MsoNormal\" style=\"mso-margin-top-alt:auto;mso-margin-bottom-alt:auto;text-align:justify;text-indent:36.0pt;line-height:normal\"><span style=\"font-size:12.0pt;font-family:&quot;Times New Roman&quot;,serif;mso-fareast-font-family:&quot;Times New Roman&quot;\">M\u00fchazir\u0259d\u0259 qeyd olunmu\u015fdur ki, Konstitusiyada t\u0259sbit edilmi\u015f\n\u0259sas prinsipl\u0259r \u2013 d\u00f6vl\u0259tin m\u00fcst\u0259qilliyi, hakimiyy\u0259t b\u00f6lg\u00fcs\u00fc, insan h\u00fcquq v\u0259\nazadl\u0131qlar\u0131n\u0131n m\u00fcdafi\u0259si, qanunvericilik t\u0259\u015f\u0259bb\u00fcs\u00fc h\u00fcququ v\u0259 v\u0259t\u0259nda\u015f\nc\u0259miyy\u0259tinin formala\u015fd\u0131r\u0131lmas\u0131 mexanizml\u0259ri \u2013 h\u00fcquqi d\u00f6vl\u0259tin \u0259sas s\u00fctunlar\u0131n\u0131\nt\u0259\u015fkil edir. Professor V\u0259liyev vur\u011fulam\u0131\u015fd\u0131r ki, Konstitusiya yaln\u0131z h\u00fcquqi\ns\u0259n\u0259d deyil, h\u0259m d\u0259 xalq\u0131n irad\u0259sinin ifad\u0259si, milli birliyin v\u0259 d\u00f6vl\u0259tin\nsuverenliyinin t\u0259minat\u00e7\u0131s\u0131d\u0131r. O \u0259lav\u0259 etmi\u015fdir ki, \u00dcmummilli Lider Heyd\u0259r\n\u018fliyevin t\u0259\u015f\u0259bb\u00fcs\u00fc il\u0259 1995-ci ild\u0259 haz\u0131rlanaraq \u00fcmumxalq s\u0259sverm\u0259si il\u0259 q\u0259bul\nedilmi\u015f bu s\u0259n\u0259d Az\u0259rbaycan\u0131n h\u00fcquqi, siyasi v\u0259 inzibati sisteminin \u0259sas\u0131n\u0131\nt\u0259\u015fkil ed\u0259n fundamental s\u0259n\u0259ddir.<o:p><\/o:p><\/span><\/p><p class=\"MsoNormal\" style=\"mso-margin-top-alt:auto;mso-margin-bottom-alt:auto;text-align:justify;text-indent:36.0pt;line-height:normal\"><span style=\"font-size:12.0pt;font-family:&quot;Times New Roman&quot;,serif;mso-fareast-font-family:&quot;Times New Roman&quot;\">T\u0259lim \u00e7\u0259r\u00e7iv\u0259sind\u0259 h\u0259m\u00e7inin h\u00fcquqi d\u00f6vl\u0259t quruculu\u011fu\nistiqam\u0259tind\u0259 g\u00f6r\u00fcl\u0259n i\u015fl\u0259r, Konstitusiya M\u0259hk\u0259m\u0259sinin f\u0259aliyy\u0259ti v\u0259 h\u00fcquqi\nn\u0259zar\u0259t mexanizml\u0259ri, el\u0259c\u0259 d\u0259 son ill\u0259rd\u0259 apar\u0131lm\u0131\u015f konstitusiya islahatlar\u0131\nbar\u0259d\u0259 i\u015ftirak\u00e7\u0131lara \u0259trafl\u0131 m\u0259lumat verilmi\u015fdir. Bu kontekstd\u0259 2025-ci ilin\n\u00f6lk\u0259d\u0259 \u201cKonstitusiya v\u0259 Suverenlik \u0130li\u201d elan olunmas\u0131n\u0131n mahiyy\u0259ti v\u0259 h\u00fcquqi\nmaarifl\u0259ndirm\u0259 t\u0259dbirl\u0259rinin \u0259h\u0259miyy\u0259ti d\u0259 x\u00fcsusi qeyd edilmi\u015fdir.<o:p><\/o:p><\/span><\/p><p class=\"MsoNormal\" style=\"mso-margin-top-alt:auto;mso-margin-bottom-alt:auto;text-align:justify;text-indent:36.0pt;line-height:normal\"><span style=\"font-size:12.0pt;font-family:&quot;Times New Roman&quot;,serif;mso-fareast-font-family:&quot;Times New Roman&quot;\">T\u0259lim interaktiv \u015f\u0259kild\u0259 t\u0259\u015fkil olunmu\u015f, i\u015ftirak\u00e7\u0131lar\naras\u0131nda sual-cavab sessiyalar\u0131 ke\u00e7irilmi\u015f v\u0259 real h\u00fcquqi v\u0259ziyy\u0259tl\u0259r \u00fcz\u0259rind\u0259\npraktiki m\u00fczakir\u0259l\u0259r apar\u0131lm\u0131\u015fd\u0131r. \u0130\u015ftirak\u00e7\u0131lar \u00dcmummilli Lider Heyd\u0259r \u018fliyevin\nsiyasi v\u0259 h\u00fcquqi irsinin m\u00fcasir Az\u0259rbaycan c\u0259miyy\u0259tind\u0259, x\u00fcsusil\u0259 d\u0259 h\u00fcquqi\nd\u00fc\u015f\u00fcnc\u0259 v\u0259 d\u00f6vl\u0259t idar\u0259\u00e7iliyi sah\u0259sind\u0259ki \u0259h\u0259miyy\u0259tini bir daha d\u0259rk etmi\u015fl\u0259r.<o:p><\/o:p><\/span><\/p><p class=\"MsoNormal\" style=\"mso-margin-top-alt:auto;mso-margin-bottom-alt:auto;text-align:justify;text-indent:36.0pt;line-height:normal\"><span style=\"font-size:12.0pt;font-family:&quot;Times New Roman&quot;,serif;mso-fareast-font-family:&quot;Times New Roman&quot;\">T\u0259dbirin sonunda professor \u0130saxan V\u0259liyev \u00dcmummilli Lider\nHeyd\u0259r \u018fliyevin m\u00fcst\u0259qil Az\u0259rbaycan d\u00f6vl\u0259t\u00e7iliyinin h\u00fcquqi \u0259saslar\u0131n\u0131n\nformala\u015fd\u0131r\u0131lmas\u0131ndak\u0131 \u0259v\u0259zolunmaz rolunu bir daha vur\u011fulam\u0131\u015f, i\u015ftirak\u00e7\u0131lara bu\nd\u0259y\u0259rli irsi d\u0259rind\u0259n \u00f6yr\u0259nm\u0259yin v\u0259 onu g\u0259l\u0259c\u0259k n\u0259sill\u0259r\u0259 \u00f6t\u00fcrm\u0259yin vacibliyini\n\u00e7atd\u0131rm\u0131\u015fd\u0131r.<o:p><\/o:p><\/span><\/p><p>\n\n\n\n\n\n\n\n\n\n\n\n\n\n\n\n\n\n\n\n<\/p><p class=\"MsoNormal\" style=\"text-align:justify\"><span style=\"font-family:&quot;Times New Roman&quot;,serif\">&nbsp;<\/span><\/p>\t\t\t\t\t<\/div>\n\t\t\t\t\t\t<\/div>\n\t\t\t\t<\/div>\n\t\t\t\t\t\t<\/div>\n\t\t\t\t\t<\/div>\n\t\t<\/div>\n\t\t\t\t\t\t\t\t<\/div>\n\t\t\t\t\t<\/div>\n\t\t<\/section>\n\t\t\t\t<section class=\"elementor-section elementor-top-section elementor-element elementor-element-8018a1c elementor-section-boxed elementor-section-height-default elementor-section-height-default\" data-id=\"8018a1c\" data-element_type=\"section\">\n\t\t\t\t\t\t<div class=\"elementor-container elementor-column-gap-default\">\n\t\t\t\t\t\t\t<div class=\"elementor-row\">\n\t\t\t\t\t<div class=\"elementor-column elementor-col-100 elementor-top-column elementor-element elementor-element-f7a494c\" data-id=\"f7a494c\" data-element_type=\"column\">\n\t\t\t<div class=\"elementor-column-wrap elementor-element-populated\">\n\t\t\t\t\t\t\t<div class=\"elementor-widget-wrap\">\n\t\t\t\t\t\t<div class=\"elementor-element elementor-element-bbf71cb elementor-arrows-position-inside elementor-pagination-position-outside elementor-widget elementor-widget-image-carousel\" data-id=\"bbf71cb\" data-element_type=\"widget\" data-settings=\"{&quot;navigation&quot;:&quot;both&quot;,&quot;autoplay&quot;:&quot;yes&quot;,&quot;pause_on_hover&quot;:&quot;yes&quot;,&quot;pause_on_interaction&quot;:&quot;yes&quot;,&quot;autoplay_speed&quot;:5000,&quot;infinite&quot;:&quot;yes&quot;,&quot;speed&quot;:500}\" data-widget_type=\"image-carousel.default\">\n\t\t\t\t<div class=\"elementor-widget-container\">\n\t\t\t\t\t<div class=\"elementor-image-carousel-wrapper swiper-container\" dir=\"ltr\">\n\t\t\t<div class=\"elementor-image-carousel swiper-wrapper\">\n\t\t\t\t<div class=\"swiper-slide\"><a data-elementor-open-lightbox=\"yes\" data-elementor-lightbox-slideshow=\"bbf71cb\" href=\"https:\/\/legacy.dia.edu.az\/wp-content\/uploads\/2025\/07\/asf.png\"><figure class=\"swiper-slide-inner\"><img class=\"swiper-slide-image\" src=\"https:\/\/legacy.dia.edu.az\/wp-content\/uploads\/2025\/07\/asf-150x150.png\" alt=\"\" \/><\/figure><\/a><\/div><div class=\"swiper-slide\"><a data-elementor-open-lightbox=\"yes\" data-elementor-lightbox-slideshow=\"bbf71cb\" href=\"https:\/\/legacy.dia.edu.az\/wp-content\/uploads\/2025\/07\/trgs.png\"><figure class=\"swiper-slide-inner\"><img class=\"swiper-slide-image\" src=\"https:\/\/legacy.dia.edu.az\/wp-content\/uploads\/2025\/07\/trgs-150x150.png\" alt=\"\" \/><\/figure><\/a><\/div><div class=\"swiper-slide\"><a data-elementor-open-lightbox=\"yes\" data-elementor-lightbox-slideshow=\"bbf71cb\" href=\"https:\/\/legacy.dia.edu.az\/wp-content\/uploads\/2025\/07\/adgt.png\"><figure class=\"swiper-slide-inner\"><img class=\"swiper-slide-image\" src=\"https:\/\/legacy.dia.edu.az\/wp-content\/uploads\/2025\/07\/adgt-150x150.png\" alt=\"\" \/><\/figure><\/a><\/div><div class=\"swiper-slide\"><a data-elementor-open-lightbox=\"yes\" data-elementor-lightbox-slideshow=\"bbf71cb\" href=\"https:\/\/legacy.dia.edu.az\/wp-content\/uploads\/2025\/07\/789.png\"><figure class=\"swiper-slide-inner\"><img class=\"swiper-slide-image\" src=\"https:\/\/legacy.dia.edu.az\/wp-content\/uploads\/2025\/07\/789-150x150.png\" alt=\"\" \/><\/figure><\/a><\/div><div class=\"swiper-slide\"><a data-elementor-open-lightbox=\"yes\" data-elementor-lightbox-slideshow=\"bbf71cb\" href=\"https:\/\/legacy.dia.edu.az\/wp-content\/uploads\/2025\/07\/12.png\"><figure class=\"swiper-slide-inner\"><img class=\"swiper-slide-image\" src=\"https:\/\/legacy.dia.edu.az\/wp-content\/uploads\/2025\/07\/12-150x150.png\" alt=\"\" \/><\/figure><\/a><\/div><div class=\"swiper-slide\"><a data-elementor-open-lightbox=\"yes\" data-elementor-lightbox-slideshow=\"bbf71cb\" href=\"https:\/\/legacy.dia.edu.az\/wp-content\/uploads\/2025\/07\/5.png\"><figure class=\"swiper-slide-inner\"><img class=\"swiper-slide-image\" src=\"https:\/\/legacy.dia.edu.az\/wp-content\/uploads\/2025\/07\/5-150x150.png\" alt=\"\" \/><\/figure><\/a><\/div><div class=\"swiper-slide\"><a data-elementor-open-lightbox=\"yes\" data-elementor-lightbox-slideshow=\"bbf71cb\" href=\"https:\/\/legacy.dia.edu.az\/wp-content\/uploads\/2025\/07\/3.png\"><figure class=\"swiper-slide-inner\"><img class=\"swiper-slide-image\" src=\"https:\/\/legacy.dia.edu.az\/wp-content\/uploads\/2025\/07\/3-150x150.png\" alt=\"\" \/><\/figure><\/a><\/div><div class=\"swiper-slide\"><a data-elementor-open-lightbox=\"yes\" data-elementor-lightbox-slideshow=\"bbf71cb\" href=\"https:\/\/legacy.dia.edu.az\/wp-content\/uploads\/2025\/07\/1.png\"><figure class=\"swiper-slide-inner\"><img class=\"swiper-slide-image\" src=\"https:\/\/legacy.dia.edu.az\/wp-content\/uploads\/2025\/07\/1-150x150.png\" alt=\"\" \/><\/figure><\/a><\/div><div class=\"swiper-slide\"><a data-elementor-open-lightbox=\"yes\" data-elementor-lightbox-slideshow=\"bbf71cb\" href=\"https:\/\/legacy.dia.edu.az\/wp-content\/uploads\/2025\/07\/5tehy.png\"><figure class=\"swiper-slide-inner\"><img class=\"swiper-slide-image\" src=\"https:\/\/legacy.dia.edu.az\/wp-content\/uploads\/2025\/07\/5tehy-150x150.png\" alt=\"\" \/><\/figure><\/a><\/div>\t\t\t<\/div>\n\t\t\t\t\t\t\t\t\t\t\t\t<div class=\"swiper-pagination\"><\/div>\n\t\t\t\t\t\t\t\t\t\t\t\t\t<div class=\"elementor-swiper-button elementor-swiper-button-prev\">\n\t\t\t\t\t\t<i class=\"eicon-chevron-left\" aria-hidden=\"true\"><\/i>\n\t\t\t\t\t\t<span class=\"elementor-screen-only\">Previous<\/span>\n\t\t\t\t\t<\/div>\n\t\t\t\t\t<div class=\"elementor-swiper-button elementor-swiper-button-next\">\n\t\t\t\t\t\t<i class=\"eicon-chevron-right\" aria-hidden=\"true\"><\/i>\n\t\t\t\t\t\t<span class=\"elementor-screen-only\">Next<\/span>\n\t\t\t\t\t<\/div>\n\t\t\t\t\t\t\t\t\t<\/div>\n\t\t\t\t<\/div>\n\t\t\t\t<\/div>\n\t\t\t\t\t\t<\/div>\n\t\t\t\t\t<\/div>\n\t\t<\/div>\n\t\t\t\t\t\t\t\t<\/div>\n\t\t\t\t\t<\/div>\n\t\t<\/section>\n\t\t\t\t\t\t<\/div>\n\t\t\t\t\t\t<\/div>\n\t\t\t\t\t<\/div>","protected":false},"excerpt":{"rendered":"<p>D\u0130A-da D\u00f6vl\u0259t Miqrasiya Xidm\u0259tinin \u0259m\u0259kda\u015flar\u0131 \u00fc\u00e7\u00fcn \u201c\u00dcmummilli Lider Heyd\u0259r \u018fliyev m\u00fcst\u0259qil Az\u0259rbaycan Konstitusiyas\u0131n\u0131n m\u00fc\u0259llifidir\u201d adl\u0131 t\u0259lim ke\u00e7irilmi\u015fdir 2025-ci il iyulun 25-d\u0259 Az\u0259rbaycan Respublikas\u0131 D\u00f6vl\u0259t Miqrasiya Xidm\u0259tinin \u0259m\u0259kda\u015flar\u0131 \u00fc\u00e7\u00fcn Az\u0259rbaycan Respublikas\u0131 Prezidentinin yan\u0131nda D\u00f6vl\u0259t \u0130dar\u0259\u00e7ilik Akademiyas\u0131nda \u201c\u00dcmummilli Lider Heyd\u0259r \u018fliyev m\u00fcst\u0259qil Az\u0259rbaycan Konstitusiyas\u0131n\u0131n m\u00fc\u0259llifidir\u201d m\u00f6vzusuna h\u0259sr olunmu\u015f t\u0259lim ke\u00e7irilmi\u015fdir. T\u0259dbirin \u0259sas m\u0259qs\u0259di Az\u0259rbaycan Respublikas\u0131n\u0131n ilk Konstitusiyas\u0131n\u0131n [&hellip;]<\/p>","protected":false},"author":2,"featured_media":27253,"comment_status":"closed","ping_status":"open","sticky":false,"template":"","format":"standard","meta":[],"categories":[137],"tags":[],"_links":{"self":[{"href":"https:\/\/legacy.dia.edu.az\/en\/wp-json\/wp\/v2\/posts\/27246"}],"collection":[{"href":"https:\/\/legacy.dia.edu.az\/en\/wp-json\/wp\/v2\/posts"}],"about":[{"href":"https:\/\/legacy.dia.edu.az\/en\/wp-json\/wp\/v2\/types\/post"}],"author":[{"embeddable":true,"href":"https:\/\/legacy.dia.edu.az\/en\/wp-json\/wp\/v2\/users\/2"}],"replies":[{"embeddable":true,"href":"https:\/\/legacy.dia.edu.az\/en\/wp-json\/wp\/v2\/comments?post=27246"}],"version-history":[{"count":7,"href":"https:\/\/legacy.dia.edu.az\/en\/wp-json\/wp\/v2\/posts\/27246\/revisions"}],"predecessor-version":[{"id":27262,"href":"https:\/\/legacy.dia.edu.az\/en\/wp-json\/wp\/v2\/posts\/27246\/revisions\/27262"}],"wp:featuredmedia":[{"embeddable":true,"href":"https:\/\/legacy.dia.edu.az\/en\/wp-json\/wp\/v2\/media\/27253"}],"wp:attachment":[{"href":"https:\/\/legacy.dia.edu.az\/en\/wp-json\/wp\/v2\/media?parent=27246"}],"wp:term":[{"taxonomy":"category","embeddable":true,"href":"https:\/\/legacy.dia.edu.az\/en\/wp-json\/wp\/v2\/categories?post=27246"},{"taxonomy":"post_tag","embeddable":true,"href":"https:\/\/legacy.dia.edu.az\/en\/wp-json\/wp\/v2\/tags?post=27246"}],"curies":[{"name":"wp","href":"https:\/\/api.w.org\/{rel}","templated":true}]}}