{"id":27117,"date":"2025-07-10T10:05:16","date_gmt":"2025-07-10T06:05:16","guid":{"rendered":"https:\/\/dia.edu.az\/?p=27117"},"modified":"2025-09-09T16:23:24","modified_gmt":"2025-09-09T12:23:24","slug":"q%c9%99rbi-az%c9%99rbaycana-qayidis-tarixi-v%c9%99-beyn%c9%99lxalq-huquqi-kontekstd%c9%99-movzusunda-elmi-praktik-d%c9%99yirmi-masa-kecirilib","status":"publish","type":"post","link":"https:\/\/legacy.dia.edu.az\/en\/arxivl\u0259r\/27117","title":{"rendered":"\u201cQ\u0259rbi Az\u0259rbaycana qay\u0131d\u0131\u015f tarixi v\u0259 beyn\u0259lxalq h\u00fcquqi kontekstd\u0259\u201d m\u00f6vzusunda elmi-praktik d\u0259yirmi masa ke\u00e7irilib"},"content":{"rendered":"<div data-elementor-type=\"wp-post\" data-elementor-id=\"27117\" class=\"elementor elementor-27117\" data-elementor-settings=\"[]\">\n\t\t\t\t\t\t<div class=\"elementor-inner\">\n\t\t\t\t\t\t\t<div class=\"elementor-section-wrap\">\n\t\t\t\t\t\t\t<section class=\"elementor-section elementor-top-section elementor-element elementor-element-a355626 elementor-section-boxed elementor-section-height-default elementor-section-height-default\" data-id=\"a355626\" data-element_type=\"section\">\n\t\t\t\t\t\t<div class=\"elementor-container elementor-column-gap-default\">\n\t\t\t\t\t\t\t<div class=\"elementor-row\">\n\t\t\t\t\t<div class=\"elementor-column elementor-col-100 elementor-top-column elementor-element elementor-element-456bf2c\" data-id=\"456bf2c\" data-element_type=\"column\">\n\t\t\t<div class=\"elementor-column-wrap elementor-element-populated\">\n\t\t\t\t\t\t\t<div class=\"elementor-widget-wrap\">\n\t\t\t\t\t\t<div class=\"elementor-element elementor-element-957d36a elementor-widget elementor-widget-heading\" data-id=\"957d36a\" data-element_type=\"widget\" data-widget_type=\"heading.default\">\n\t\t\t\t<div class=\"elementor-widget-container\">\n\t\t\t<h2 class=\"elementor-heading-title elementor-size-default\"><p class=\"MsoNormal\" style=\"text-align:justify;line-height:150%;tab-stops:44.8pt\"><span lang=\"AZ-LATIN\" style=\"font-size:14.0pt;mso-bidi-font-size:12.0pt;line-height:150%;mso-ansi-language:AZ-LATIN\">&nbsp;<\/span><\/p>\n\n<p class=\"MsoNormal\" style=\"line-height:150%;tab-stops:44.8pt\"><span lang=\"AZ-LATIN\" style=\"font-size:14.0pt;mso-bidi-font-size:11.0pt;line-height:150%;mso-bidi-font-family:Arial;color:#1F2F4A;mso-ansi-language:AZ-LATIN\">&nbsp;<\/span><\/p>\n\n<p align=\"center\" style=\"text-align:center\"><strong><span lang=\"AZ-LATIN\" style=\"font-size:14.0pt;mso-ansi-language:AZ-LATIN\">\u201cQ\u0259rbi Az\u0259rbaycana qay\u0131d\u0131\u015f\ntarixi v\u0259 beyn\u0259lxalq h\u00fcquqi kontekstd\u0259\u201d m\u00f6vzusunda elmi-praktik d\u0259yirmi masa\nke\u00e7irilib<\/span><\/strong><span lang=\"AZ-LATIN\" style=\"font-size:14.0pt;mso-ansi-language:AZ-LATIN;mso-fareast-language:EN-US\"><o:p><\/o:p><\/span><\/p>\n\n<p style=\"margin:0cm;text-align:justify;text-indent:35.45pt;line-height:150%\"><span lang=\"AZ-LATIN\">Az\u0259rbaycan Respublikas\u0131n\u0131n\nPrezidenti yan\u0131nda D\u00f6vl\u0259t \u0130dar\u0259\u00e7ilik Akademiyas\u0131nda (D\u0130A) yeni t\u0259sis edilmi\u015f\n\u201cQ\u0259rbi Az\u0259rbaycan Ara\u015fd\u0131rmalar\u0131\u201d M\u0259rk\u0259zinin t\u0259\u015fkilat\u00e7\u0131l\u0131\u011f\u0131 il\u0259 2025-ci il iyulun\n9-da \u201cQ\u0259rbi Az\u0259rbaycana qay\u0131d\u0131\u015f tarixi v\u0259 beyn\u0259lxalq h\u00fcquqi kontekstd\u0259\u201d\nm\u00f6vzusunda elmi-praktik d\u0259yirmi masa ke\u00e7irilmi\u015fdir.<o:p><\/o:p><\/span><\/p>\n\n<p style=\"margin:0cm;text-align:justify;text-indent:35.45pt;line-height:150%\"><span lang=\"AZ-LATIN\">T\u0259dbiri giri\u015f s\u00f6z\u00fc il\u0259 a\u00e7an\nD\u0130A-n\u0131n rektoru, akademik Urxan \u018fl\u0259kb\u0259rov \u00f6lk\u0259 r\u0259hb\u0259rliyinin Q\u0259rbi Az\u0259rbaycana\nqay\u0131d\u0131\u015fla ba\u011fl\u0131 h\u0259yata ke\u00e7irdiyi m\u0259qs\u0259dy\u00f6nl\u00fc d\u00f6vl\u0259t siyas\u0259tind\u0259n b\u0259hs etmi\u015f, bu\nistiqam\u0259td\u0259 ictimai-siyasi, h\u00fcquqi v\u0259 humanitar aspektl\u0259ri \u00f6z\u00fcnd\u0259 birl\u0259\u015fdir\u0259n\nkompleks t\u0259dbirl\u0259rin vacibliyini qeyd etmi\u015fdir. Akademik U.\u018fl\u0259kb\u0259rov, h\u0259m\u00e7inin,\nD\u0130A n\u0259zdind\u0259 \u201cQ\u0259rbi Az\u0259rbaycan Ara\u015fd\u0131rmalar\u0131\u201d M\u0259rk\u0259zinin yarad\u0131lmas\u0131n\u0131n elmi\n\u0259saslar\u0131n\u0131 v\u0259 f\u0259aliyy\u0259t istiqam\u0259tl\u0259rini i\u015ftirak\u00e7\u0131lar\u0131n diqq\u0259tin\u0259 \u00e7atd\u0131raraq,\nM\u0259rk\u0259zin milli yadda\u015f\u0131n dir\u00e7\u0259ldilm\u0259si, tarixi \u0259dal\u0259tin b\u0259rpas\u0131 v\u0259 beyn\u0259lxalq\nh\u00fcquqa \u0259saslanan elmi-n\u0259z\u0259ri diskursun formala\u015fd\u0131r\u0131lmas\u0131 bax\u0131m\u0131ndan m\u00fch\u00fcm\n\u0259h\u0259miyy\u0259t da\u015f\u0131d\u0131\u011f\u0131n\u0131 vur\u011fulam\u0131\u015fd\u0131r.<o:p><\/o:p><\/span><\/p>\n\n<p style=\"margin:0cm;text-align:justify;text-indent:35.45pt;line-height:150%\"><span lang=\"AZ-LATIN\">D\u0259yirmi masa \u00e7\u0259r\u00e7iv\u0259sind\u0259\nM\u0259rk\u0259zin r\u0259hb\u0259ri, tarix elml\u0259ri \u00fczr\u0259 f\u0259ls\u0259f\u0259 doktoru, dosent Firdovsiyy\u0259\n\u018fhm\u0259dova, Milli M\u0259clisin deputatlar\u0131 \u2013 h\u00fcquq elml\u0259ri doktoru, professor Nizami\nS\u0259f\u0259rov v\u0259 siyasi elml\u0259r doktoru Rizvan N\u0259biyev \u00e7\u0131x\u0131\u015f ed\u0259r\u0259k Q\u0259rbi Az\u0259rbaycana\nqay\u0131d\u0131\u015f\u0131n tarixi, siyasi v\u0259 beyn\u0259lxalq h\u00fcquqi \u0259saslar\u0131na dair m\u0259zmunlu\nm\u0259ruz\u0259l\u0259rl\u0259 \u00e7\u0131x\u0131\u015f etmi\u015fl\u0259r. M\u0259ruz\u0259l\u0259rd\u0259 konkret t\u0259hlill\u0259r \u0259sas\u0131nda qay\u0131d\u0131\u015f\u0131n tarixi,\nh\u00fcquqi v\u0259 siyasi t\u0259r\u0259fl\u0259ri geni\u015f \u015f\u0259kild\u0259 &nbsp;izah edilmi\u015fdir. Onlar\u0131n t\u0259qdimatlar\u0131nda Q\u0259rbi\nAz\u0259rbaycana qay\u0131d\u0131\u015f h\u00fcququnun elmi-n\u0259z\u0259ri \u0259sasland\u0131r\u0131lmas\u0131, bu h\u00fcququn\nformala\u015fmas\u0131na s\u0259b\u0259b olan tarixi-siyasi prosesl\u0259r v\u0259 beyn\u0259lxalq h\u00fcququn norma\nv\u0259 prinsipl\u0259ri m\u00fcf\u0259ss\u0259l \u015f\u0259kild\u0259 t\u0259hlil edilmi\u015fdir.<o:p><\/o:p><\/span><\/p>\n\n<p style=\"margin:0cm;text-align:justify;text-indent:35.45pt;line-height:150%\"><span lang=\"AZ-LATIN\">M\u0259ruz\u0259l\u0259rd\u0259 x\u00fcsusi olaraq\nvur\u011fulanm\u0131\u015fd\u0131r ki, Q\u0259rbi Az\u0259rbaycan problemi yaln\u0131z bir xalq\u0131n deyil,\nb\u00fct\u00f6vl\u00fckd\u0259 regionun s\u00fclh, \u0259dal\u0259t v\u0259 insan h\u00fcquqlar\u0131 m\u00fcst\u0259visind\u0259 sabitliyini\nt\u0259min etm\u0259k \u00fc\u00e7\u00fcn h\u0259ll olunmal\u0131 olan qlobal m\u0259s\u0259l\u0259dir. Qay\u0131d\u0131\u015f h\u00fcququnun\nbeyn\u0259lxalq ictimaiyy\u0259t\u0259 t\u0259qdimat\u0131nda elmi \u0259sasland\u0131rma il\u0259 yana\u015f\u0131, diplomatik,\nmaarifl\u0259ndirici v\u0259 h\u00fcquqi resurslardan da sistemli \u015f\u0259kild\u0259 istifad\u0259 edilm\u0259sinin\nz\u0259ruriliyi qeyd edilmi\u015fdir.<o:p><\/o:p><\/span><\/p>\n\n<p style=\"margin:0cm;text-align:justify;text-indent:35.45pt;line-height:150%\"><span lang=\"AZ-LATIN\">M\u00f6vzu \u0259traf\u0131nda apar\u0131lan\nm\u00fczakir\u0259l\u0259rd\u0259 D\u0130A-n\u0131n \u0259m\u0259kda\u015flar\u0131 \u2013 dosent Fuad S\u00fcleymanov v\u0259 professor El\u00e7in\n\u018fhm\u0259dov \u00e7\u0131x\u0131\u015f ed\u0259r\u0259k, m\u0259s\u0259l\u0259nin elmi c\u0259h\u0259td\u0259n daha da d\u0259rind\u0259n \u00f6yr\u0259nilm\u0259sinin,\nx\u00fcsusil\u0259 beyn\u0259lxalq elmi dair\u0259l\u0259rl\u0259 \u0259m\u0259kda\u015fl\u0131q kontekstind\u0259 t\u0259dqiqatlar\u0131n\ngeni\u015fl\u0259ndirilm\u0259sinin z\u0259ruriliyini qeyd etmi\u015fl\u0259r. Diskussiya zaman\u0131\ni\u015ftirak\u00e7\u0131lar\u0131n suallar\u0131 m\u0259ruz\u0259\u00e7il\u0259r t\u0259r\u0259find\u0259n \u0259hat\u0259li v\u0259 dol\u011fun \u015f\u0259kild\u0259\ncavabland\u0131r\u0131lm\u0131\u015fd\u0131r.<o:p><\/o:p><\/span><\/p>\n\n<p style=\"margin:0cm;text-align:justify;text-indent:35.45pt;line-height:150%\"><span lang=\"AZ-LATIN\">T\u0259dbirin sonunda rektor,\nakademik Urxan \u018fl\u0259kb\u0259rov d\u0259yirmi masa \u00e7\u0259r\u00e7iv\u0259sind\u0259 apar\u0131lan elmi m\u00fczakir\u0259l\u0259ri\n\u00fcmumil\u0259\u015fdir\u0259r\u0259k, \u201cQ\u0259rbi Az\u0259rbaycan Ara\u015fd\u0131rmalar\u0131\u201d M\u0259rk\u0259zinin d\u00f6vl\u0259timizin\nstrateji h\u0259d\u0259fl\u0259rin\u0259 uy\u011fun \u015f\u0259kild\u0259 elmi-t\u0259dqiqat v\u0259 maarify\u00f6nl\u00fc f\u0259aliyy\u0259t\ng\u00f6st\u0259rm\u0259sinin vacibliyini vur\u011fulam\u0131\u015f, M\u0259rk\u0259zin f\u0259aliyy\u0259tinin milli maraqlara\nxidm\u0259t ed\u0259c\u0259yin\u0259 v\u0259 elmi c\u0259miyy\u0259tin bu istiqam\u0259td\u0259 s\u0259f\u0259rb\u0259r olunaca\u011f\u0131na inam\u0131n\u0131\nifad\u0259 etmi\u015fdir.<o:p><\/o:p><\/span><\/p>\n\n<p class=\"MsoNormal\"><span lang=\"AZ-LATIN\" style=\"font-size:14.0pt;mso-bidi-font-size:11.0pt;mso-bidi-font-family:Arial;color:#1F2F4A;mso-ansi-language:AZ-LATIN\">&nbsp;<\/span><\/p><\/h2>\t\t<\/div>\n\t\t\t\t<\/div>\n\t\t\t\t\t\t<\/div>\n\t\t\t\t\t<\/div>\n\t\t<\/div>\n\t\t\t\t\t\t\t\t<\/div>\n\t\t\t\t\t<\/div>\n\t\t<\/section>\n\t\t\t\t<section class=\"elementor-section elementor-top-section elementor-element elementor-element-25f1cf2 elementor-section-boxed elementor-section-height-default elementor-section-height-default\" data-id=\"25f1cf2\" data-element_type=\"section\">\n\t\t\t\t\t\t<div class=\"elementor-container elementor-column-gap-default\">\n\t\t\t\t\t\t\t<div class=\"elementor-row\">\n\t\t\t\t\t<div class=\"elementor-column elementor-col-100 elementor-top-column elementor-element elementor-element-0cc6dbd\" data-id=\"0cc6dbd\" data-element_type=\"column\">\n\t\t\t<div class=\"elementor-column-wrap elementor-element-populated\">\n\t\t\t\t\t\t\t<div class=\"elementor-widget-wrap\">\n\t\t\t\t\t\t<div class=\"elementor-element elementor-element-2f84efc elementor-arrows-position-inside elementor-pagination-position-outside elementor-widget elementor-widget-image-carousel\" data-id=\"2f84efc\" data-element_type=\"widget\" data-settings=\"{&quot;navigation&quot;:&quot;both&quot;,&quot;autoplay&quot;:&quot;yes&quot;,&quot;pause_on_hover&quot;:&quot;yes&quot;,&quot;pause_on_interaction&quot;:&quot;yes&quot;,&quot;autoplay_speed&quot;:5000,&quot;infinite&quot;:&quot;yes&quot;,&quot;speed&quot;:500}\" data-widget_type=\"image-carousel.default\">\n\t\t\t\t<div class=\"elementor-widget-container\">\n\t\t\t\t\t<div class=\"elementor-image-carousel-wrapper swiper-container\" dir=\"ltr\">\n\t\t\t<div class=\"elementor-image-carousel swiper-wrapper\">\n\t\t\t\t<div class=\"swiper-slide\"><a data-elementor-open-lightbox=\"yes\" data-elementor-lightbox-slideshow=\"2f84efc\" href=\"https:\/\/legacy.dia.edu.az\/wp-content\/uploads\/2025\/07\/DSC_8079.webp\"><figure class=\"swiper-slide-inner\"><img class=\"swiper-slide-image\" src=\"https:\/\/legacy.dia.edu.az\/wp-content\/uploads\/2025\/07\/DSC_8079-150x150.webp\" alt=\"\" \/><\/figure><\/a><\/div><div class=\"swiper-slide\"><a data-elementor-open-lightbox=\"yes\" data-elementor-lightbox-slideshow=\"2f84efc\" href=\"https:\/\/legacy.dia.edu.az\/wp-content\/uploads\/2025\/07\/DSC_8071.webp\"><figure class=\"swiper-slide-inner\"><img class=\"swiper-slide-image\" src=\"https:\/\/legacy.dia.edu.az\/wp-content\/uploads\/2025\/07\/DSC_8071-150x150.webp\" alt=\"\" \/><\/figure><\/a><\/div><div class=\"swiper-slide\"><a data-elementor-open-lightbox=\"yes\" data-elementor-lightbox-slideshow=\"2f84efc\" href=\"https:\/\/legacy.dia.edu.az\/wp-content\/uploads\/2025\/07\/DSC_8069.webp\"><figure class=\"swiper-slide-inner\"><img class=\"swiper-slide-image\" src=\"https:\/\/legacy.dia.edu.az\/wp-content\/uploads\/2025\/07\/DSC_8069-150x150.webp\" alt=\"\" \/><\/figure><\/a><\/div><div class=\"swiper-slide\"><a data-elementor-open-lightbox=\"yes\" data-elementor-lightbox-slideshow=\"2f84efc\" href=\"https:\/\/legacy.dia.edu.az\/wp-content\/uploads\/2025\/07\/DSC_8066-scaled.jpg\"><figure class=\"swiper-slide-inner\"><img class=\"swiper-slide-image\" src=\"https:\/\/legacy.dia.edu.az\/wp-content\/uploads\/2025\/07\/DSC_8066-150x150.jpg\" alt=\"\" \/><\/figure><\/a><\/div><div class=\"swiper-slide\"><a data-elementor-open-lightbox=\"yes\" data-elementor-lightbox-slideshow=\"2f84efc\" href=\"https:\/\/legacy.dia.edu.az\/wp-content\/uploads\/2025\/07\/DSC_8063-scaled.jpg\"><figure class=\"swiper-slide-inner\"><img class=\"swiper-slide-image\" src=\"https:\/\/legacy.dia.edu.az\/wp-content\/uploads\/2025\/07\/DSC_8063-150x150.jpg\" alt=\"\" \/><\/figure><\/a><\/div><div class=\"swiper-slide\"><a data-elementor-open-lightbox=\"yes\" data-elementor-lightbox-slideshow=\"2f84efc\" href=\"https:\/\/legacy.dia.edu.az\/wp-content\/uploads\/2025\/07\/DSC_8059-scaled.jpg\"><figure class=\"swiper-slide-inner\"><img class=\"swiper-slide-image\" src=\"https:\/\/legacy.dia.edu.az\/wp-content\/uploads\/2025\/07\/DSC_8059-150x150.jpg\" alt=\"\" \/><\/figure><\/a><\/div><div class=\"swiper-slide\"><a data-elementor-open-lightbox=\"yes\" data-elementor-lightbox-slideshow=\"2f84efc\" href=\"https:\/\/legacy.dia.edu.az\/wp-content\/uploads\/2025\/07\/DSC_8049-scaled.jpg\"><figure class=\"swiper-slide-inner\"><img class=\"swiper-slide-image\" src=\"https:\/\/legacy.dia.edu.az\/wp-content\/uploads\/2025\/07\/DSC_8049-150x150.jpg\" alt=\"\" \/><\/figure><\/a><\/div><div class=\"swiper-slide\"><a data-elementor-open-lightbox=\"yes\" data-elementor-lightbox-slideshow=\"2f84efc\" href=\"https:\/\/legacy.dia.edu.az\/wp-content\/uploads\/2025\/07\/DSC_8044-scaled.jpg\"><figure class=\"swiper-slide-inner\"><img class=\"swiper-slide-image\" src=\"https:\/\/legacy.dia.edu.az\/wp-content\/uploads\/2025\/07\/DSC_8044-150x150.jpg\" alt=\"\" \/><\/figure><\/a><\/div><div class=\"swiper-slide\"><a data-elementor-open-lightbox=\"yes\" data-elementor-lightbox-slideshow=\"2f84efc\" href=\"https:\/\/legacy.dia.edu.az\/wp-content\/uploads\/2025\/07\/DSC_8042-scaled.jpg\"><figure class=\"swiper-slide-inner\"><img class=\"swiper-slide-image\" src=\"https:\/\/legacy.dia.edu.az\/wp-content\/uploads\/2025\/07\/DSC_8042-150x150.jpg\" alt=\"\" \/><\/figure><\/a><\/div><div class=\"swiper-slide\"><a data-elementor-open-lightbox=\"yes\" data-elementor-lightbox-slideshow=\"2f84efc\" href=\"https:\/\/legacy.dia.edu.az\/wp-content\/uploads\/2025\/07\/DSC_8035-scaled.jpg\"><figure class=\"swiper-slide-inner\"><img class=\"swiper-slide-image\" src=\"https:\/\/legacy.dia.edu.az\/wp-content\/uploads\/2025\/07\/DSC_8035-150x150.jpg\" alt=\"\" \/><\/figure><\/a><\/div><div class=\"swiper-slide\"><a data-elementor-open-lightbox=\"yes\" data-elementor-lightbox-slideshow=\"2f84efc\" href=\"https:\/\/legacy.dia.edu.az\/wp-content\/uploads\/2025\/07\/DSC_8030-scaled.jpg\"><figure class=\"swiper-slide-inner\"><img class=\"swiper-slide-image\" src=\"https:\/\/legacy.dia.edu.az\/wp-content\/uploads\/2025\/07\/DSC_8030-150x150.jpg\" alt=\"\" \/><\/figure><\/a><\/div><div class=\"swiper-slide\"><a data-elementor-open-lightbox=\"yes\" data-elementor-lightbox-slideshow=\"2f84efc\" href=\"https:\/\/legacy.dia.edu.az\/wp-content\/uploads\/2025\/07\/DSC_8027-scaled.jpg\"><figure class=\"swiper-slide-inner\"><img class=\"swiper-slide-image\" src=\"https:\/\/legacy.dia.edu.az\/wp-content\/uploads\/2025\/07\/DSC_8027-150x150.jpg\" alt=\"\" \/><\/figure><\/a><\/div>\t\t\t<\/div>\n\t\t\t\t\t\t\t\t\t\t\t\t<div class=\"swiper-pagination\"><\/div>\n\t\t\t\t\t\t\t\t\t\t\t\t\t<div class=\"elementor-swiper-button elementor-swiper-button-prev\">\n\t\t\t\t\t\t<i class=\"eicon-chevron-left\" aria-hidden=\"true\"><\/i>\n\t\t\t\t\t\t<span class=\"elementor-screen-only\">Previous<\/span>\n\t\t\t\t\t<\/div>\n\t\t\t\t\t<div class=\"elementor-swiper-button elementor-swiper-button-next\">\n\t\t\t\t\t\t<i class=\"eicon-chevron-right\" aria-hidden=\"true\"><\/i>\n\t\t\t\t\t\t<span class=\"elementor-screen-only\">Next<\/span>\n\t\t\t\t\t<\/div>\n\t\t\t\t\t\t\t\t\t<\/div>\n\t\t\t\t<\/div>\n\t\t\t\t<\/div>\n\t\t\t\t\t\t<\/div>\n\t\t\t\t\t<\/div>\n\t\t<\/div>\n\t\t\t\t\t\t\t\t<\/div>\n\t\t\t\t\t<\/div>\n\t\t<\/section>\n\t\t\t\t\t\t<\/div>\n\t\t\t\t\t\t<\/div>\n\t\t\t\t\t<\/div>","protected":false},"excerpt":{"rendered":"<p>&nbsp; &nbsp; \u201cQ\u0259rbi Az\u0259rbaycana qay\u0131d\u0131\u015f tarixi v\u0259 beyn\u0259lxalq h\u00fcquqi kontekstd\u0259\u201d m\u00f6vzusunda elmi-praktik d\u0259yirmi masa ke\u00e7irilib Az\u0259rbaycan Respublikas\u0131n\u0131n Prezidenti yan\u0131nda D\u00f6vl\u0259t \u0130dar\u0259\u00e7ilik Akademiyas\u0131nda (D\u0130A) yeni t\u0259sis edilmi\u015f \u201cQ\u0259rbi Az\u0259rbaycan Ara\u015fd\u0131rmalar\u0131\u201d M\u0259rk\u0259zinin t\u0259\u015fkilat\u00e7\u0131l\u0131\u011f\u0131 il\u0259 2025-ci il iyulun 9-da \u201cQ\u0259rbi Az\u0259rbaycana qay\u0131d\u0131\u015f tarixi v\u0259 beyn\u0259lxalq h\u00fcquqi kontekstd\u0259\u201d m\u00f6vzusunda elmi-praktik d\u0259yirmi masa ke\u00e7irilmi\u015fdir. T\u0259dbiri giri\u015f s\u00f6z\u00fc il\u0259 a\u00e7an D\u0130A-n\u0131n [&hellip;]<\/p>","protected":false},"author":2,"featured_media":27118,"comment_status":"closed","ping_status":"open","sticky":false,"template":"","format":"standard","meta":[],"categories":[137],"tags":[],"_links":{"self":[{"href":"https:\/\/legacy.dia.edu.az\/en\/wp-json\/wp\/v2\/posts\/27117"}],"collection":[{"href":"https:\/\/legacy.dia.edu.az\/en\/wp-json\/wp\/v2\/posts"}],"about":[{"href":"https:\/\/legacy.dia.edu.az\/en\/wp-json\/wp\/v2\/types\/post"}],"author":[{"embeddable":true,"href":"https:\/\/legacy.dia.edu.az\/en\/wp-json\/wp\/v2\/users\/2"}],"replies":[{"embeddable":true,"href":"https:\/\/legacy.dia.edu.az\/en\/wp-json\/wp\/v2\/comments?post=27117"}],"version-history":[{"count":4,"href":"https:\/\/legacy.dia.edu.az\/en\/wp-json\/wp\/v2\/posts\/27117\/revisions"}],"predecessor-version":[{"id":27134,"href":"https:\/\/legacy.dia.edu.az\/en\/wp-json\/wp\/v2\/posts\/27117\/revisions\/27134"}],"wp:featuredmedia":[{"embeddable":true,"href":"https:\/\/legacy.dia.edu.az\/en\/wp-json\/wp\/v2\/media\/27118"}],"wp:attachment":[{"href":"https:\/\/legacy.dia.edu.az\/en\/wp-json\/wp\/v2\/media?parent=27117"}],"wp:term":[{"taxonomy":"category","embeddable":true,"href":"https:\/\/legacy.dia.edu.az\/en\/wp-json\/wp\/v2\/categories?post=27117"},{"taxonomy":"post_tag","embeddable":true,"href":"https:\/\/legacy.dia.edu.az\/en\/wp-json\/wp\/v2\/tags?post=27117"}],"curies":[{"name":"wp","href":"https:\/\/api.w.org\/{rel}","templated":true}]}}