{"id":26897,"date":"2025-06-30T16:01:44","date_gmt":"2025-06-30T12:01:44","guid":{"rendered":"https:\/\/dia.edu.az\/?p=26897"},"modified":"2025-09-09T16:23:24","modified_gmt":"2025-09-09T12:23:24","slug":"az%c9%99rbaycan-respublikasinin-prezidenti-yaninda-dovl%c9%99t-idar%c9%99cilik-akademiyasinda-m%c9%99rk%c9%99zi-icra-hakimiyy%c9%99ti-orqanlarinin-t%c9%99lim-m%c9%99rk%c9%99zl%c9%99rinin-%c9%99m%c9%99","status":"publish","type":"post","link":"https:\/\/legacy.dia.edu.az\/en\/arxivl\u0259r\/26897","title":{"rendered":"Az\u0259rbaycan Respublikas\u0131n\u0131n Prezidenti yan\u0131nda D\u00f6vl\u0259t \u0130dar\u0259\u00e7ilik Akademiyas\u0131nda m\u0259rk\u0259zi icra hakimiyy\u0259ti orqanlar\u0131n\u0131n t\u0259lim m\u0259rk\u0259zl\u0259rinin \u0259m\u0259kda\u015flar\u0131 \u00fc\u00e7\u00fcn t\u0259lim ba\u015f tutdu"},"content":{"rendered":"<div data-elementor-type=\"wp-post\" data-elementor-id=\"26897\" class=\"elementor elementor-26897\" data-elementor-settings=\"[]\">\n\t\t\t\t\t\t<div class=\"elementor-inner\">\n\t\t\t\t\t\t\t<div class=\"elementor-section-wrap\">\n\t\t\t\t\t\t\t<section class=\"elementor-section elementor-top-section elementor-element elementor-element-b1a1df5 elementor-section-boxed elementor-section-height-default elementor-section-height-default\" data-id=\"b1a1df5\" data-element_type=\"section\">\n\t\t\t\t\t\t<div class=\"elementor-container elementor-column-gap-default\">\n\t\t\t\t\t\t\t<div class=\"elementor-row\">\n\t\t\t\t\t<div class=\"elementor-column elementor-col-100 elementor-top-column elementor-element elementor-element-f49f835\" data-id=\"f49f835\" data-element_type=\"column\">\n\t\t\t<div class=\"elementor-column-wrap elementor-element-populated\">\n\t\t\t\t\t\t\t<div class=\"elementor-widget-wrap\">\n\t\t\t\t\t\t<div class=\"elementor-element elementor-element-8e262f3 elementor-widget elementor-widget-heading\" data-id=\"8e262f3\" data-element_type=\"widget\" data-widget_type=\"heading.default\">\n\t\t\t\t<div class=\"elementor-widget-container\">\n\t\t\t<h6 class=\"elementor-heading-title elementor-size-xxl\"><p class=\"MsoNormal\" align=\"center\" style=\"margin-bottom:0cm;text-align:center;text-indent:1.0cm;line-height:150%;tab-stops:21.3pt 42.55pt 9.0cm\"><span lang=\"AZ-LATIN\" style=\"font-size: 12pt; line-height: 150%; font-family: &quot;Times New Roman&quot;, serif;\"><b>Az\u0259rbaycan\nRespublikas\u0131n\u0131n Prezidenti yan\u0131nda D\u00f6vl\u0259t \u0130dar\u0259\u00e7ilik Akademiyas\u0131nda m\u0259rk\u0259zi\nicra hakimiyy\u0259ti orqanlar\u0131n\u0131n t\u0259lim m\u0259rk\u0259zl\u0259rinin \u0259m\u0259kda\u015flar\u0131 \u00fc\u00e7\u00fcn t\u0259lim ba\u015f\ntutdu<o:p><\/o:p><\/b><\/span><\/p>\n\n<\/h6>\t\t<\/div>\n\t\t\t\t<\/div>\n\t\t\t\t\t\t<\/div>\n\t\t\t\t\t<\/div>\n\t\t<\/div>\n\t\t\t\t\t\t\t\t<\/div>\n\t\t\t\t\t<\/div>\n\t\t<\/section>\n\t\t\t\t<section class=\"elementor-section elementor-top-section elementor-element elementor-element-3dfaa4d elementor-section-boxed elementor-section-height-default elementor-section-height-default\" data-id=\"3dfaa4d\" data-element_type=\"section\">\n\t\t\t\t\t\t<div class=\"elementor-container elementor-column-gap-default\">\n\t\t\t\t\t\t\t<div class=\"elementor-row\">\n\t\t\t\t\t<div class=\"elementor-column elementor-col-100 elementor-top-column elementor-element elementor-element-0247360\" data-id=\"0247360\" data-element_type=\"column\">\n\t\t\t<div class=\"elementor-column-wrap elementor-element-populated\">\n\t\t\t\t\t\t\t<div class=\"elementor-widget-wrap\">\n\t\t\t\t\t\t<div class=\"elementor-element elementor-element-fbe3fb8 elementor-widget elementor-widget-heading\" data-id=\"fbe3fb8\" data-element_type=\"widget\" data-widget_type=\"heading.default\">\n\t\t\t\t<div class=\"elementor-widget-container\">\n\t\t\t<h2 class=\"elementor-heading-title elementor-size-xl\"><p class=\"MsoNormal\" style=\"margin-bottom:0cm;text-align:justify;text-indent:1.0cm\"><span lang=\"AZ-LATIN\" style=\"font-size:12.0pt;line-height:115%;font-family:&quot;Times New Roman&quot;,serif;mso-ansi-language:AZ-LATIN\">Az\u0259rbaycan Respublikas\u0131n\u0131n\nPrezidenti yan\u0131nda D\u00f6vl\u0259t \u0130dar\u0259\u00e7ilik Akademiyas\u0131nda m\u0259rk\u0259zi icra hakimiyy\u0259ti\norqanlar\u0131n\u0131n t\u0259lim m\u0259rk\u0259zl\u0259rinin \u0259m\u0259kda\u015flar\u0131 \u00fc\u00e7\u00fcn n\u00f6vb\u0259ti t\u0259lim ke\u00e7irilib. <\/span><span lang=\"RU\" style=\"font-size:12.0pt;line-height:115%;font-family:&quot;Times New Roman&quot;,serif\">T\u0259dbir\nAz\u0259rbaycan Respublikas\u0131n\u0131n Prezidenti c\u0259nab \u0130lham \u018fliyevin t\u0259sdiq etdiyi \u201cAz\u0259rbaycan\nRespublikas\u0131nda d\u00f6vl\u0259t qullu\u011funun inki\u015faf\u0131na dair 2019\u20132025-ci ill\u0259r \u00fc\u00e7\u00fcn\nStrategiya\u201dn\u0131n 2023\u20132025-ci ill\u0259rd\u0259 icras\u0131 \u00fczr\u0259 F\u0259aliyy\u0259t Plan\u0131 v\u0259 13 fevral\n2020-ci il tarixli, 1816 n\u00f6mr\u0259li S\u0259r\u0259ncamla t\u0259sdiql\u0259nmi\u015f \u201cM\u0259\u015f\u011fulluq\nStrategiyas\u0131n\u0131n h\u0259yata ke\u00e7irilm\u0259sin\u0259 dair 2020\u20132025-ci ill\u0259r \u00fc\u00e7\u00fcn T\u0259dbirl\u0259r\nPlan\u0131\u201dn\u0131n 2.8-ci b\u0259ndin\u0259 uy\u011fun olaraq t\u0259\u015fkil olunub.<o:p><\/o:p><\/span><\/p>\n\n<p class=\"MsoNormal\" style=\"margin-bottom:0cm;text-align:justify;text-indent:36.0pt\"><span lang=\"AZ-LATIN\" style=\"font-size:12.0pt;line-height:115%;font-family:&quot;Times New Roman&quot;,serif;mso-fareast-font-family:&quot;Times New Roman&quot;;mso-ansi-language:AZ-LATIN\">T\u0259limd\u0259 Daxili \u0130\u015fl\u0259r Nazirliyinin, Ba\u015f\nProkurorlu\u011fun, D\u00f6vl\u0259t Miqrasiya Xidm\u0259tinin v\u0259 ASAN Xidm\u0259tin t\u0259lim m\u0259rk\u0259zl\u0259rinin\nn\u00fcmay\u0259nd\u0259l\u0259ri i\u015ftirak edibl\u0259r.<o:p><\/o:p><\/span><\/p>\n\n<p class=\"MsoNormal\" style=\"margin-bottom:0cm;text-align:justify;text-indent:36.0pt\"><span lang=\"AZ-LATIN\" style=\"font-size:12.0pt;line-height:115%;font-family:&quot;Times New Roman&quot;,serif;mso-fareast-font-family:&quot;Times New Roman&quot;;mso-ansi-language:AZ-LATIN\">T\u0259dbird\u0259 D\u00f6vl\u0259t \u0130dar\u0259\u00e7ilik Akademiyas\u0131n\u0131n rektoru,\nakademik Urxan \u018fl\u0259kb\u0259rov \u201cPrezident \u0130lham \u018fliyevin innovativ d\u00f6vl\u0259t idar\u0259\u00e7ilik\nsiyas\u0259ti: Suverenliy\u0259 aparan yol\u201d m\u00f6vzusunda m\u00fchazir\u0259 il\u0259 \u00e7\u0131x\u0131\u015f edib. M\u00fchazir\u0259d\u0259\nPrezident \u0130lham \u018fliyevin r\u0259hb\u0259rliyi il\u0259 d\u00f6vl\u0259t idar\u0259\u00e7iliyind\u0259 t\u0259tbiq olunan\ninnovativ islahatlar, \u015f\u0259ffafl\u0131q, s\u0259m\u0259r\u0259lilik v\u0259 v\u0259t\u0259nda\u015f m\u0259mnunlu\u011funa \u0259saslanan\nyana\u015fmalar \u0259trafl\u0131 t\u0259qdim olunub. Qeyd edilib ki, h\u0259yata ke\u00e7iril\u0259n islahatlar\n\u00f6lk\u0259nin m\u00fcst\u0259qilliyinin qorunmas\u0131 v\u0259 suverenliyinin g\u00fccl\u0259ndirilm\u0259sin\u0259 xidm\u0259t\nedir, idar\u0259etm\u0259 sisteminin t\u0259kmill\u0259\u015fdirilm\u0259sin\u0259 v\u0259 Az\u0259rbaycan\u0131n beyn\u0259lxalq\nn\u00fcfuzunun artmas\u0131na z\u0259min yarad\u0131r.<o:p><\/o:p><\/span><\/p>\n\n<p class=\"MsoNormal\" style=\"margin-bottom:0cm;text-align:justify;text-indent:36.0pt\"><span lang=\"AZ-LATIN\" style=\"font-size:12.0pt;line-height:115%;font-family:&quot;Times New Roman&quot;,serif;mso-fareast-font-family:&quot;Times New Roman&quot;;mso-ansi-language:AZ-LATIN\">Akademik U.\u018fl\u0259kb\u0259rov vur\u011fulay\u0131b ki, bu g\u00fcn\n\u00fcmummilli lider Heyd\u0259r \u018fliyev t\u0259r\u0259find\u0259n t\u0259m\u0259li qoyulmu\u015f d\u00f6vl\u0259t\u00e7ilik v\u0259\nidar\u0259\u00e7ilik kursu Prezident \u0130lham \u018fliyev t\u0259r\u0259find\u0259n u\u011furla davam etdirilir v\u0259\nyeni m\u0259rh\u0259l\u0259y\u0259 y\u00fcks\u0259ldilir. H\u0259m\u00e7inin qeyd olunub ki, innovativ idar\u0259etm\u0259\ntexnologiyalar\u0131n\u0131n t\u0259tbiqi n\u0259tic\u0259sind\u0259 \u00f6lk\u0259 bir s\u0131ra strateji nailiyy\u0259tl\u0259r \u0259ld\u0259\nedib.<o:p><\/o:p><\/span><\/p>\n\n<p class=\"MsoNormal\" style=\"margin-bottom:0cm;text-align:justify\"><span lang=\"AZ-LATIN\" style=\"font-size:12.0pt;line-height:115%;font-family:&quot;Times New Roman&quot;,serif;mso-fareast-font-family:&quot;Times New Roman&quot;;mso-ansi-language:AZ-LATIN\">T\u0259dbir\n\u00e7\u0259r\u00e7iv\u0259sind\u0259 vitse-prezidentlik institutunun yarad\u0131lmas\u0131 v\u0259 Mehriban \u018fliyevan\u0131n\nbu v\u0259zif\u0259y\u0259 t\u0259yin olunmas\u0131n\u0131n \u00f6n\u0259mi qeyd olunub. Rektor qeyd edib ki, Mehriban\n\u018fliyeva vitse-prezident kimi humanitar, sosial v\u0259 m\u0259d\u0259ni sah\u0259l\u0259rd\u0259 geni\u015f\nf\u0259aliyy\u0259t g\u00f6st\u0259rir, d\u00f6vl\u0259t siyas\u0259tinin h\u0259yata ke\u00e7irilm\u0259sind\u0259 m\u00fch\u00fcm rol oynamaqdad\u0131r.\nOnun t\u0259\u015f\u0259bb\u00fcsl\u0259ri t\u0259hsil, s\u0259hiyy\u0259, m\u0259d\u0259niyy\u0259t v\u0259 beyn\u0259lxalq humanitar\n\u0259laq\u0259l\u0259rin inki\u015faf\u0131na m\u00fch\u00fcm t\u00f6hf\u0259 vermi\u015f, d\u00f6vl\u0259t idar\u0259\u00e7iliyind\u0259 \u00e7eviklik v\u0259\ns\u0259m\u0259r\u0259liliyin art\u0131r\u0131lmas\u0131na \u015f\u0259rait yaratm\u0131\u015fd\u0131r.<o:p><\/o:p><\/span><\/p>\n\n<p class=\"MsoNormal\" style=\"margin-bottom:0cm;text-align:justify;text-indent:36.0pt\"><span lang=\"AZ-LATIN\" style=\"font-size:12.0pt;line-height:115%;font-family:&quot;Times New Roman&quot;,serif;mso-fareast-font-family:&quot;Times New Roman&quot;;mso-ansi-language:AZ-LATIN\">T\u0259lim zaman\u0131 rektor, h\u0259m\u00e7inin Heyd\u0259r \u018fliyev\nFondunun vitse-prezidenti, IDEA \u0130ctimai Birliyinin t\u0259sis\u00e7isi v\u0259 r\u0259hb\u0259ri Leyla\n\u018fliyevan\u0131n ekoloji sivilizasiyaya ke\u00e7id, inkl\u00fcziv c\u0259miyy\u0259tin qurulmas\u0131 v\u0259\ndavaml\u0131 inki\u015faf\u0131n t\u0259\u015fviqi sah\u0259sind\u0259 h\u0259yata ke\u00e7irdiyi layih\u0259l\u0259r bar\u0259d\u0259 qeydl\u0259r\napar\u0131b. Bildirilib ki, Leyla \u018fliyevan\u0131n t\u0259\u015f\u0259bb\u00fcsl\u0259ri ekoloji dayan\u0131ql\u0131l\u0131q,\nya\u015f\u0131l iqtisadiyyat v\u0259 insan h\u00fcquqlar\u0131 prinsipl\u0259rinin v\u0259hd\u0259tini t\u0259min etm\u0259kl\u0259\nc\u0259miyy\u0259tin davaml\u0131 inki\u015faf\u0131na t\u00f6hf\u0259 verir.<o:p><\/o:p><\/span><\/p>\n\n<p class=\"MsoNormal\" style=\"margin-bottom:0cm;text-align:justify;text-indent:36.0pt\"><span lang=\"AZ-LATIN\" style=\"font-size:12.0pt;line-height:115%;font-family:&quot;Times New Roman&quot;,serif;mso-fareast-font-family:&quot;Times New Roman&quot;;mso-ansi-language:AZ-LATIN\">Sonda vur\u011fulan\u0131b ki, bu kimi t\u0259\u015f\u0259bb\u00fcsl\u0259r \u00f6lk\u0259nin\niqtisadi v\u0259 sosial dayan\u0131ql\u0131\u011f\u0131n\u0131 art\u0131rmaqla yana\u015f\u0131, milli m\u00fcst\u0259qillik v\u0259\nsuverenliyin qorunmas\u0131na da xidm\u0259t edir. Prezident \u0130lham \u018fliyevin r\u0259hb\u0259rliyi\nil\u0259 h\u0259yata ke\u00e7iril\u0259n d\u00f6vl\u0259t siyas\u0259ti Az\u0259rbaycan\u0131n g\u0259l\u0259c\u0259k inki\u015faf\nstrategiyas\u0131n\u0131n \u0259sas daya\u011f\u0131n\u0131 t\u0259\u015fkil edir.<o:p><\/o:p><\/span><\/p>\n\n<p class=\"MsoNormal\" style=\"margin-bottom:0cm;text-align:justify\"><span lang=\"AZ-LATIN\" style=\"font-size: 12pt; line-height: 115%; font-family: &quot;Times New Roman&quot;, serif;\">&nbsp;&nbsp;&nbsp;&nbsp;&nbsp;&nbsp;&nbsp;&nbsp;&nbsp;&nbsp;&nbsp; T\u0259lim\ndiskussiya format\u0131nda davam edib v\u0259 u\u011furla ba\u015fa \u00e7at\u0131b.<\/span><span lang=\"AZ-LATIN\" style=\"font-size:12.0pt;line-height:115%;font-family:&quot;Times New Roman&quot;,serif;mso-fareast-font-family:&quot;Times New Roman&quot;;mso-ansi-language:AZ-LATIN\"><o:p><\/o:p><\/span><\/p><\/h2>\t\t<\/div>\n\t\t\t\t<\/div>\n\t\t\t\t<div class=\"elementor-element elementor-element-2984746 elementor-arrows-position-inside elementor-pagination-position-outside elementor-widget elementor-widget-image-carousel\" data-id=\"2984746\" data-element_type=\"widget\" data-settings=\"{&quot;navigation&quot;:&quot;both&quot;,&quot;autoplay&quot;:&quot;yes&quot;,&quot;pause_on_hover&quot;:&quot;yes&quot;,&quot;pause_on_interaction&quot;:&quot;yes&quot;,&quot;autoplay_speed&quot;:5000,&quot;infinite&quot;:&quot;yes&quot;,&quot;speed&quot;:500}\" data-widget_type=\"image-carousel.default\">\n\t\t\t\t<div class=\"elementor-widget-container\">\n\t\t\t\t\t<div class=\"elementor-image-carousel-wrapper swiper-container\" dir=\"ltr\">\n\t\t\t<div class=\"elementor-image-carousel swiper-wrapper\">\n\t\t\t\t<div class=\"swiper-slide\"><a data-elementor-open-lightbox=\"yes\" data-elementor-lightbox-slideshow=\"2984746\" href=\"https:\/\/legacy.dia.edu.az\/wp-content\/uploads\/2025\/06\/5-1.png\"><figure class=\"swiper-slide-inner\"><img class=\"swiper-slide-image\" src=\"https:\/\/legacy.dia.edu.az\/wp-content\/uploads\/2025\/06\/5-1-150x150.png\" alt=\"\" \/><\/figure><\/a><\/div><div class=\"swiper-slide\"><a data-elementor-open-lightbox=\"yes\" data-elementor-lightbox-slideshow=\"2984746\" href=\"https:\/\/legacy.dia.edu.az\/wp-content\/uploads\/2025\/06\/4-1.png\"><figure class=\"swiper-slide-inner\"><img class=\"swiper-slide-image\" src=\"https:\/\/legacy.dia.edu.az\/wp-content\/uploads\/2025\/06\/4-1-150x150.png\" alt=\"\" \/><\/figure><\/a><\/div><div class=\"swiper-slide\"><a data-elementor-open-lightbox=\"yes\" data-elementor-lightbox-slideshow=\"2984746\" href=\"https:\/\/legacy.dia.edu.az\/wp-content\/uploads\/2025\/06\/3-1.png\"><figure class=\"swiper-slide-inner\"><img class=\"swiper-slide-image\" src=\"https:\/\/legacy.dia.edu.az\/wp-content\/uploads\/2025\/06\/3-1-150x150.png\" alt=\"\" \/><\/figure><\/a><\/div><div class=\"swiper-slide\"><a data-elementor-open-lightbox=\"yes\" data-elementor-lightbox-slideshow=\"2984746\" href=\"https:\/\/legacy.dia.edu.az\/wp-content\/uploads\/2025\/06\/1.png\"><figure class=\"swiper-slide-inner\"><img class=\"swiper-slide-image\" src=\"https:\/\/legacy.dia.edu.az\/wp-content\/uploads\/2025\/06\/1-150x150.png\" alt=\"\" \/><\/figure><\/a><\/div><div class=\"swiper-slide\"><a data-elementor-open-lightbox=\"yes\" data-elementor-lightbox-slideshow=\"2984746\" href=\"https:\/\/legacy.dia.edu.az\/wp-content\/uploads\/2025\/06\/2-1.png\"><figure class=\"swiper-slide-inner\"><img class=\"swiper-slide-image\" src=\"https:\/\/legacy.dia.edu.az\/wp-content\/uploads\/2025\/06\/2-1-150x150.png\" alt=\"\" \/><\/figure><\/a><\/div>\t\t\t<\/div>\n\t\t\t\t\t\t\t\t\t\t\t\t<div class=\"swiper-pagination\"><\/div>\n\t\t\t\t\t\t\t\t\t\t\t\t\t<div class=\"elementor-swiper-button elementor-swiper-button-prev\">\n\t\t\t\t\t\t<i class=\"eicon-chevron-left\" aria-hidden=\"true\"><\/i>\n\t\t\t\t\t\t<span class=\"elementor-screen-only\">Previous<\/span>\n\t\t\t\t\t<\/div>\n\t\t\t\t\t<div class=\"elementor-swiper-button elementor-swiper-button-next\">\n\t\t\t\t\t\t<i class=\"eicon-chevron-right\" aria-hidden=\"true\"><\/i>\n\t\t\t\t\t\t<span class=\"elementor-screen-only\">Next<\/span>\n\t\t\t\t\t<\/div>\n\t\t\t\t\t\t\t\t\t<\/div>\n\t\t\t\t<\/div>\n\t\t\t\t<\/div>\n\t\t\t\t\t\t<\/div>\n\t\t\t\t\t<\/div>\n\t\t<\/div>\n\t\t\t\t\t\t\t\t<\/div>\n\t\t\t\t\t<\/div>\n\t\t<\/section>\n\t\t\t\t\t\t<\/div>\n\t\t\t\t\t\t<\/div>\n\t\t\t\t\t<\/div>","protected":false},"excerpt":{"rendered":"<p>Az\u0259rbaycan Respublikas\u0131n\u0131n Prezidenti yan\u0131nda D\u00f6vl\u0259t \u0130dar\u0259\u00e7ilik Akademiyas\u0131nda m\u0259rk\u0259zi icra hakimiyy\u0259ti orqanlar\u0131n\u0131n t\u0259lim m\u0259rk\u0259zl\u0259rinin \u0259m\u0259kda\u015flar\u0131 \u00fc\u00e7\u00fcn t\u0259lim ba\u015f tutdu Az\u0259rbaycan Respublikas\u0131n\u0131n Prezidenti yan\u0131nda D\u00f6vl\u0259t \u0130dar\u0259\u00e7ilik Akademiyas\u0131nda m\u0259rk\u0259zi icra hakimiyy\u0259ti orqanlar\u0131n\u0131n t\u0259lim m\u0259rk\u0259zl\u0259rinin \u0259m\u0259kda\u015flar\u0131 \u00fc\u00e7\u00fcn n\u00f6vb\u0259ti t\u0259lim ke\u00e7irilib. T\u0259dbir Az\u0259rbaycan Respublikas\u0131n\u0131n Prezidenti c\u0259nab \u0130lham \u018fliyevin t\u0259sdiq etdiyi \u201cAz\u0259rbaycan Respublikas\u0131nda d\u00f6vl\u0259t qullu\u011funun inki\u015faf\u0131na dair 2019\u20132025-ci ill\u0259r \u00fc\u00e7\u00fcn Strategiya\u201dn\u0131n [&hellip;]<\/p>","protected":false},"author":2,"featured_media":26903,"comment_status":"closed","ping_status":"open","sticky":false,"template":"","format":"standard","meta":[],"categories":[137],"tags":[],"_links":{"self":[{"href":"https:\/\/legacy.dia.edu.az\/en\/wp-json\/wp\/v2\/posts\/26897"}],"collection":[{"href":"https:\/\/legacy.dia.edu.az\/en\/wp-json\/wp\/v2\/posts"}],"about":[{"href":"https:\/\/legacy.dia.edu.az\/en\/wp-json\/wp\/v2\/types\/post"}],"author":[{"embeddable":true,"href":"https:\/\/legacy.dia.edu.az\/en\/wp-json\/wp\/v2\/users\/2"}],"replies":[{"embeddable":true,"href":"https:\/\/legacy.dia.edu.az\/en\/wp-json\/wp\/v2\/comments?post=26897"}],"version-history":[{"count":75,"href":"https:\/\/legacy.dia.edu.az\/en\/wp-json\/wp\/v2\/posts\/26897\/revisions"}],"predecessor-version":[{"id":27095,"href":"https:\/\/legacy.dia.edu.az\/en\/wp-json\/wp\/v2\/posts\/26897\/revisions\/27095"}],"wp:featuredmedia":[{"embeddable":true,"href":"https:\/\/legacy.dia.edu.az\/en\/wp-json\/wp\/v2\/media\/26903"}],"wp:attachment":[{"href":"https:\/\/legacy.dia.edu.az\/en\/wp-json\/wp\/v2\/media?parent=26897"}],"wp:term":[{"taxonomy":"category","embeddable":true,"href":"https:\/\/legacy.dia.edu.az\/en\/wp-json\/wp\/v2\/categories?post=26897"},{"taxonomy":"post_tag","embeddable":true,"href":"https:\/\/legacy.dia.edu.az\/en\/wp-json\/wp\/v2\/tags?post=26897"}],"curies":[{"name":"wp","href":"https:\/\/api.w.org\/{rel}","templated":true}]}}