{"id":26697,"date":"2025-06-19T12:33:28","date_gmt":"2025-06-19T08:33:28","guid":{"rendered":"https:\/\/dia.edu.az\/?p=26697"},"modified":"2025-09-09T16:23:24","modified_gmt":"2025-09-09T12:23:24","slug":"dia-%c9%99m%c9%99kdasi-beyn%c9%99lxalq-r%c9%99q%c9%99msal-sammitd%c9%99-istirak-edib","status":"publish","type":"post","link":"https:\/\/legacy.dia.edu.az\/en\/arxivl\u0259r\/26697","title":{"rendered":"D\u0130A \u0259m\u0259kda\u015f\u0131 beyn\u0259lxalq r\u0259q\u0259msal sammitd\u0259 i\u015ftirak edib"},"content":{"rendered":"<div data-elementor-type=\"wp-post\" data-elementor-id=\"26697\" class=\"elementor elementor-26697\" data-elementor-settings=\"[]\">\n\t\t\t\t\t\t<div class=\"elementor-inner\">\n\t\t\t\t\t\t\t<div class=\"elementor-section-wrap\">\n\t\t\t\t\t\t\t<section class=\"elementor-section elementor-top-section elementor-element elementor-element-c2582d1 elementor-section-boxed elementor-section-height-default elementor-section-height-default\" data-id=\"c2582d1\" data-element_type=\"section\">\n\t\t\t\t\t\t<div class=\"elementor-container elementor-column-gap-default\">\n\t\t\t\t\t\t\t<div class=\"elementor-row\">\n\t\t\t\t\t<div class=\"elementor-column elementor-col-100 elementor-top-column elementor-element elementor-element-cbceb53\" data-id=\"cbceb53\" data-element_type=\"column\">\n\t\t\t<div class=\"elementor-column-wrap elementor-element-populated\">\n\t\t\t\t\t\t\t<div class=\"elementor-widget-wrap\">\n\t\t\t\t\t\t<div class=\"elementor-element elementor-element-2c1d96e elementor-position-top elementor-vertical-align-top elementor-widget elementor-widget-image-box\" data-id=\"2c1d96e\" data-element_type=\"widget\" data-widget_type=\"image-box.default\">\n\t\t\t\t<div class=\"elementor-widget-container\">\n\t\t\t<div class=\"elementor-image-box-wrapper\"><figure class=\"elementor-image-box-img\"><a href=\"https:\/\/dia.edu.az\/wp-content\/uploads\/2025\/06\/sammit1.jpeg\"><img width=\"1600\" height=\"1564\" src=\"https:\/\/legacy.dia.edu.az\/wp-content\/uploads\/2025\/06\/sammit1.jpeg\" class=\"attachment-full size-full\" alt=\"\" srcset=\"https:\/\/legacy.dia.edu.az\/wp-content\/uploads\/2025\/06\/sammit1.jpeg 1600w, https:\/\/legacy.dia.edu.az\/wp-content\/uploads\/2025\/06\/sammit1-200x196.jpeg 200w, https:\/\/legacy.dia.edu.az\/wp-content\/uploads\/2025\/06\/sammit1-450x440.jpeg 450w, https:\/\/legacy.dia.edu.az\/wp-content\/uploads\/2025\/06\/sammit1-1536x1501.jpeg 1536w, https:\/\/legacy.dia.edu.az\/wp-content\/uploads\/2025\/06\/sammit1-12x12.jpeg 12w, https:\/\/legacy.dia.edu.az\/wp-content\/uploads\/2025\/06\/sammit1-200x196@2x.jpeg 400w, https:\/\/legacy.dia.edu.az\/wp-content\/uploads\/2025\/06\/sammit1-450x440@2x.jpeg 900w\" sizes=\"(max-width: 1600px) 100vw, 1600px\" \/><\/a><\/figure><div class=\"elementor-image-box-content\"><h3 class=\"elementor-image-box-title\"><a href=\"https:\/\/dia.edu.az\/wp-content\/uploads\/2025\/06\/sammit1.jpeg\">D\u0130A \u0259m\u0259kda\u015f\u0131 beyn\u0259lxalq r\u0259q\u0259msal sammitd\u0259 i\u015ftirak edib<\/a><\/h3><p class=\"elementor-image-box-description\">Az\u0259rbaycan Respublikas\u0131n\u0131n Prezidenti yan\u0131nda D\u00f6vl\u0259t \u0130dar\u0259\u00e7ilik Akademiyas\u0131n\u0131n (D\u0130A) Dill\u0259r kafedras\u0131n\u0131n ba\u015f m\u00fc\u0259llimi, fil.f.d. Azad\u0259 Mikay\u0131lova 5-7 \u0130yun 2025-ci \u0456l tarixl\u0259rind\u0259  Moldova Respublikas\u0131n\u0131n Ki\u015finyov \u015f\u0259h\u0259rind\u0259 Moldova Respublikas\u0131n\u0131n \u0130qtisadi \u0130nki\u015faf v\u0259 R\u0259q\u0259msalla\u015fma Nazirliyi v\u0259 Almaniya Beyn\u0259lxalq \u018fm\u0259kda\u015fl\u0131q C\u0259miyy\u0259ti (GIZ) t\u0259r\u0259find\u0259n t\u0259\u015fkil olunmu\u015f \u201cMoldova R\u0259q\u0259msal Sammit 2025\u201d (MDS25) t\u0259dbirind\u0259 i\u015ftirak edib.\n\n\"G\u0259l\u0259c\u0259yin r\u0259q\u0259msal iqtisadiyyat\u0131n\u0131 qurmaq\" m\u00f6vzusuna h\u0259sr olunmu\u015f t\u0259dbir \u00e7\u0259r\u00e7iv\u0259sind\u0259 Moldova Respublikas\u0131n\u0131n d\u00f6vl\u0259t r\u0259smil\u0259ri, texnologiya liderl\u0259ri, investorlar v\u0259 innovatorlar\u0131n i\u015ftirak\u0131 il\u0259 r\u0259q\u0259msal transformasiya sah\u0259sind\u0259 geni\u015f m\u00fczakir\u0259l\u0259r apar\u0131lm\u0131\u015fd\u0131r. 100-d\u0259n \u00e7ox natiqin, 150-d\u0259n \u00e7ox \u015firk\u0259tin v\u0259 3500-d\u0259n \u00e7ox i\u015ftirak\u00e7\u0131n\u0131n qat\u0131ld\u0131\u011f\u0131 beyn\u0259lxalq sammitd\u0259 \u201cV\u0259t\u0259nda\u015flara xidm\u0259tl\u0259rin r\u0259q\u0259msalla\u015fd\u0131r\u0131lmas\u0131, a\u00e7\u0131q m\u0259lumat v\u0259 \u015f\u0259ffafl\u0131q t\u0259\u015f\u0259bb\u00fcsl\u0259ri\u201d, \u201cG\u0259l\u0259c\u0259y\u0259 uy\u011fun i\u015f\u00e7i q\u00fcvv\u0259sinin haz\u0131rlanmas\u0131, \u00f6m\u00fcr boyu \u00f6yr\u0259nm\u0259 m\u0259d\u0259niyy\u0259tinin t\u0259\u015fviqi\u201d, \u201cK\u0259nd v\u0259 \u015f\u0259h\u0259r aras\u0131nda r\u0259q\u0259msal b\u0259rab\u0259rliyin t\u0259min edilm\u0259si, kibert\u0259hl\u00fck\u0259sizlik v\u0259 m\u0259lumat idar\u0259\u00e7iliyi\u201d v\u0259 \u201cS\u00fcni intellekt \u0259srind\u0259 t\u0259hsil, kibert\u0259hsil, t\u0259l\u0259b\u0259l\u0259r \u00fc\u00e7\u00fcn qlobal imkanlar\u201d kimi m\u00fcxt\u0259lif istiqam\u0259tl\u0259ri \u0259hat\u0259 ed\u0259n panel m\u00fczakir\u0259l\u0259r, interaktiv seminarlar v\u0259 praktik m\u0259\u015f\u011f\u0259l\u0259l\u0259r t\u0259\u015fkil olunmu\u015fdur.\n\nBundan \u0259lav\u0259, sammitd\u0259 d\u0259rs planlamas\u0131 v\u0259 t\u0259l\u0259b\u0259y\u00f6n\u00fcml\u00fc interaktiv t\u0259qdimatlar \u00fc\u00e7\u00fcn n\u0259z\u0259rd\u0259 tutulan s\u00fcni intellekt\u0259 \u0259saslanan innovativ al\u0259tl\u0259r v\u0259 yeni t\u0259tbiql\u0259r n\u00fcmayi\u015f etdirilmi\u015fdir.\n<\/p><\/div><\/div>\t\t<\/div>\n\t\t\t\t<\/div>\n\t\t\t\t\t\t<\/div>\n\t\t\t\t\t<\/div>\n\t\t<\/div>\n\t\t\t\t\t\t\t\t<\/div>\n\t\t\t\t\t<\/div>\n\t\t<\/section>\n\t\t\t\t\t\t<\/div>\n\t\t\t\t\t\t<\/div>\n\t\t\t\t\t<\/div>","protected":false},"excerpt":{"rendered":"<p>Az\u0259rbaycan Respublikas\u0131n\u0131n Prezidenti yan\u0131nda D\u00f6vl\u0259t \u0130dar\u0259\u00e7ilik Akademiyas\u0131n\u0131n (D\u0130A) Dill\u0259r kafedras\u0131n\u0131n ba\u015f m\u00fc\u0259llimi, fil.f.d. Azad\u0259 Mikay\u0131lova 5-7 \u0130yun 2025-ci \u0456l tarixl\u0259rind\u0259  Moldova Respublikas\u0131n\u0131n Ki\u015finyov \u015f\u0259h\u0259rind\u0259 <\/p>","protected":false},"author":2,"featured_media":26699,"comment_status":"closed","ping_status":"closed","sticky":false,"template":"","format":"standard","meta":[],"categories":[137],"tags":[],"_links":{"self":[{"href":"https:\/\/legacy.dia.edu.az\/en\/wp-json\/wp\/v2\/posts\/26697"}],"collection":[{"href":"https:\/\/legacy.dia.edu.az\/en\/wp-json\/wp\/v2\/posts"}],"about":[{"href":"https:\/\/legacy.dia.edu.az\/en\/wp-json\/wp\/v2\/types\/post"}],"author":[{"embeddable":true,"href":"https:\/\/legacy.dia.edu.az\/en\/wp-json\/wp\/v2\/users\/2"}],"replies":[{"embeddable":true,"href":"https:\/\/legacy.dia.edu.az\/en\/wp-json\/wp\/v2\/comments?post=26697"}],"version-history":[{"count":5,"href":"https:\/\/legacy.dia.edu.az\/en\/wp-json\/wp\/v2\/posts\/26697\/revisions"}],"predecessor-version":[{"id":26704,"href":"https:\/\/legacy.dia.edu.az\/en\/wp-json\/wp\/v2\/posts\/26697\/revisions\/26704"}],"wp:featuredmedia":[{"embeddable":true,"href":"https:\/\/legacy.dia.edu.az\/en\/wp-json\/wp\/v2\/media\/26699"}],"wp:attachment":[{"href":"https:\/\/legacy.dia.edu.az\/en\/wp-json\/wp\/v2\/media?parent=26697"}],"wp:term":[{"taxonomy":"category","embeddable":true,"href":"https:\/\/legacy.dia.edu.az\/en\/wp-json\/wp\/v2\/categories?post=26697"},{"taxonomy":"post_tag","embeddable":true,"href":"https:\/\/legacy.dia.edu.az\/en\/wp-json\/wp\/v2\/tags?post=26697"}],"curies":[{"name":"wp","href":"https:\/\/api.w.org\/{rel}","templated":true}]}}