{"id":26666,"date":"2025-06-14T20:28:20","date_gmt":"2025-06-14T16:28:20","guid":{"rendered":"https:\/\/dia.edu.az\/?p=26666"},"modified":"2025-09-09T16:23:24","modified_gmt":"2025-09-09T12:23:24","slug":"iyunun-13-d%c9%99-az%c9%99rbaycan-respublikasinin-prezidenti-yaninda-dovl%c9%99t-idar%c9%99cilik-akademiyasinda-15-iyun-milli-qurtulus-gunun%c9%99-h%c9%99sr-olunmus-elmi-praktik-konf","status":"publish","type":"post","link":"https:\/\/legacy.dia.edu.az\/en\/arxivl\u0259r\/26666","title":{"rendered":"\u0130yunun 13-d\u0259 Az\u0259rbaycan Respublikas\u0131n\u0131n Prezidenti yan\u0131nda D\u00f6vl\u0259t \u0130dar\u0259\u00e7ilik Akademiyas\u0131nda \u201c15 iyun Milli Qurtulu\u015f G\u00fcn\u00fc\u201dn\u0259 h\u0259sr olunmu\u015f elmi-praktik konfrans ke\u00e7irilib"},"content":{"rendered":"<div data-elementor-type=\"wp-post\" data-elementor-id=\"26666\" class=\"elementor elementor-26666\" data-elementor-settings=\"[]\">\n\t\t\t\t\t\t<div class=\"elementor-inner\">\n\t\t\t\t\t\t\t<div class=\"elementor-section-wrap\">\n\t\t\t\t\t\t\t<section class=\"elementor-section elementor-top-section elementor-element elementor-element-942ea27 elementor-section-boxed elementor-section-height-default elementor-section-height-default\" data-id=\"942ea27\" data-element_type=\"section\">\n\t\t\t\t\t\t<div class=\"elementor-container elementor-column-gap-default\">\n\t\t\t\t\t\t\t<div class=\"elementor-row\">\n\t\t\t\t\t<div class=\"elementor-column elementor-col-100 elementor-top-column elementor-element elementor-element-0a5a4ba\" data-id=\"0a5a4ba\" data-element_type=\"column\">\n\t\t\t<div class=\"elementor-column-wrap elementor-element-populated\">\n\t\t\t\t\t\t\t<div class=\"elementor-widget-wrap\">\n\t\t\t\t\t\t<div class=\"elementor-element elementor-element-d9c079c elementor-widget elementor-widget-text-editor\" data-id=\"d9c079c\" data-element_type=\"widget\" data-widget_type=\"text-editor.default\">\n\t\t\t\t<div class=\"elementor-widget-container\">\n\t\t\t\t\t\t\t\t<div class=\"elementor-text-editor elementor-clearfix\">\n\t\t\t\t\tD\u0130A-da \u201c15 iyun Milli Qurtulu\u015f G\u00fcn\u00fc\u201dn\u0259 h\u0259sr olunmu\u015f\u00a0 elmi-praktik konfrans ke\u00e7irilib<\/<\/div>\n\t\t\t\t\t\t<\/div>\n\t\t\t\t<\/div>\n\t\t\t\t\t\t<\/div>\n\t\t\t\t\t<\/div>\n\t\t<\/div>\n\t\t\t\t\t\t\t\t<\/div>\n\t\t\t\t\t<\/div>\n\t\t<\/section>\n\t\t\t\t<section class=\"elementor-section elementor-top-section elementor-element elementor-element-1de3feb elementor-section-boxed elementor-section-height-default elementor-section-height-default\" data-id=\"1de3feb\" data-element_type=\"section\">\n\t\t\t\t\t\t<div class=\"elementor-container elementor-column-gap-default\">\n\t\t\t\t\t\t\t<div class=\"elementor-row\">\n\t\t\t\t\t<div class=\"elementor-column elementor-col-100 elementor-top-column elementor-element elementor-element-a80657b\" data-id=\"a80657b\" data-element_type=\"column\">\n\t\t\t<div class=\"elementor-column-wrap elementor-element-populated\">\n\t\t\t\t\t\t\t<div class=\"elementor-widget-wrap\">\n\t\t\t\t\t\t<div class=\"elementor-element elementor-element-1760057 elementor-arrows-position-inside elementor-pagination-position-outside elementor-widget elementor-widget-image-carousel\" data-id=\"1760057\" data-element_type=\"widget\" data-settings=\"{&quot;navigation&quot;:&quot;both&quot;,&quot;autoplay&quot;:&quot;yes&quot;,&quot;pause_on_hover&quot;:&quot;yes&quot;,&quot;pause_on_interaction&quot;:&quot;yes&quot;,&quot;autoplay_speed&quot;:5000,&quot;infinite&quot;:&quot;yes&quot;,&quot;speed&quot;:500}\" data-widget_type=\"image-carousel.default\">\n\t\t\t\t<div class=\"elementor-widget-container\">\n\t\t\t\t\t<div class=\"elementor-image-carousel-wrapper swiper-container\" dir=\"ltr\">\n\t\t\t<div class=\"elementor-image-carousel swiper-wrapper\">\n\t\t\t\t<div class=\"swiper-slide\"><a data-elementor-open-lightbox=\"yes\" data-elementor-lightbox-slideshow=\"1760057\" data-elementor-lightbox-title=\"DSC_7636\" href=\"https:\/\/legacy.dia.edu.az\/wp-content\/uploads\/2025\/06\/DSC_7636-scaled.jpg\"><figure class=\"swiper-slide-inner\"><img class=\"swiper-slide-image\" src=\"https:\/\/legacy.dia.edu.az\/wp-content\/uploads\/2025\/06\/DSC_7636-150x150.jpg\" alt=\"DSC_7636\" \/><\/figure><\/a><\/div><div class=\"swiper-slide\"><a data-elementor-open-lightbox=\"yes\" data-elementor-lightbox-slideshow=\"1760057\" data-elementor-lightbox-title=\"DSC_7669\" href=\"https:\/\/legacy.dia.edu.az\/wp-content\/uploads\/2025\/06\/DSC_7669-scaled.jpg\"><figure class=\"swiper-slide-inner\"><img class=\"swiper-slide-image\" src=\"https:\/\/legacy.dia.edu.az\/wp-content\/uploads\/2025\/06\/DSC_7669-150x150.jpg\" alt=\"DSC_7669\" \/><\/figure><\/a><\/div><div class=\"swiper-slide\"><a data-elementor-open-lightbox=\"yes\" data-elementor-lightbox-slideshow=\"1760057\" data-elementor-lightbox-title=\"DSC_7678\" href=\"https:\/\/legacy.dia.edu.az\/wp-content\/uploads\/2025\/06\/DSC_7678-scaled.jpg\"><figure class=\"swiper-slide-inner\"><img class=\"swiper-slide-image\" src=\"https:\/\/legacy.dia.edu.az\/wp-content\/uploads\/2025\/06\/DSC_7678-150x150.jpg\" alt=\"DSC_7678\" \/><\/figure><\/a><\/div>\t\t\t<\/div>\n\t\t\t\t\t\t\t\t\t\t\t\t<div class=\"swiper-pagination\"><\/div>\n\t\t\t\t\t\t\t\t\t\t\t\t\t<div class=\"elementor-swiper-button elementor-swiper-button-prev\">\n\t\t\t\t\t\t<i class=\"eicon-chevron-left\" aria-hidden=\"true\"><\/i>\n\t\t\t\t\t\t<span class=\"elementor-screen-only\">Previous<\/span>\n\t\t\t\t\t<\/div>\n\t\t\t\t\t<div class=\"elementor-swiper-button elementor-swiper-button-next\">\n\t\t\t\t\t\t<i class=\"eicon-chevron-right\" aria-hidden=\"true\"><\/i>\n\t\t\t\t\t\t<span class=\"elementor-screen-only\">Next<\/span>\n\t\t\t\t\t<\/div>\n\t\t\t\t\t\t\t\t\t<\/div>\n\t\t\t\t<\/div>\n\t\t\t\t<\/div>\n\t\t\t\t\t\t<\/div>\n\t\t\t\t\t<\/div>\n\t\t<\/div>\n\t\t\t\t\t\t\t\t<\/div>\n\t\t\t\t\t<\/div>\n\t\t<\/section>\n\t\t\t\t<section class=\"elementor-section elementor-top-section elementor-element elementor-element-9e2584b elementor-section-boxed elementor-section-height-default elementor-section-height-default\" data-id=\"9e2584b\" data-element_type=\"section\">\n\t\t\t\t\t\t<div class=\"elementor-container elementor-column-gap-default\">\n\t\t\t\t\t\t\t<div class=\"elementor-row\">\n\t\t\t\t\t<div class=\"elementor-column elementor-col-100 elementor-top-column elementor-element elementor-element-0011f74\" data-id=\"0011f74\" data-element_type=\"column\">\n\t\t\t<div class=\"elementor-column-wrap elementor-element-populated\">\n\t\t\t\t\t\t\t<div class=\"elementor-widget-wrap\">\n\t\t\t\t\t\t<div class=\"elementor-element elementor-element-7e593f7 elementor-widget elementor-widget-text-editor\" data-id=\"7e593f7\" data-element_type=\"widget\" data-widget_type=\"text-editor.default\">\n\t\t\t\t<div class=\"elementor-widget-container\">\n\t\t\t\t\t\t\t\t<div class=\"elementor-text-editor elementor-clearfix\">\n\t\t\t\t\t<p>T\u0259dbirin giri\u015f hiss\u0259sind\u0259 D\u00f6vl\u0259t \u0130dar\u0259\u00e7ilik Akademiyas\u0131n\u0131n rektoru, akademik Urxan \u018fl\u0259kb\u0259rov, Az\u0259rbaycan d\u00f6vl\u0259t\u00e7iliyinin banisi, \u00fcmummilli lider Heyd\u0259r \u018fliyevin tariximizd\u0259ki \u0259v\u0259zsiz rolunu x\u00fcsusi vur\u011fulay\u0131b. O, 1993-c\u00fc ild\u0259 xalq\u0131n irad\u0259si il\u0259 yenid\u0259n siyasi hakimiyy\u0259t\u0259 qay\u0131dan Heyd\u0259r \u018fliyevin \u00f6lk\u0259ni par\u00e7alanma v\u0259 v\u0259t\u0259nda\u015f qar\u015f\u0131durmas\u0131ndan xilas etdiyini, bununla da 15 iyunun tariximiz\u0259 Milli Qurtulu\u015f G\u00fcn\u00fc kimi daxil oldu\u011funu xat\u0131rlad\u0131b. Rektor h\u0259m\u00e7inin qeyd edib ki, \u00dcmummilli liderin m\u00fc\u0259yy\u0259n etdiyi strateji siyasi kurs bu g\u00fcn Prezident \u0130lham \u018fliyev t\u0259r\u0259find\u0259n u\u011furla davam etdirilir v\u0259 n\u0259tic\u0259d\u0259 Az\u0259rbaycan davaml\u0131 v\u0259 dinamik inki\u015faf yolundad\u0131r.<\/p><p>Urxan \u018fl\u0259kb\u0259rov \u0259lav\u0259 edib ki, Heyd\u0259r \u018fliyevin \u0259sas\u0131n\u0131 qoydu\u011fu idar\u0259etm\u0259 texnologiyalar\u0131 bu g\u00fcn prezident \u0130lham \u018fliyev t\u0259r\u0259find\u0259n m\u00fcasir d\u00f6vr\u00fcn t\u0259l\u0259bl\u0259rin\u0259 uy\u011fun \u015f\u0259kild\u0259 t\u0259kmill\u0259\u015fdiril\u0259r\u0259k t\u0259tbiq edilir v\u0259 bu istiqam\u0259td\u0259 m\u00fch\u00fcm nailiyy\u0259tl\u0259r \u0259ld\u0259 olunub. O, h\u0259m\u00e7inin m\u00fcasir Az\u0259rbaycan\u0131n inki\u015faf\u0131nda Birinci vitse-prezident Mehriban \u018fliyevan\u0131n m\u00fch\u00fcm rolunu qeyd ed\u0259r\u0259k, onun f\u0259aliyy\u0259tinin \u00f6lk\u0259nin t\u0259r\u0259qqisin\u0259 m\u00fch\u00fcm t\u00f6hf\u0259l\u0259r verdiyini vur\u011fulay\u0131b.<br>Rektor bildirib ki, D\u00f6vl\u0259t \u0130dar\u0259\u00e7ilik Akademiyas\u0131nda Prezident \u0130lham \u018fliyevin h\u0259yata ke\u00e7irdiyi idar\u0259etm\u0259 texnologiyalar\u0131 v\u0259 idar\u0259\u00e7iliyin \u0259sas prinsipl\u0259ri bakalavr, magistratura v\u0259 ixtisasart\u0131rma pill\u0259l\u0259rind\u0259 t\u0259hsil alan t\u0259l\u0259b\u0259l\u0259r\u0259, el\u0259c\u0259 d\u0259 m\u00fcxt\u0259lif d\u00f6vl\u0259t qurumlar\u0131n\u0131n \u0259m\u0259kda\u015flar\u0131na  ke\u00e7iril\u0259n t\u0259lim v\u0259 seminarlar vasit\u0259sil\u0259 \u0259trafl\u0131 \u015f\u0259kild\u0259 izah olunur. Akademiya t\u0259sis edil\u0259n vaxtdan burada \u201cHeyd\u0259r \u018fliyevin milli l\u0259yaq\u0259t f\u0259ls\u0259f\u0259si\u201d, \u201cHeyd\u0259r \u018fliyevin d\u00f6vl\u0259t idar\u0259\u00e7iliyi t\u0259cr\u00fcb\u0259si\u201d kimi f\u0259nl\u0259r t\u0259dris edilm\u0259y\u0259 ba\u015flanm\u0131\u015fd\u0131r. Sonralar, \u201cHeyd\u0259r \u018fliyev irsinin politoloji aspektl\u0259ri\u201d adl\u0131 f\u0259nn b\u00fct\u00fcn ixtisaslar\u0131n t\u0259dris proqramlar\u0131n\u0131n f\u0259nl\u0259ri s\u0131ras\u0131na daxil edilmi\u015fdir.<br>Elmi-praktik konfransda \u00e7\u0131x\u0131\u015f ed\u0259n Milli M\u0259clisin deputat\u0131, \u201cD\u00f6vl\u0259t qullu\u011fu v\u0259 kadr siyas\u0259ti\u201d kafedras\u0131n\u0131n dosenti Ayd\u0131n Mirz\u0259zad\u0259 \u00f6z \u00e7\u0131x\u0131\u015f\u0131nda \u00fcmummilli lider Heyd\u0259r \u018fliyevin hakimiyy\u0259t\u0259 g\u0259li\u015fi v\u0259 Az\u0259rbaycan d\u00f6vl\u0259t\u00e7iliyinin qorunmas\u0131nda oynad\u0131\u011f\u0131 m\u00fch\u00fcm roldan b\u0259hs etmi\u015fdir.<br>O, eyni zamanda m\u00fc\u0259llifi oldu\u011fu \u201cHeyd\u0259r \u018fliyev siyasi irsinin politoloji aspektl\u0259ri\u201d adl\u0131 d\u0259rslikd\u0259 \u00fcmummilli liderin h\u0259yat v\u0259 f\u0259aliyy\u0259tinin, el\u0259c\u0259 d\u0259 n\u0259z\u0259ri bax\u0131\u015flar\u0131n\u0131n bir elmi sistem kimi t\u0259dqiq edildiyini vur\u011fulam\u0131\u015fd\u0131r. D\u0259rslikd\u0259 Heyd\u0259r \u018fliyev irsinin formala\u015fmas\u0131n\u0131n tarixi-siyasi s\u0259b\u0259bl\u0259ri ara\u015fd\u0131r\u0131l\u0131r, onun siyasi f\u0259aliyy\u0259tinin politologiya elminin inki\u015faf\u0131na verdiyi t\u00f6hf\u0259l\u0259r \u0259sasland\u0131r\u0131l\u0131r. \u00c7\u0131x\u0131\u015f zaman\u0131 qeyd olunub ki, kitabda h\u0259m\u00e7inin \u00fcmummilli liderin siyasi bax\u0131\u015flar\u0131n\u0131n predmeti, \u0259sas kateqoriyalar\u0131 v\u0259 n\u0259z\u0259ri m\u0259nb\u0259l\u0259ri elmi \u015f\u0259kild\u0259 t\u0259hlil olunur, bu bax\u0131\u015flar\u0131n arxas\u0131nda duran qanunauy\u011funluqlar g\u00f6st\u0259rilir. Heyd\u0259r \u018fliyevin \u00e7al\u0131\u015fd\u0131\u011f\u0131 b\u00fct\u00fcn sah\u0259l\u0259rd\u0259 t\u0259tbiq etdiyi idar\u0259\u00e7ilik metodologiyas\u0131 sisteml\u0259\u015fdirilir v\u0259 \u00fcmumil\u0259\u015fdirilmi\u015f prinsipl\u0259r hal\u0131nda t\u0259qdim olunur.<br>A. Mirz\u0259zad\u0259 diqq\u0259t\u0259 \u00e7atd\u0131r\u0131b ki, \u00dcmumilli lider Heyd\u0259r \u018fliyevin v\u0259 prezident \u0130lham \u018fliyevin apard\u0131\u011f\u0131 konseptual daxili v\u0259 xarici  siyas\u0259t g\u0259l\u0259c\u0259k n\u0259sill\u0259r \u00fc\u00e7\u00fcn strateji yol g\u00f6st\u0259ricisi kimi \u00e7\u0131x\u0131\u015f edir \u2013 Az\u0259rbaycan\u0131n d\u00f6vl\u0259t m\u00fcst\u0259qilliyinin qorunmas\u0131na, c\u0259miyy\u0259tin dayan\u0131ql\u0131 inki\u015faf\u0131na v\u0259 m\u00fcasir \u00e7a\u011f\u0131r\u0131\u015flar\u0131n effektiv h\u0259lli \u00fc\u00e7\u00fcn \u0259h\u0259miyy\u0259tlidir.<br>Daha sonra H\u00fcquq kafedras\u0131n\u0131n dosenti, h\u00fcquq elml\u0259ri \u00fczr\u0259 f\u0259ls\u0259f\u0259 doktoru F\u0259xr\u0259ddin Na\u011f\u0131yev \u00e7\u0131x\u0131\u015f etmi\u015fdir.  O, \u00dcmumilli Lider Heyd\u0259r \u018fliyevin Nax\u00e7\u0131vana g\u0259li\u015fi, oradak\u0131 f\u0259aliyy\u0259ti, daha sonra Az\u0259rbaycan Respublikas\u0131n\u0131n prezidenti kimi apard\u0131\u011f\u0131 f\u0259aliyy\u0259t haqq\u0131nda dan\u0131\u015fm\u0131\u015fd\u0131r. Eyni zamanda, \u00dcmummilli lider Heyd\u0259r \u018fliyevin \u00f6lk\u0259mizd\u0259 h\u00fcquqi d\u00f6vl\u0259t quruculu\u011fu sah\u0259sind\u0259ki m\u00fcst\u0259sna xidm\u0259tl\u0259rind\u0259n dan\u0131\u015f\u0131b.<br>F\u0259ls\u0259f\u0259 kafedras\u0131n\u0131n m\u00fc\u0259llimi, siyasi elml\u0259r \u00fczr\u0259 f\u0259ls\u0259f\u0259 doktoru H\u00fcseyn \u0130brahimov \u00e7\u0131x\u0131\u015f\u0131nda Ulu \u00d6nd\u0259r Heyd\u0259r \u018fliyevin g\u0259ncl\u0259r siyas\u0259tin\u0259 x\u00fcsusil\u0259 toxunmu\u015f, bu sah\u0259d\u0259 apar\u0131lan i\u015fl\u0259r v\u0259 haz\u0131rki v\u0259ziyy\u0259t haqq\u0131nda qeydl\u0259r edilmi\u015fdir.<br>T\u0259dbirin sonunda g\u0259ncl\u0259rin suallar\u0131 cavabland\u0131r\u0131lm\u0131\u015fd\u0131r.\n<\/p>\t\t\t\t\t<\/div>\n\t\t\t\t\t\t<\/div>\n\t\t\t\t<\/div>\n\t\t\t\t\t\t<\/div>\n\t\t\t\t\t<\/div>\n\t\t<\/div>\n\t\t\t\t\t\t\t\t<\/div>\n\t\t\t\t\t<\/div>\n\t\t<\/section>\n\t\t\t\t\t\t<\/div>\n\t\t\t\t\t\t<\/div>\n\t\t\t\t\t<\/div>","protected":false},"excerpt":{"rendered":"<p>T\u0259dbirin giri\u015f hiss\u0259sind\u0259 D\u00f6vl\u0259t \u0130dar\u0259\u00e7ilik Akademiyas\u0131n\u0131n rektoru,<br \/>\nakademik Urxan \u018fl\u0259kb\u0259rov, Az\u0259rbaycan d\u00f6vl\u0259t\u00e7iliyinin banisi, \u00fcmummilli lider Heyd\u0259r \u018fliyevin tariximizd\u0259ki \u0259v\u0259zsiz rolunu<\/p>","protected":false},"author":2,"featured_media":26667,"comment_status":"closed","ping_status":"closed","sticky":false,"template":"","format":"standard","meta":[],"categories":[137],"tags":[],"_links":{"self":[{"href":"https:\/\/legacy.dia.edu.az\/en\/wp-json\/wp\/v2\/posts\/26666"}],"collection":[{"href":"https:\/\/legacy.dia.edu.az\/en\/wp-json\/wp\/v2\/posts"}],"about":[{"href":"https:\/\/legacy.dia.edu.az\/en\/wp-json\/wp\/v2\/types\/post"}],"author":[{"embeddable":true,"href":"https:\/\/legacy.dia.edu.az\/en\/wp-json\/wp\/v2\/users\/2"}],"replies":[{"embeddable":true,"href":"https:\/\/legacy.dia.edu.az\/en\/wp-json\/wp\/v2\/comments?post=26666"}],"version-history":[{"count":11,"href":"https:\/\/legacy.dia.edu.az\/en\/wp-json\/wp\/v2\/posts\/26666\/revisions"}],"predecessor-version":[{"id":26740,"href":"https:\/\/legacy.dia.edu.az\/en\/wp-json\/wp\/v2\/posts\/26666\/revisions\/26740"}],"wp:featuredmedia":[{"embeddable":true,"href":"https:\/\/legacy.dia.edu.az\/en\/wp-json\/wp\/v2\/media\/26667"}],"wp:attachment":[{"href":"https:\/\/legacy.dia.edu.az\/en\/wp-json\/wp\/v2\/media?parent=26666"}],"wp:term":[{"taxonomy":"category","embeddable":true,"href":"https:\/\/legacy.dia.edu.az\/en\/wp-json\/wp\/v2\/categories?post=26666"},{"taxonomy":"post_tag","embeddable":true,"href":"https:\/\/legacy.dia.edu.az\/en\/wp-json\/wp\/v2\/tags?post=26666"}],"curies":[{"name":"wp","href":"https:\/\/api.w.org\/{rel}","templated":true}]}}