{"id":26329,"date":"2025-05-09T14:26:00","date_gmt":"2025-05-09T10:26:00","guid":{"rendered":"https:\/\/dia.edu.az\/?p=26329"},"modified":"2025-05-17T18:51:26","modified_gmt":"2025-05-17T14:51:26","slug":"heyd%c9%99r-%c9%99liyev-m%c9%99rk%c9%99zi-v%c9%99-dia-t%c9%99l%c9%99b%c9%99-elmi-c%c9%99miyy%c9%99ti-birg%c9%99-konfrans-kecirmisl%c9%99r","status":"publish","type":"post","link":"https:\/\/legacy.dia.edu.az\/en\/arxivl\u0259r\/26329","title":{"rendered":"Heyd\u0259r \u018fliyev M\u0259rk\u0259zi v\u0259 D\u0130A T\u0259l\u0259b\u0259 Elmi C\u0259miyy\u0259ti birg\u0259 konfrans ke\u00e7irmi\u015fl\u0259r"},"content":{"rendered":"<div data-elementor-type=\"wp-post\" data-elementor-id=\"26329\" class=\"elementor elementor-26329\" data-elementor-settings=\"[]\">\n\t\t\t\t\t\t<div class=\"elementor-inner\">\n\t\t\t\t\t\t\t<div class=\"elementor-section-wrap\">\n\t\t\t\t\t\t\t<section class=\"elementor-section elementor-top-section elementor-element elementor-element-101a9ce elementor-section-boxed elementor-section-height-default elementor-section-height-default\" data-id=\"101a9ce\" data-element_type=\"section\">\n\t\t\t\t\t\t<div class=\"elementor-container elementor-column-gap-default\">\n\t\t\t\t\t\t\t<div class=\"elementor-row\">\n\t\t\t\t\t<div class=\"elementor-column elementor-col-100 elementor-top-column elementor-element elementor-element-fc50e6d\" data-id=\"fc50e6d\" data-element_type=\"column\">\n\t\t\t<div class=\"elementor-column-wrap elementor-element-populated\">\n\t\t\t\t\t\t\t<div class=\"elementor-widget-wrap\">\n\t\t\t\t\t\t<div class=\"elementor-element elementor-element-ab98cba elementor-widget elementor-widget-text-editor\" data-id=\"ab98cba\" data-element_type=\"widget\" data-widget_type=\"text-editor.default\">\n\t\t\t\t<div class=\"elementor-widget-container\">\n\t\t\t\t\t\t\t\t<div class=\"elementor-text-editor elementor-clearfix\">\n\t\t\t\t\tHeyd\u0259r \u018fliyev M\u0259rk\u0259zi v\u0259 D\u0130A T\u0259l\u0259b\u0259 Elmi C\u0259miyy\u0259ti birg\u0259 konfrans ke\u00e7irmi\u015fl\u0259r\t\t\t\t\t<\/div>\n\t\t\t\t\t\t<\/div>\n\t\t\t\t<\/div>\n\t\t\t\t\t\t<\/div>\n\t\t\t\t\t<\/div>\n\t\t<\/div>\n\t\t\t\t\t\t\t\t<\/div>\n\t\t\t\t\t<\/div>\n\t\t<\/section>\n\t\t\t\t<section class=\"elementor-section elementor-top-section elementor-element elementor-element-a2df637 elementor-section-boxed elementor-section-height-default elementor-section-height-default\" data-id=\"a2df637\" data-element_type=\"section\">\n\t\t\t\t\t\t<div class=\"elementor-container elementor-column-gap-default\">\n\t\t\t\t\t\t\t<div class=\"elementor-row\">\n\t\t\t\t\t<div class=\"elementor-column elementor-col-100 elementor-top-column elementor-element elementor-element-d3353ae\" data-id=\"d3353ae\" data-element_type=\"column\">\n\t\t\t<div class=\"elementor-column-wrap elementor-element-populated\">\n\t\t\t\t\t\t\t<div class=\"elementor-widget-wrap\">\n\t\t\t\t\t\t<div class=\"elementor-element elementor-element-0c7bf9b elementor-arrows-position-inside elementor-pagination-position-outside elementor-widget elementor-widget-image-carousel\" data-id=\"0c7bf9b\" data-element_type=\"widget\" data-settings=\"{&quot;navigation&quot;:&quot;both&quot;,&quot;autoplay&quot;:&quot;yes&quot;,&quot;pause_on_hover&quot;:&quot;yes&quot;,&quot;pause_on_interaction&quot;:&quot;yes&quot;,&quot;autoplay_speed&quot;:5000,&quot;infinite&quot;:&quot;yes&quot;,&quot;speed&quot;:500}\" data-widget_type=\"image-carousel.default\">\n\t\t\t\t<div class=\"elementor-widget-container\">\n\t\t\t\t\t<div class=\"elementor-image-carousel-wrapper swiper-container\" dir=\"ltr\">\n\t\t\t<div class=\"elementor-image-carousel swiper-wrapper\">\n\t\t\t\t<div class=\"swiper-slide\"><a data-elementor-open-lightbox=\"yes\" data-elementor-lightbox-slideshow=\"0c7bf9b\" data-elementor-lightbox-title=\"HA11\" href=\"https:\/\/legacy.dia.edu.az\/wp-content\/uploads\/2025\/05\/HA11.jpeg\"><figure class=\"swiper-slide-inner\"><img class=\"swiper-slide-image\" src=\"https:\/\/legacy.dia.edu.az\/wp-content\/uploads\/2025\/05\/HA11-150x150.jpeg\" alt=\"HA11\" \/><\/figure><\/a><\/div><div class=\"swiper-slide\"><a data-elementor-open-lightbox=\"yes\" data-elementor-lightbox-slideshow=\"0c7bf9b\" data-elementor-lightbox-title=\"HA66\" href=\"https:\/\/legacy.dia.edu.az\/wp-content\/uploads\/2025\/05\/HA66.jpeg\"><figure class=\"swiper-slide-inner\"><img class=\"swiper-slide-image\" src=\"https:\/\/legacy.dia.edu.az\/wp-content\/uploads\/2025\/05\/HA66-150x150.jpeg\" alt=\"HA66\" \/><\/figure><\/a><\/div><div class=\"swiper-slide\"><a data-elementor-open-lightbox=\"yes\" data-elementor-lightbox-slideshow=\"0c7bf9b\" data-elementor-lightbox-title=\"HA22\" href=\"https:\/\/legacy.dia.edu.az\/wp-content\/uploads\/2025\/05\/HA22.jpeg\"><figure class=\"swiper-slide-inner\"><img class=\"swiper-slide-image\" src=\"https:\/\/legacy.dia.edu.az\/wp-content\/uploads\/2025\/05\/HA22-150x150.jpeg\" alt=\"HA22\" \/><\/figure><\/a><\/div><div class=\"swiper-slide\"><a data-elementor-open-lightbox=\"yes\" data-elementor-lightbox-slideshow=\"0c7bf9b\" data-elementor-lightbox-title=\"HA55\" href=\"https:\/\/legacy.dia.edu.az\/wp-content\/uploads\/2025\/05\/HA55.jpeg\"><figure class=\"swiper-slide-inner\"><img class=\"swiper-slide-image\" src=\"https:\/\/legacy.dia.edu.az\/wp-content\/uploads\/2025\/05\/HA55-150x150.jpeg\" alt=\"HA55\" \/><\/figure><\/a><\/div><div class=\"swiper-slide\"><a data-elementor-open-lightbox=\"yes\" data-elementor-lightbox-slideshow=\"0c7bf9b\" data-elementor-lightbox-title=\"HA77\" href=\"https:\/\/legacy.dia.edu.az\/wp-content\/uploads\/2025\/05\/HA77.jpeg\"><figure class=\"swiper-slide-inner\"><img class=\"swiper-slide-image\" src=\"https:\/\/legacy.dia.edu.az\/wp-content\/uploads\/2025\/05\/HA77-150x150.jpeg\" alt=\"HA77\" \/><\/figure><\/a><\/div>\t\t\t<\/div>\n\t\t\t\t\t\t\t\t\t\t\t\t<div class=\"swiper-pagination\"><\/div>\n\t\t\t\t\t\t\t\t\t\t\t\t\t<div class=\"elementor-swiper-button elementor-swiper-button-prev\">\n\t\t\t\t\t\t<i class=\"eicon-chevron-left\" aria-hidden=\"true\"><\/i>\n\t\t\t\t\t\t<span class=\"elementor-screen-only\">Previous<\/span>\n\t\t\t\t\t<\/div>\n\t\t\t\t\t<div class=\"elementor-swiper-button elementor-swiper-button-next\">\n\t\t\t\t\t\t<i class=\"eicon-chevron-right\" aria-hidden=\"true\"><\/i>\n\t\t\t\t\t\t<span class=\"elementor-screen-only\">Next<\/span>\n\t\t\t\t\t<\/div>\n\t\t\t\t\t\t\t\t\t<\/div>\n\t\t\t\t<\/div>\n\t\t\t\t<\/div>\n\t\t\t\t\t\t<\/div>\n\t\t\t\t\t<\/div>\n\t\t<\/div>\n\t\t\t\t\t\t\t\t<\/div>\n\t\t\t\t\t<\/div>\n\t\t<\/section>\n\t\t\t\t<section class=\"elementor-section elementor-top-section elementor-element elementor-element-1373c9b elementor-section-boxed elementor-section-height-default elementor-section-height-default\" data-id=\"1373c9b\" data-element_type=\"section\">\n\t\t\t\t\t\t<div class=\"elementor-container elementor-column-gap-default\">\n\t\t\t\t\t\t\t<div class=\"elementor-row\">\n\t\t\t\t\t<div class=\"elementor-column elementor-col-100 elementor-top-column elementor-element elementor-element-f86b74c\" data-id=\"f86b74c\" data-element_type=\"column\">\n\t\t\t<div class=\"elementor-column-wrap elementor-element-populated\">\n\t\t\t\t\t\t\t<div class=\"elementor-widget-wrap\">\n\t\t\t\t\t\t<div class=\"elementor-element elementor-element-9635a3c elementor-widget elementor-widget-text-editor\" data-id=\"9635a3c\" data-element_type=\"widget\" data-widget_type=\"text-editor.default\">\n\t\t\t\t<div class=\"elementor-widget-container\">\n\t\t\t\t\t\t\t\t<div class=\"elementor-text-editor elementor-clearfix\">\n\t\t\t\t\t<p> 8 may 2025-ci il tarixind\u0259 Heyd\u0259r \u018fliyev M\u0259rk\u0259zi v\u0259 Az\u0259rbaycan Respublikas\u0131n\u0131n Prezidenti yan\u0131nda D\u00f6vl\u0259t \u0130dar\u0259\u00e7ilik Akademiyas\u0131 T\u0259l\u0259b\u0259 Elmi C\u0259miyy\u0259tinin t\u0259\u015fkilat\u00e7\u0131l\u0131\u011f\u0131 il\u0259 \u00dcmummilli Lider Heyd\u0259r \u018fliyevin anadan olmas\u0131n\u0131n 102-ci ild\u00f6n\u00fcm\u00fcn\u0259 h\u0259sr olunmu\u015f \u201cHeyd\u0259r \u018fliyevin z\u0259ngin d\u00f6vl\u0259t\u00e7ilik irsi q\u00fcdr\u0259tli Az\u0259rbaycan\u0131n t\u0259m\u0259lidir\u201d m\u00f6vzusunda elmi konfrans ke\u00e7irilmi\u015fdir.<\/p><p>Konfrans\u0131 Az\u0259rbaycan Respublikas\u0131n\u0131n Prezidenti yan\u0131nda D\u00f6vl\u0259t \u0130dar\u0259\u00e7ilik Akademiyas\u0131n\u0131n rektoru, akademik Urxan \u018fl\u0259kb\u0259rov giri\u015f s\u00f6z\u00fc  il\u0259 a\u00e7araq, Az\u0259rbaycan\u0131n m\u00fcasir tarixinin b\u00fct\u00f6v bir m\u0259rh\u0259l\u0259sinin \u00dcmummilli Lider Heyd\u0259r \u018fliyevin ad\u0131 il\u0259 s\u0131x ba\u011fl\u0131 oldu\u011funu, \u00f6lk\u0259mizi erm\u0259ni fa\u015fizmi \u00fcz\u0259rind\u0259 Q\u0259l\u0259b\u0259y\u0259 aparan  b\u00f6y\u00fck i\u015fl\u0259rin t\u0259m\u0259lind\u0259 xalq\u0131m\u0131z\u0131n dahi Lideri Heyd\u0259r \u018fliyev siyas\u0259tinin dayand\u0131\u011f\u0131n\u0131  qeyd etmi\u015f, layiqli siyasi varis,  Az\u0259rbaycan Respublikas\u0131n\u0131n Prezidenti, M\u00fcz\u0259ff\u0259r Ali Ba\u015f Komandan \u0130lham \u018fliyevin r\u0259hb\u0259rliyi il\u0259 tam suverenliyini b\u0259rpa etmi\u015f Qalib Az\u0259rbaycan\u0131n m\u00fch\u00fcm nailiyy\u0259tl\u0259rind\u0259n \u0259trafl\u0131 b\u0259hs etmi\u015f, bu u\u011furlar\u0131n arxas\u0131nda d\u00f6vl\u0259timizin ba\u015f\u00e7\u0131s\u0131 \u0130lham \u018fliyevin m\u00fcdrik, uzaqg\u00f6r\u0259n siyas\u0259ti v\u0259 liderlik keyfiyy\u0259tl\u0259rinin dayand\u0131\u011f\u0131n\u0131 g\u00f6st\u0259rmi\u015fdir. Rektor postm\u00fcharib\u0259 d\u00f6vr\u00fcn\u00fcn reall\u0131qlar\u0131, Prezidenti \u0130lham \u018fliyevin Qaraba\u011f\u0131n  dir\u00e7\u0259li\u015fi  v\u0259  B\u00f6y\u00fck Qay\u0131d\u0131\u015f strategiyalar\u0131n\u0131n s\u00fcr\u0259tl\u0259 h\u0259yata ke\u00e7irilm\u0259si bar\u0259d\u0259 \u0259trafl\u0131 dan\u0131\u015fm\u0131\u015f, Ulu \u00f6nd\u0259rimizin z\u0259ngin d\u00f6vl\u0259t\u00e7ilik t\u0259cr\u00fcb\u0259sinin h\u0259rt\u0259r\u0259fli ara\u015fd\u0131r\u0131lmas\u0131n\u0131n m\u00fch\u00fcm \u0259h\u0259miyy\u0259t k\u0259sb etdiyini vur\u011fulayaraq,  bu bax\u0131mdan Heyd\u0259r \u018fliyev M\u0259rk\u0259zi v\u0259 D\u0130A T\u0259l\u0259b\u0259 Elmi C\u0259miyy\u0259tinin t\u0259\u015fkilat\u00e7\u0131l\u0131\u011f\u0131 il\u0259 \u00dcmummilli Lider Heyd\u0259r \u018fliyevin anadan olmas\u0131n\u0131n 102-ci ild\u00f6n\u00fcm\u00fcn\u0259 h\u0259sr olunmu\u015f konfrans\u0131n ke\u00e7irilm\u0259sinin t\u0259qdir\u0259layiq oldu\u011funu  qeyd etmi\u015f, onun  i\u015fin\u0259 u\u011furlar arzulam\u0131\u015fd\u0131r.<br>Plenar iclasda  Heyd\u0259r \u018fliyev M\u0259rk\u0259zinin ba\u015f m\u00fct\u0259x\u0259ssisi Nail\u0259 H\u0259s\u0259nova v\u0259 D\u0130A T\u0259l\u0259b\u0259 Elmi C\u0259miyy\u0259tinin s\u0259dri, siyasi elml\u0259r doktoru, professor Sevil M\u0259mm\u0259dova q\u00fcdr\u0259tli Az\u0259rbaycan\u0131n t\u0259m\u0259lini t\u0259\u015fkil ed\u0259n dahi \u015f\u0259xsiyy\u0259t v\u0259 m\u00fcdrik  lider Heyd\u0259r \u018fliyevin z\u0259ngin  d\u00f6vl\u0259t\u00e7ilik irsin\u0259  h\u0259sr olunmu\u015f geni\u015f m\u0259ruz\u0259l\u0259r etmi\u015f, Ulu \u00d6nd\u0259rin Az\u0259rbaycan d\u00f6vl\u0259ti qar\u015f\u0131s\u0131nda tarixi xidm\u0259tl\u0259rini \u0259trafl\u0131  i\u015f\u0131qland\u0131rm\u0131\u015flar.<br>Sonra iki B\u00f6lm\u0259d\u0259 ke\u00e7\u0259n geni\u015f m\u00fczakir\u0259l\u0259rd\u0259 i\u015ftirak ed\u0259n magistrant v\u0259 t\u0259l\u0259b\u0259l\u0259r maraql\u0131 m\u00f6vzularda \u00e7\u0131x\u0131\u015flar etmi\u015f, geni\u015f fikir m\u00fcbadil\u0259si aparm\u0131\u015f v\u0259 bundan sonra qar\u015f\u0131lar\u0131nda Ulu \u00d6nd\u0259r Heyd\u0259r \u018fliyevin z\u0259ngin d\u00f6vl\u0259t\u00e7ilik irsini daha d\u0259rind\u0259n \u00f6yr\u0259nm\u0259k kimi vacib v\u0259zif\u0259nin durdu\u011funu vur\u011fulayaraq, bu istiqam\u0259td\u0259 f\u0259all\u0131q g\u00f6st\u0259r\u0259c\u0259kl\u0259rin\u0259 \u0259minlik ifad\u0259 etmi\u015fl\u0259r.\n<\/p>\t\t\t\t\t<\/div>\n\t\t\t\t\t\t<\/div>\n\t\t\t\t<\/div>\n\t\t\t\t\t\t<\/div>\n\t\t\t\t\t<\/div>\n\t\t<\/div>\n\t\t\t\t\t\t\t\t<\/div>\n\t\t\t\t\t<\/div>\n\t\t<\/section>\n\t\t\t\t\t\t<\/div>\n\t\t\t\t\t\t<\/div>\n\t\t\t\t\t<\/div>","protected":false},"excerpt":{"rendered":"<p>Heyd\u0259r \u018fliyev M\u0259rk\u0259zi v\u0259 Az\u0259rbaycan Respublikas\u0131n\u0131n Prezidenti yan\u0131nda D\u00f6vl\u0259t \u0130dar\u0259\u00e7ilik Akademiyas\u0131 T\u0259l\u0259b\u0259 Elmi C\u0259miyy\u0259tinin t\u0259\u015fkilat\u00e7\u0131l\u0131\u011f\u0131 il\u0259 <\/p>","protected":false},"author":2,"featured_media":26333,"comment_status":"closed","ping_status":"closed","sticky":false,"template":"","format":"standard","meta":[],"categories":[137],"tags":[],"_links":{"self":[{"href":"https:\/\/legacy.dia.edu.az\/en\/wp-json\/wp\/v2\/posts\/26329"}],"collection":[{"href":"https:\/\/legacy.dia.edu.az\/en\/wp-json\/wp\/v2\/posts"}],"about":[{"href":"https:\/\/legacy.dia.edu.az\/en\/wp-json\/wp\/v2\/types\/post"}],"author":[{"embeddable":true,"href":"https:\/\/legacy.dia.edu.az\/en\/wp-json\/wp\/v2\/users\/2"}],"replies":[{"embeddable":true,"href":"https:\/\/legacy.dia.edu.az\/en\/wp-json\/wp\/v2\/comments?post=26329"}],"version-history":[{"count":12,"href":"https:\/\/legacy.dia.edu.az\/en\/wp-json\/wp\/v2\/posts\/26329\/revisions"}],"predecessor-version":[{"id":26366,"href":"https:\/\/legacy.dia.edu.az\/en\/wp-json\/wp\/v2\/posts\/26329\/revisions\/26366"}],"wp:featuredmedia":[{"embeddable":true,"href":"https:\/\/legacy.dia.edu.az\/en\/wp-json\/wp\/v2\/media\/26333"}],"wp:attachment":[{"href":"https:\/\/legacy.dia.edu.az\/en\/wp-json\/wp\/v2\/media?parent=26329"}],"wp:term":[{"taxonomy":"category","embeddable":true,"href":"https:\/\/legacy.dia.edu.az\/en\/wp-json\/wp\/v2\/categories?post=26329"},{"taxonomy":"post_tag","embeddable":true,"href":"https:\/\/legacy.dia.edu.az\/en\/wp-json\/wp\/v2\/tags?post=26329"}],"curies":[{"name":"wp","href":"https:\/\/api.w.org\/{rel}","templated":true}]}}