{"id":26099,"date":"2025-05-12T14:00:10","date_gmt":"2025-05-12T10:00:10","guid":{"rendered":"https:\/\/dia.edu.az\/?p=26099"},"modified":"2025-05-20T13:05:34","modified_gmt":"2025-05-20T09:05:34","slug":"dovl%c9%99t-idar%c9%99cilik-akademiyasinda-umummilli-lider-heyd%c9%99r-%c9%99liyev-az%c9%99rbaycan-respublikasinin-konstitusiyasinin-mu%c9%99llifi-kimi-movzusunda-konfrans-kecirilib","status":"publish","type":"post","link":"https:\/\/legacy.dia.edu.az\/en\/arxivl\u0259r\/26099","title":{"rendered":"D\u00f6vl\u0259t \u0130dar\u0259\u00e7ilik Akademiyas\u0131nda \u201c\u00dcmummilli lider Heyd\u0259r \u018fliyev Az\u0259rbaycan Respublikas\u0131n\u0131n Konstitusiyas\u0131n\u0131n m\u00fc\u0259llifi kimi\u201d m\u00f6vzusunda konfrans ke\u00e7irilib"},"content":{"rendered":"<div data-elementor-type=\"wp-post\" data-elementor-id=\"26099\" class=\"elementor elementor-26099\" data-elementor-settings=\"[]\">\n\t\t\t\t\t\t<div class=\"elementor-inner\">\n\t\t\t\t\t\t\t<div class=\"elementor-section-wrap\">\n\t\t\t\t\t\t\t<section class=\"elementor-section elementor-top-section elementor-element elementor-element-eb4a6be elementor-section-boxed elementor-section-height-default elementor-section-height-default\" data-id=\"eb4a6be\" data-element_type=\"section\">\n\t\t\t\t\t\t<div class=\"elementor-container elementor-column-gap-default\">\n\t\t\t\t\t\t\t<div class=\"elementor-row\">\n\t\t\t\t\t<div class=\"elementor-column elementor-col-100 elementor-top-column elementor-element elementor-element-3763f11\" data-id=\"3763f11\" data-element_type=\"column\">\n\t\t\t<div class=\"elementor-column-wrap elementor-element-populated\">\n\t\t\t\t\t\t\t<div class=\"elementor-widget-wrap\">\n\t\t\t\t\t\t<div class=\"elementor-element elementor-element-135672e elementor-widget elementor-widget-text-editor\" data-id=\"135672e\" data-element_type=\"widget\" data-widget_type=\"text-editor.default\">\n\t\t\t\t<div class=\"elementor-widget-container\">\n\t\t\t\t\t\t\t\t<div class=\"elementor-text-editor elementor-clearfix\">\n\t\t\t\t\tD\u00f6vl\u0259t \u0130dar\u0259\u00e7ilik Akademiyas\u0131nda \u201c\u00dcmummilli lider Heyd\u0259r \u018fliyev Az\u0259rbaycan\nRespublikas\u0131n\u0131n Konstitusiyas\u0131n\u0131n m\u00fc\u0259llifi kimi\u201d m\u00f6vzusunda konfrans ke\u00e7irilib\t\t\t\t\t<\/div>\n\t\t\t\t\t\t<\/div>\n\t\t\t\t<\/div>\n\t\t\t\t\t\t<\/div>\n\t\t\t\t\t<\/div>\n\t\t<\/div>\n\t\t\t\t\t\t\t\t<\/div>\n\t\t\t\t\t<\/div>\n\t\t<\/section>\n\t\t\t\t<section class=\"elementor-section elementor-top-section elementor-element elementor-element-07c1f37 elementor-section-boxed elementor-section-height-default elementor-section-height-default\" data-id=\"07c1f37\" data-element_type=\"section\">\n\t\t\t\t\t\t<div class=\"elementor-container elementor-column-gap-default\">\n\t\t\t\t\t\t\t<div class=\"elementor-row\">\n\t\t\t\t\t<div class=\"elementor-column elementor-col-100 elementor-top-column elementor-element elementor-element-9dfbedb\" data-id=\"9dfbedb\" data-element_type=\"column\">\n\t\t\t<div class=\"elementor-column-wrap elementor-element-populated\">\n\t\t\t\t\t\t\t<div class=\"elementor-widget-wrap\">\n\t\t\t\t\t\t<div class=\"elementor-element elementor-element-285749e elementor-arrows-position-inside elementor-pagination-position-outside elementor-widget elementor-widget-image-carousel\" data-id=\"285749e\" data-element_type=\"widget\" data-settings=\"{&quot;navigation&quot;:&quot;both&quot;,&quot;autoplay&quot;:&quot;yes&quot;,&quot;pause_on_hover&quot;:&quot;yes&quot;,&quot;pause_on_interaction&quot;:&quot;yes&quot;,&quot;autoplay_speed&quot;:5000,&quot;infinite&quot;:&quot;yes&quot;,&quot;speed&quot;:500}\" data-widget_type=\"image-carousel.default\">\n\t\t\t\t<div class=\"elementor-widget-container\">\n\t\t\t\t\t<div class=\"elementor-image-carousel-wrapper swiper-container\" dir=\"ltr\">\n\t\t\t<div class=\"elementor-image-carousel swiper-wrapper\">\n\t\t\t\t<div class=\"swiper-slide\"><a data-elementor-open-lightbox=\"yes\" data-elementor-lightbox-slideshow=\"285749e\" data-elementor-lightbox-title=\"2\" href=\"https:\/\/legacy.dia.edu.az\/wp-content\/uploads\/2025\/05\/2-scaled.jpg\"><figure class=\"swiper-slide-inner\"><img class=\"swiper-slide-image\" src=\"https:\/\/legacy.dia.edu.az\/wp-content\/uploads\/2025\/05\/2-150x150.jpg\" alt=\"2\" \/><\/figure><\/a><\/div><div class=\"swiper-slide\"><a data-elementor-open-lightbox=\"yes\" data-elementor-lightbox-slideshow=\"285749e\" data-elementor-lightbox-title=\"4\" href=\"https:\/\/legacy.dia.edu.az\/wp-content\/uploads\/2025\/05\/4-scaled.jpg\"><figure class=\"swiper-slide-inner\"><img class=\"swiper-slide-image\" src=\"https:\/\/legacy.dia.edu.az\/wp-content\/uploads\/2025\/05\/4-150x150.jpg\" alt=\"4\" \/><\/figure><\/a><\/div><div class=\"swiper-slide\"><a data-elementor-open-lightbox=\"yes\" data-elementor-lightbox-slideshow=\"285749e\" data-elementor-lightbox-title=\"6\" href=\"https:\/\/legacy.dia.edu.az\/wp-content\/uploads\/2025\/05\/6-scaled.jpg\"><figure class=\"swiper-slide-inner\"><img class=\"swiper-slide-image\" src=\"https:\/\/legacy.dia.edu.az\/wp-content\/uploads\/2025\/05\/6-150x150.jpg\" alt=\"6\" \/><\/figure><\/a><\/div><div class=\"swiper-slide\"><a data-elementor-open-lightbox=\"yes\" data-elementor-lightbox-slideshow=\"285749e\" data-elementor-lightbox-title=\"1\" href=\"https:\/\/legacy.dia.edu.az\/wp-content\/uploads\/2025\/05\/1-scaled.jpg\"><figure class=\"swiper-slide-inner\"><img class=\"swiper-slide-image\" src=\"https:\/\/legacy.dia.edu.az\/wp-content\/uploads\/2025\/05\/1-150x150.jpg\" alt=\"1\" \/><\/figure><\/a><\/div><div class=\"swiper-slide\"><a data-elementor-open-lightbox=\"yes\" data-elementor-lightbox-slideshow=\"285749e\" data-elementor-lightbox-title=\"3\" href=\"https:\/\/legacy.dia.edu.az\/wp-content\/uploads\/2025\/05\/3-scaled.jpg\"><figure class=\"swiper-slide-inner\"><img class=\"swiper-slide-image\" src=\"https:\/\/legacy.dia.edu.az\/wp-content\/uploads\/2025\/05\/3-150x150.jpg\" alt=\"3\" \/><\/figure><\/a><\/div><div class=\"swiper-slide\"><a data-elementor-open-lightbox=\"yes\" data-elementor-lightbox-slideshow=\"285749e\" data-elementor-lightbox-title=\"7\" href=\"https:\/\/legacy.dia.edu.az\/wp-content\/uploads\/2025\/05\/7-scaled.jpg\"><figure class=\"swiper-slide-inner\"><img class=\"swiper-slide-image\" src=\"https:\/\/legacy.dia.edu.az\/wp-content\/uploads\/2025\/05\/7-150x150.jpg\" alt=\"7\" \/><\/figure><\/a><\/div><div class=\"swiper-slide\"><a data-elementor-open-lightbox=\"yes\" data-elementor-lightbox-slideshow=\"285749e\" data-elementor-lightbox-title=\"8\" href=\"https:\/\/legacy.dia.edu.az\/wp-content\/uploads\/2025\/05\/8-scaled.jpg\"><figure class=\"swiper-slide-inner\"><img class=\"swiper-slide-image\" src=\"https:\/\/legacy.dia.edu.az\/wp-content\/uploads\/2025\/05\/8-150x150.jpg\" alt=\"8\" \/><\/figure><\/a><\/div>\t\t\t<\/div>\n\t\t\t\t\t\t\t\t\t\t\t\t<div class=\"swiper-pagination\"><\/div>\n\t\t\t\t\t\t\t\t\t\t\t\t\t<div class=\"elementor-swiper-button elementor-swiper-button-prev\">\n\t\t\t\t\t\t<i class=\"eicon-chevron-left\" aria-hidden=\"true\"><\/i>\n\t\t\t\t\t\t<span class=\"elementor-screen-only\">Previous<\/span>\n\t\t\t\t\t<\/div>\n\t\t\t\t\t<div class=\"elementor-swiper-button elementor-swiper-button-next\">\n\t\t\t\t\t\t<i class=\"eicon-chevron-right\" aria-hidden=\"true\"><\/i>\n\t\t\t\t\t\t<span class=\"elementor-screen-only\">Next<\/span>\n\t\t\t\t\t<\/div>\n\t\t\t\t\t\t\t\t\t<\/div>\n\t\t\t\t<\/div>\n\t\t\t\t<\/div>\n\t\t\t\t\t\t<\/div>\n\t\t\t\t\t<\/div>\n\t\t<\/div>\n\t\t\t\t\t\t\t\t<\/div>\n\t\t\t\t\t<\/div>\n\t\t<\/section>\n\t\t\t\t<section class=\"elementor-section elementor-top-section elementor-element elementor-element-057c8a5 elementor-section-boxed elementor-section-height-default elementor-section-height-default\" data-id=\"057c8a5\" data-element_type=\"section\">\n\t\t\t\t\t\t<div class=\"elementor-container elementor-column-gap-default\">\n\t\t\t\t\t\t\t<div class=\"elementor-row\">\n\t\t\t\t\t<div class=\"elementor-column elementor-col-100 elementor-top-column elementor-element elementor-element-f22fd72\" data-id=\"f22fd72\" data-element_type=\"column\">\n\t\t\t<div class=\"elementor-column-wrap elementor-element-populated\">\n\t\t\t\t\t\t\t<div class=\"elementor-widget-wrap\">\n\t\t\t\t\t\t<div class=\"elementor-element elementor-element-cbca52b elementor-widget elementor-widget-text-editor\" data-id=\"cbca52b\" data-element_type=\"widget\" data-widget_type=\"text-editor.default\">\n\t\t\t\t<div class=\"elementor-widget-container\">\n\t\t\t\t\t\t\t\t<div class=\"elementor-text-editor elementor-clearfix\">\n\t\t\t\t\t<p>Az\u0259rbaycan Respublikas\u0131n\u0131n Prezidenti yan\u0131nda D\u00f6vl\u0259t \u0130dar\u0259\u00e7ilik Akademiyas\u0131nda Ulu \u00f6nd\u0259r Heyd\u0259r \u018fliyevin anadan olmas\u0131n\u0131n 102-ci ild\u00f6n\u00fcm\u00fcn\u0259 h\u0259sr olunmu\u015f \u201c\u00dcmummilli lider Heyd\u0259r \u018fliyev Az\u0259rbaycan Respublikas\u0131n\u0131n Konstitusiyas\u0131n\u0131n m\u00fc\u0259llifi kimi\u201d m\u00f6vzusunda doktorant v\u0259 g\u0259nc t\u0259dqiqat\u00e7\u0131lar\u0131n Respublika elmi-praktiki konfrans\u0131 ke\u00e7irilib.<\/p>\n<p>Konfrans\u0131 giri\u015f s\u00f6z\u00fc il\u0259 a\u00e7an D\u00f6vl\u0259t \u0130dar\u0259\u00e7ilik Akademiyas\u0131n\u0131n rektoru, akademik Urxan \u018fl\u0259kb\u0259rov b\u00f6y\u00fck siyasi irad\u0259, d\u0259rin d\u00f6vl\u0259t\u00e7ilik t\u0259f\u0259kk\u00fcr\u00fc v\u0259 uzaqg\u00f6r\u0259n liderlik keyfiyy\u0259tl\u0259ri il\u0259 se\u00e7il\u0259n \u00dcmummilli lider Heyd\u0259r \u018fliyevin Az\u0259rbaycan xalq\u0131 qar\u015f\u0131s\u0131nda misilsiz xidm\u0259tl\u0259ri haqq\u0131nda geni\u015f m\u0259zmunlu nitq s\u00f6yl\u0259di. Rektor qeyd etdi ki, m\u0259hz Ulu \u00d6nd\u0259rin birba\u015fa r\u0259hb\u0259rliyi v\u0259 \u015f\u0259xsi n\u0259zar\u0259ti alt\u0131nda haz\u0131rlanaraq 1995-ci ild\u0259 \u00fcmumxalq s\u0259sverm\u0259si il\u0259 q\u0259bul edil\u0259n Az\u0259rbaycan Respublikas\u0131n\u0131n Konstitusiyas\u0131 \u00f6lk\u0259mizin inki\u015faf trayektoriyas\u0131n\u0131 m\u00fc\u0259yy\u0259n ed\u0259n strateji yol x\u0259rit\u0259si olmu\u015f, m\u00fcst\u0259qil d\u00f6vl\u0259t quruculu\u011funun h\u00fcquqi, demokratik v\u0259 d\u00fcny\u0259vi t\u0259m\u0259lini formala\u015fd\u0131rm\u0131\u015fd\u0131r. Akademik Urxan \u018fl\u0259kb\u0259rov, \u00e7\u0131x\u0131\u015f\u0131n\u0131n davam\u0131nda, bu g\u00fcn Az\u0259rbaycan\u0131n s\u00fcr\u0259tli v\u0259 davaml\u0131 inki\u015faf yolunda inamla ir\u0259lil\u0259y\u0259r\u0259k qlobal miqyasda n\u00fcfuz qazanan apar\u0131c\u0131 \u00f6lk\u0259l\u0259r s\u0131ras\u0131na daxil olmas\u0131n\u0131n \u0259sas s\u0259b\u0259bl\u0259rind\u0259n birinin m\u0259hz \u00dcmummilli lider Heyd\u0259r \u018fliyevin siyasi irsi, onun \u0259sas\u0131nda qurulan innovativ d\u00f6vl\u0259t idar\u0259\u00e7ilik modeli v\u0259 bu siyas\u0259tin Prezident \u0130lham \u018fliyev t\u0259r\u0259find\u0259n q\u0259tiyy\u0259tl\u0259 davam etdirilm\u0259si oldu\u011funu diqq\u0259t\u0259 \u00e7atd\u0131rd\u0131. O bildirdi ki, bu g\u00fcn prezident \u0130lham \u018fliyevin r\u0259hb\u0259rliyi il\u0259 h\u0259yata ke\u00e7iril\u0259n ard\u0131c\u0131l v\u0259 m\u0259qs\u0259dy\u00f6nl\u00fc siyas\u0259t n\u0259tic\u0259sind\u0259 Az\u0259rbaycan regionda sabitlik v\u0259 inki\u015faf n\u00fcmun\u0259sin\u0259 \u00e7evrilmi\u015fdir. \u0130qtisadi islahatlar, sosial rifah\u0131n y\u00fcks\u0259ldilm\u0259si, infrastruktur layih\u0259l\u0259rinin geni\u015fl\u0259ndirilm\u0259si v\u0259 beyn\u0259lxalq al\u0259md\u0259 Az\u0259rbaycan\u0131n m\u00f6vqeyinin m\u00f6hk\u0259ml\u0259ndirilm\u0259si d\u00f6vl\u0259t ba\u015f\u00e7\u0131s\u0131n\u0131n strateji yana\u015fmas\u0131n\u0131n \u0259sas istiqam\u0259tl\u0259rind\u0259ndir. Eyni zamanda, haz\u0131rda i\u015f\u011faldan azad edilmi\u015f \u0259razil\u0259rd\u0259 geni\u015fmiqyasl\u0131 b\u0259rpa v\u0259 quruculuq i\u015fl\u0259ri apar\u0131laraq, B\u00f6y\u00fck Qay\u0131d\u0131\u015f konsepsiyas\u0131 u\u011furla h\u0259yata ke\u00e7irilir. B\u00fct\u00fcn bunlar is\u0259 Az\u0259rbaycan Respublikas\u0131 Prezidentinin r\u0259hb\u0259rliyi alt\u0131nda \u00f6lk\u0259nin qar\u015f\u0131s\u0131nda duran strateji h\u0259d\u0259fl\u0259r\u0259 do\u011fru inamla ir\u0259lil\u0259m\u0259sinin g\u00f6st\u0259ricil\u0259ridir.<\/p>\n<p>Daha sonra \u00e7\u0131x\u0131\u015f ed\u0259n V\u0259kill\u0259r Kollegiyas\u0131 Akademiyas\u0131n\u0131n rektoru, h\u00fcquq elml\u0259ri doktoru, professor \u018fmir \u018fliyev konfrans i\u015ftirak\u00e7\u0131lar\u0131n\u0131 Az\u0259rbaycan Respublikas\u0131 V\u0259kill\u0259r Kollegiyas\u0131n\u0131n r\u0259hb\u0259rliyi ad\u0131ndan salamlayaraq konfransa d\u0259v\u0259t edildiyin\u0259 g\u00f6r\u0259 \u00f6z t\u0259\u015f\u0259kk\u00fcr\u00fcn\u00fc bildirdi. Qeyd etdi ki, \u00dcmummilli lider Heyd\u0259r \u018fliyevin bilavasit\u0259 r\u0259hb\u0259rliyi il\u0259 haz\u0131rlanm\u0131\u015f v\u0259 \u00fcmumxalq s\u0259sverm\u0259si yolu il\u0259 q\u0259bul edilmi\u015f Az\u0259rbaycan Respublikas\u0131 Konstitusiyas\u0131 insan h\u00fcquq v\u0259 azadl\u0131qlar\u0131n\u0131n t\u0259minat\u0131, h\u00fcququn aliliyinin qorunmas\u0131, v\u0259t\u0259nda\u015f c\u0259miyy\u0259tinin formala\u015fmas\u0131 v\u0259 beyn\u0259lxalq c\u0259miyy\u0259t\u0259 inteqrasiyada \u0259sas baza kimi \u00e7\u0131x\u0131\u015f edir. O, bu bax\u0131mdan Konstitusiyan\u0131n x\u00fcsusil\u0259 bir s\u0131ra madd\u0259l\u0259rin\u0259 diqq\u0259t \u00e7\u0259k\u0259r\u0259k, h\u0259min normalar\u0131n m\u00fcasir h\u00fcquq sistemimizd\u0259 oynad\u0131\u011f\u0131 \u0259v\u0259zolunmaz rolu v\u0259 c\u0259miyy\u0259td\u0259 do\u011furdu\u011fu m\u00fch\u00fcm t\u0259sirl\u0259ri konfrans i\u015ftirak\u00e7\u0131lar\u0131n\u0131n diqq\u0259tin\u0259 \u00e7atd\u0131rd\u0131.<\/p>\n<p>Sonda doktorant v\u0259 g\u0259n\u00e7 t\u0259dqiqat\u00e7\u0131lar\u0131n \u00dcmummilli lider Heyd\u0259r \u018fliyevin g\u0259ncl\u0259r\u0259 d\u00f6vl\u0259t qay\u011f\u0131s\u0131 v\u0259 d\u0259st\u0259k siyas\u0259ti, Az\u0259rbaycan Respublikas\u0131n\u0131n Konstitusiyas\u0131nda \u0259razi b\u00fct\u00f6vl\u00fcy\u00fc v\u0259 suverenlik m\u0259s\u0259l\u0259l\u0259ri, Az\u0259rbaycan Respublikas\u0131n\u0131n s\u0259rh\u0259d t\u0259hl\u00fck\u0259sizliyinin \u0259sas prioritetl\u0259ri kimi m\u00f6vzular \u00fczr\u0259 m\u0259ruz\u0259l\u0259ri dinl\u0259nildi v\u0259 m\u0259ruz\u0259\u00e7il\u0259r\u0259 sertifikatlar t\u0259qdim edildi.\n<\/p>\t\t\t\t\t<\/div>\n\t\t\t\t\t\t<\/div>\n\t\t\t\t<\/div>\n\t\t\t\t\t\t<\/div>\n\t\t\t\t\t<\/div>\n\t\t<\/div>\n\t\t\t\t\t\t\t\t<\/div>\n\t\t\t\t\t<\/div>\n\t\t<\/section>\n\t\t\t\t<section class=\"elementor-section elementor-top-section elementor-element elementor-element-4d98798 elementor-section-boxed elementor-section-height-default elementor-section-height-default\" data-id=\"4d98798\" data-element_type=\"section\">\n\t\t\t\t\t\t<div class=\"elementor-container elementor-column-gap-default\">\n\t\t\t\t\t\t\t<div class=\"elementor-row\">\n\t\t\t\t\t<div class=\"elementor-column elementor-col-100 elementor-top-column elementor-element elementor-element-7eecd44\" data-id=\"7eecd44\" data-element_type=\"column\">\n\t\t\t<div class=\"elementor-column-wrap elementor-element-populated\">\n\t\t\t\t\t\t\t<div class=\"elementor-widget-wrap\">\n\t\t\t\t\t\t<div class=\"elementor-element elementor-element-3a3dc8a elementor-widget elementor-widget-text-editor\" data-id=\"3a3dc8a\" data-element_type=\"widget\" data-widget_type=\"text-editor.default\">\n\t\t\t\t<div class=\"elementor-widget-container\">\n\t\t\t\t\t\t\t\t<div class=\"elementor-text-editor elementor-clearfix\">\n\t\t\t\t\t<p>&nbsp;<strong style=\"color: rgb(34, 34, 34); font-size: 14px;\">Konfrans materiallar\u0131n\u0131 a\u015fa\u011f\u0131dak\u0131 linkl\u0259r\u0259 ke\u00e7id etm\u0259kl\u0259 \u0259ld\u0259 etm\u0259k olar.<\/strong><\/p>\n<h1><a href=\"https:\/\/dia.edu.az\/wp-content\/uploads\/2025\/05\/1-H_\u018fliyev_102_Konfrans-_materiallar_cild-1.pdf\"><span style=\"color: #0000ff;\"><strong>Cild 1<\/strong><\/span><\/a><\/h1>\n<h1><a href=\"https:\/\/dia.edu.az\/wp-content\/uploads\/2025\/05\/2-H_\u018fliyev_102_Konfrans-_materiallar_cild-2.pdf\"><span style=\"color: #0000ff;\"><strong>Cild 2<\/strong><\/span><\/a><\/h1>\t\t\t\t\t<\/div>\n\t\t\t\t\t\t<\/div>\n\t\t\t\t<\/div>\n\t\t\t\t\t\t<\/div>\n\t\t\t\t\t<\/div>\n\t\t<\/div>\n\t\t\t\t\t\t\t\t<\/div>\n\t\t\t\t\t<\/div>\n\t\t<\/section>\n\t\t\t\t\t\t<\/div>\n\t\t\t\t\t\t<\/div>\n\t\t\t\t\t<\/div>","protected":false},"excerpt":{"rendered":"<p>Az\u0259rbaycan Respublikas\u0131n\u0131n Prezidenti yan\u0131nda D\u00f6vl\u0259t \u0130dar\u0259\u00e7ilik Akademiyas\u0131nda Ulu<br \/>\n\u00f6nd\u0259r Heyd\u0259r \u018fliyevin anadan olmas\u0131n\u0131n 102-ci ild\u00f6n\u00fcm\u00fcn\u0259 h\u0259sr olunmu\u015f \u201c\u00dcmummilli<br \/>\nlider Heyd\u0259r \u018fliyev Az\u0259rbaycan Respublikas\u0131n\u0131n Konstitusiyas\u0131n\u0131n m\u00fc\u0259llifi kimi\u201d<br \/>\nm\u00f6vzusunda doktorant<\/p>","protected":false},"author":2,"featured_media":26104,"comment_status":"closed","ping_status":"closed","sticky":false,"template":"","format":"standard","meta":[],"categories":[137],"tags":[],"_links":{"self":[{"href":"https:\/\/legacy.dia.edu.az\/en\/wp-json\/wp\/v2\/posts\/26099"}],"collection":[{"href":"https:\/\/legacy.dia.edu.az\/en\/wp-json\/wp\/v2\/posts"}],"about":[{"href":"https:\/\/legacy.dia.edu.az\/en\/wp-json\/wp\/v2\/types\/post"}],"author":[{"embeddable":true,"href":"https:\/\/legacy.dia.edu.az\/en\/wp-json\/wp\/v2\/users\/2"}],"replies":[{"embeddable":true,"href":"https:\/\/legacy.dia.edu.az\/en\/wp-json\/wp\/v2\/comments?post=26099"}],"version-history":[{"count":15,"href":"https:\/\/legacy.dia.edu.az\/en\/wp-json\/wp\/v2\/posts\/26099\/revisions"}],"predecessor-version":[{"id":26421,"href":"https:\/\/legacy.dia.edu.az\/en\/wp-json\/wp\/v2\/posts\/26099\/revisions\/26421"}],"wp:featuredmedia":[{"embeddable":true,"href":"https:\/\/legacy.dia.edu.az\/en\/wp-json\/wp\/v2\/media\/26104"}],"wp:attachment":[{"href":"https:\/\/legacy.dia.edu.az\/en\/wp-json\/wp\/v2\/media?parent=26099"}],"wp:term":[{"taxonomy":"category","embeddable":true,"href":"https:\/\/legacy.dia.edu.az\/en\/wp-json\/wp\/v2\/categories?post=26099"},{"taxonomy":"post_tag","embeddable":true,"href":"https:\/\/legacy.dia.edu.az\/en\/wp-json\/wp\/v2\/tags?post=26099"}],"curies":[{"name":"wp","href":"https:\/\/api.w.org\/{rel}","templated":true}]}}