{"id":25690,"date":"2025-04-22T17:27:59","date_gmt":"2025-04-22T13:27:59","guid":{"rendered":"https:\/\/dia.edu.az\/?p=25690"},"modified":"2025-04-22T17:34:56","modified_gmt":"2025-04-22T13:34:56","slug":"r%c9%99hb%c9%99r-kadrlarin-yenid%c9%99n-hazirlanmasi-fakult%c9%99sind%c9%99-insan-huquqlarinin-mudafi%c9%99sind%c9%99-konstitusiya-m%c9%99hk%c9%99m%c9%99sinin-rolu-movzusunda-g","status":"publish","type":"post","link":"https:\/\/legacy.dia.edu.az\/en\/arxivl\u0259r\/25690","title":{"rendered":"R\u0259hb\u0259r Kadrlar\u0131n Yenid\u0259n Haz\u0131rlanmas\u0131 fak\u00fclt\u0259sind\u0259 \u00a0\u201c\u0130nsan h\u00fcquqlar\u0131n\u0131n m\u00fcdafi\u0259sind\u0259 Konstitusiya M\u0259hk\u0259m\u0259sinin rolu\u201d m\u00f6vzusunda g\u00f6r\u00fc\u015f ke\u00e7irilib"},"content":{"rendered":"<div data-elementor-type=\"wp-post\" data-elementor-id=\"25690\" class=\"elementor elementor-25690\" data-elementor-settings=\"[]\">\n\t\t\t\t\t\t<div class=\"elementor-inner\">\n\t\t\t\t\t\t\t<div class=\"elementor-section-wrap\">\n\t\t\t\t\t\t\t<section class=\"elementor-section elementor-top-section elementor-element elementor-element-d27c7c0 elementor-section-boxed elementor-section-height-default elementor-section-height-default\" data-id=\"d27c7c0\" data-element_type=\"section\">\n\t\t\t\t\t\t<div class=\"elementor-container elementor-column-gap-default\">\n\t\t\t\t\t\t\t<div class=\"elementor-row\">\n\t\t\t\t\t<div class=\"elementor-column elementor-col-100 elementor-top-column elementor-element elementor-element-ce3f0eb\" data-id=\"ce3f0eb\" data-element_type=\"column\">\n\t\t\t<div class=\"elementor-column-wrap elementor-element-populated\">\n\t\t\t\t\t\t\t<div class=\"elementor-widget-wrap\">\n\t\t\t\t\t\t<div class=\"elementor-element elementor-element-5d4aaba elementor-position-top elementor-vertical-align-top elementor-widget elementor-widget-image-box\" data-id=\"5d4aaba\" data-element_type=\"widget\" data-widget_type=\"image-box.default\">\n\t\t\t\t<div class=\"elementor-widget-container\">\n\t\t\t<div class=\"elementor-image-box-wrapper\"><figure class=\"elementor-image-box-img\"><a href=\"https:\/\/dia.edu.az\/wp-content\/uploads\/2025\/04\/rrr3-scaled.jpg\"><img width=\"2560\" height=\"1696\" src=\"https:\/\/legacy.dia.edu.az\/wp-content\/uploads\/2025\/04\/rrr3-scaled.jpg\" class=\"attachment-full size-full\" alt=\"\" srcset=\"https:\/\/legacy.dia.edu.az\/wp-content\/uploads\/2025\/04\/rrr3-scaled.jpg 2560w, https:\/\/legacy.dia.edu.az\/wp-content\/uploads\/2025\/04\/rrr3-200x132.jpg 200w, https:\/\/legacy.dia.edu.az\/wp-content\/uploads\/2025\/04\/rrr3-450x298.jpg 450w, https:\/\/legacy.dia.edu.az\/wp-content\/uploads\/2025\/04\/rrr3-1536x1017.jpg 1536w, https:\/\/legacy.dia.edu.az\/wp-content\/uploads\/2025\/04\/rrr3-2048x1356.jpg 2048w, https:\/\/legacy.dia.edu.az\/wp-content\/uploads\/2025\/04\/rrr3-18x12.jpg 18w, https:\/\/legacy.dia.edu.az\/wp-content\/uploads\/2025\/04\/rrr3-150x100.jpg 150w, https:\/\/legacy.dia.edu.az\/wp-content\/uploads\/2025\/04\/rrr3-200x132@2x.jpg 400w, https:\/\/legacy.dia.edu.az\/wp-content\/uploads\/2025\/04\/rrr3-450x298@2x.jpg 900w\" sizes=\"(max-width: 2560px) 100vw, 2560px\" \/><\/a><\/figure><div class=\"elementor-image-box-content\"><h3 class=\"elementor-image-box-title\"><a href=\"https:\/\/dia.edu.az\/wp-content\/uploads\/2025\/04\/rrr3-scaled.jpg\">R\u0259hb\u0259r Kadrlar\u0131n Yenid\u0259n Haz\u0131rlanmas\u0131 fak\u00fclt\u0259sind\u0259  \u201c\u0130nsan h\u00fcquqlar\u0131n\u0131n m\u00fcdafi\u0259sind\u0259 Konstitusiya M\u0259hk\u0259m\u0259sinin rolu\u201d m\u00f6vzusunda g\u00f6r\u00fc\u015f ke\u00e7irilib<\/a><\/h3><p class=\"elementor-image-box-description\">Az\u0259rbaycan Respublikas\u0131n\u0131n Prezidenti yan\u0131nda D\u00f6vl\u0259t \u0130dar\u0259\u00e7ilik Akademiyas\u0131n\u0131n 2025-ci ilin \u201cKonstitusiya v\u0259 Suverenlik ili\u201d il\u0259 ba\u011fl\u0131 t\u0259sdiq olunmu\u015f t\u0259dbirl\u0259r plan\u0131na \u0259sas\u0259n silsil\u0259 g\u00f6r\u00fc\u015fl\u0259r davam edir. Aprelin 21 -d\u0259  Konstitusiya M\u0259hk\u0259m\u0259sinin hakimi Kamran \u015e\u0259fiyevin   \u201cR\u0259hb\u0259r kadrlar\u0131n yenid\u0259n haz\u0131rlanmas\u0131\u201d fak\u00fclt\u0259sind\u0259  d\u00f6vl\u0259t qulluq\u00e7usu olan magistrantlar \u00fc\u00e7\u00fcn  \u201c\u0130nsan h\u00fcquqlar\u0131n\u0131n m\u00fcdafi\u0259sind\u0259 Konstitusiya M\u0259hk\u0259m\u0259sinin rolu\u201d m\u00f6vzusunda m\u00fchazir\u0259si ba\u015f tutmu\u015fdur. <br> \nKamran \u015e\u0259fiyev \u00e7\u0131x\u0131\u015f\u0131nda 1995-ci ild\u0259 q\u0259bul olunmu\u015f Konstitusiyan\u0131n h\u00fcquqi d\u00f6vl\u0259t quruculu\u011fu v\u0259 demokratik c\u0259miyy\u0259tin formala\u015fmas\u0131ndak\u0131 roluna toxunmu\u015fdur. O, \u00dcmummilli Lider Heyd\u0259r \u018fliyevin Konstitusiyan\u0131n haz\u0131rlanmas\u0131ndak\u0131 tarixi xidm\u0259tl\u0259rini v\u0259 Prezident \u0130lham \u018fliyevin r\u0259hb\u0259rliyi il\u0259 h\u0259yata ke\u00e7iril\u0259n h\u00fcquqi islahatlar\u0131 x\u00fcsusi vur\u011fulam\u0131\u015fd\u0131r.<br>\nHakim, 1998-ci ild\u0259 yarad\u0131lm\u0131\u015f Konstitusiya M\u0259hk\u0259m\u0259sinin konstitusiya n\u0259zar\u0259tinin h\u0259yata ke\u00e7irilm\u0259si v\u0259 insan h\u00fcquqlar\u0131n\u0131n m\u00fcdafi\u0259sind\u0259 oynad\u0131\u011f\u0131 rolu izah etmi\u015f, beyn\u0259lxalq t\u0259cr\u00fcb\u0259y\u0259 \u0259sas\u0259n m\u00fcxt\u0259lif n\u0259zar\u0259t modell\u0259ri v\u0259 onlar\u0131n h\u00fcquqi \u0259h\u0259miyy\u0259ti bar\u0259d\u0259 m\u0259lumat vermi\u015fdir. H\u0259m\u00e7inin, Konstitusiya M\u0259hk\u0259m\u0259sinin q\u0259rarlar\u0131n\u0131n h\u00fcququn inki\u015faf\u0131na v\u0259 h\u00fcquqi \u015f\u00fcurun formala\u015fmas\u0131na verdiyi t\u00f6hf\u0259l\u0259r\u0259 toxunulmu\u015fdur.   <br>\nT\u0259dbirin sonunda t\u0259l\u0259b\u0259l\u0259rin suallar\u0131 cavabland\u0131r\u0131lm\u0131\u015f v\u0259 qar\u015f\u0131l\u0131ql\u0131 fikir m\u00fcbadil\u0259si apar\u0131lm\u0131\u015fd\u0131r.  \n <\/p><\/div><\/div>\t\t<\/div>\n\t\t\t\t<\/div>\n\t\t\t\t\t\t<\/div>\n\t\t\t\t\t<\/div>\n\t\t<\/div>\n\t\t\t\t\t\t\t\t<\/div>\n\t\t\t\t\t<\/div>\n\t\t<\/section>\n\t\t\t\t\t\t<\/div>\n\t\t\t\t\t\t<\/div>\n\t\t\t\t\t<\/div>","protected":false},"excerpt":{"rendered":"<p>Az\u0259rbaycan Respublikas\u0131n\u0131n Prezidenti yan\u0131nda D\u00f6vl\u0259t \u0130dar\u0259\u00e7ilik Akademiyas\u0131n\u0131n 2025-ci ilin \u201cKonstitusiya v\u0259 Suverenlik ili\u201d il\u0259 <\/p>","protected":false},"author":2,"featured_media":25694,"comment_status":"closed","ping_status":"closed","sticky":false,"template":"","format":"standard","meta":[],"categories":[137],"tags":[],"_links":{"self":[{"href":"https:\/\/legacy.dia.edu.az\/en\/wp-json\/wp\/v2\/posts\/25690"}],"collection":[{"href":"https:\/\/legacy.dia.edu.az\/en\/wp-json\/wp\/v2\/posts"}],"about":[{"href":"https:\/\/legacy.dia.edu.az\/en\/wp-json\/wp\/v2\/types\/post"}],"author":[{"embeddable":true,"href":"https:\/\/legacy.dia.edu.az\/en\/wp-json\/wp\/v2\/users\/2"}],"replies":[{"embeddable":true,"href":"https:\/\/legacy.dia.edu.az\/en\/wp-json\/wp\/v2\/comments?post=25690"}],"version-history":[{"count":23,"href":"https:\/\/legacy.dia.edu.az\/en\/wp-json\/wp\/v2\/posts\/25690\/revisions"}],"predecessor-version":[{"id":25718,"href":"https:\/\/legacy.dia.edu.az\/en\/wp-json\/wp\/v2\/posts\/25690\/revisions\/25718"}],"wp:featuredmedia":[{"embeddable":true,"href":"https:\/\/legacy.dia.edu.az\/en\/wp-json\/wp\/v2\/media\/25694"}],"wp:attachment":[{"href":"https:\/\/legacy.dia.edu.az\/en\/wp-json\/wp\/v2\/media?parent=25690"}],"wp:term":[{"taxonomy":"category","embeddable":true,"href":"https:\/\/legacy.dia.edu.az\/en\/wp-json\/wp\/v2\/categories?post=25690"},{"taxonomy":"post_tag","embeddable":true,"href":"https:\/\/legacy.dia.edu.az\/en\/wp-json\/wp\/v2\/tags?post=25690"}],"curies":[{"name":"wp","href":"https:\/\/api.w.org\/{rel}","templated":true}]}}