{"id":25616,"date":"2025-04-08T17:10:00","date_gmt":"2025-04-08T13:10:00","guid":{"rendered":"https:\/\/dia.edu.az\/?p=25616"},"modified":"2025-04-08T21:14:06","modified_gmt":"2025-04-08T17:14:06","slug":"dia-da-dovl%c9%99t-miqrasiya-xidm%c9%99tinin-%c9%99m%c9%99kdaslari-ucun-irqi-ayri-seckiliyin-butun-formalarinin-l%c9%99gv-edilm%c9%99si-haqqinda-beyn%c9%99lxalq-ko","status":"publish","type":"post","link":"https:\/\/legacy.dia.edu.az\/en\/arxivl\u0259r\/25616","title":{"rendered":"D\u0130A-da D\u00f6vl\u0259t\u00a0Miqrasiya\u00a0Xidm\u0259tinin \u0259m\u0259kda\u015flar\u0131 \u00fc\u00e7\u00fcn \u201c\u201c\u0130rqi ayr\u0131-se\u00e7kiliyin b\u00fct\u00fcn formalar\u0131n\u0131n l\u0259\u011fv edilm\u0259si haqq\u0131nda\u201d Beyn\u0259lxalq Konvensiyadan ir\u0259li g\u0259l\u0259n \u00f6hd\u0259likl\u0259r\u201d adl\u0131 t\u0259lim ke\u00e7irilmi\u015fdir"},"content":{"rendered":"<div data-elementor-type=\"wp-post\" data-elementor-id=\"25616\" class=\"elementor elementor-25616\" data-elementor-settings=\"[]\">\n\t\t\t\t\t\t<div class=\"elementor-inner\">\n\t\t\t\t\t\t\t<div class=\"elementor-section-wrap\">\n\t\t\t\t\t\t\t<section class=\"elementor-section elementor-top-section elementor-element elementor-element-7edaf79 elementor-section-boxed elementor-section-height-default elementor-section-height-default\" data-id=\"7edaf79\" data-element_type=\"section\">\n\t\t\t\t\t\t<div class=\"elementor-container elementor-column-gap-default\">\n\t\t\t\t\t\t\t<div class=\"elementor-row\">\n\t\t\t\t\t<div class=\"elementor-column elementor-col-100 elementor-top-column elementor-element elementor-element-5c1d954\" data-id=\"5c1d954\" data-element_type=\"column\">\n\t\t\t<div class=\"elementor-column-wrap elementor-element-populated\">\n\t\t\t\t\t\t\t<div class=\"elementor-widget-wrap\">\n\t\t\t\t\t\t<div class=\"elementor-element elementor-element-458e0d3 elementor-widget elementor-widget-text-editor\" data-id=\"458e0d3\" data-element_type=\"widget\" data-widget_type=\"text-editor.default\">\n\t\t\t\t<div class=\"elementor-widget-container\">\n\t\t\t\t\t\t\t\t<div class=\"elementor-text-editor elementor-clearfix\">\n\t\t\t\t\tD\u0130A-da D\u00f6vl\u0259t\u00a0Miqrasiya\u00a0Xidm\u0259tinin \u0259m\u0259kda\u015flar\u0131 \u00fc\u00e7\u00fcn \u201c\u201c\u0130rqi ayr\u0131-se\u00e7kiliyin b\u00fct\u00fcn formalar\u0131n\u0131n l\u0259\u011fv edilm\u0259si haqq\u0131nda\u201d Beyn\u0259lxalq Konvensiyadan ir\u0259li g\u0259l\u0259n \u00f6hd\u0259likl\u0259r\u201d adl\u0131 t\u0259lim ke\u00e7irilmi\u015fdir\t\t\t\t\t<\/div>\n\t\t\t\t\t\t<\/div>\n\t\t\t\t<\/div>\n\t\t\t\t\t\t<\/div>\n\t\t\t\t\t<\/div>\n\t\t<\/div>\n\t\t\t\t\t\t\t\t<\/div>\n\t\t\t\t\t<\/div>\n\t\t<\/section>\n\t\t\t\t<section class=\"elementor-section elementor-top-section elementor-element elementor-element-05fa9a8 elementor-section-boxed elementor-section-height-default elementor-section-height-default\" data-id=\"05fa9a8\" data-element_type=\"section\">\n\t\t\t\t\t\t<div class=\"elementor-container elementor-column-gap-default\">\n\t\t\t\t\t\t\t<div class=\"elementor-row\">\n\t\t\t\t\t<div class=\"elementor-column elementor-col-100 elementor-top-column elementor-element elementor-element-e6b685f\" data-id=\"e6b685f\" data-element_type=\"column\">\n\t\t\t<div class=\"elementor-column-wrap elementor-element-populated\">\n\t\t\t\t\t\t\t<div class=\"elementor-widget-wrap\">\n\t\t\t\t\t\t<div class=\"elementor-element elementor-element-8a61dae elementor-widget elementor-widget-text-editor\" data-id=\"8a61dae\" data-element_type=\"widget\" data-widget_type=\"text-editor.default\">\n\t\t\t\t<div class=\"elementor-widget-container\">\n\t\t\t\t\t\t\t\t<div class=\"elementor-text-editor elementor-clearfix\">\n\t\t\t\t\t<p>2025-ci il aprelin 8-d\u0259 Az\u0259rbaycan Respublikas\u0131 D\u00f6vl\u0259t Miqrasiya Xidm\u0259tinin \u0259m\u0259kda\u015flar\u0131 \u00fc\u00e7\u00fcn D\u00f6vl\u0259t \u0130dar\u0259\u00e7ilik Akademiyas\u0131nda \u201c\u201c\u0130rqi ayr\u0131-se\u00e7kiliyin b\u00fct\u00fcn formalar\u0131n\u0131n l\u0259\u011fv edilm\u0259si haqq\u0131nda\u201d Beyn\u0259lxalq Konvensiyadan ir\u0259li g\u0259l\u0259n \u00f6hd\u0259likl\u0259r\u201d m\u00f6vzusuna h\u0259sr olunmu\u015f t\u0259lim ke\u00e7irilmi\u015fdir. T\u0259limd\u0259 D\u00f6vl\u0259t \u0130dar\u0259\u00e7ilik Akademiyas\u0131n\u0131n H\u00fcquq kafedras\u0131n\u0131n m\u00fcdiri, h\u00fcquq elml\u0259ri doktoru, professor \u0130saxan V\u0259liyev m\u00fchazir\u0259 il\u0259 \u00e7\u0131x\u0131\u015f etmi\u015fdir. T\u0259dbirin \u0259sas m\u0259qs\u0259di bu Konvensiyan\u0131n mahiyy\u0259ti v\u0259 t\u0259l\u0259bl\u0259ri bar\u0259d\u0259 m\u0259lumatl\u0131l\u0131\u011f\u0131n\u0131n art\u0131r\u0131lmas\u0131, eyni zamanda milli qanunvericiliyin beyn\u0259lxalq standartlara uy\u011funlu\u011funun t\u0259\u015fviqi olmu\u015fdur.&nbsp;<br>\nT\u0259lim zaman\u0131 Konvensiyan\u0131n q\u0259bul tarixi, h\u00fcquqi mexanizml\u0259ri, i\u015ftirak\u00e7\u0131 d\u00f6vl\u0259tl\u0259rin \u00f6hd\u0259likl\u0259ri v\u0259 irqi ayr\u0131-se\u00e7kiliyin qar\u015f\u0131s\u0131n\u0131n al\u0131nmas\u0131 istiqam\u0259tind\u0259 beyn\u0259lxalq t\u0259cr\u00fcb\u0259l\u0259r m\u00fczakir\u0259 olunmu\u015fdur. Eyni zamanda, i\u015ftirak\u00e7\u0131lara Konvensiya \u00e7\u0259r\u00e7iv\u0259sind\u0259 t\u0259qdim olunan hesabatlar\u0131n haz\u0131rlanmas\u0131 v\u0259 BMT-nin M\u00fcvafiq Komit\u0259sin\u0259 t\u0259qdim olunmas\u0131 prosesi bar\u0259d\u0259 \u0259trafl\u0131 m\u0259lumat verilmi\u015fdir.<br>\nProfessor \u0130saxan V\u0259liyev irqi ayr\u0131-se\u00e7kiliyin qar\u015f\u0131s\u0131n\u0131n al\u0131nmas\u0131n\u0131n qlobal \u0259h\u0259miyy\u0259tini vur\u011fulam\u0131\u015f, insan h\u00fcquqlar\u0131n\u0131n m\u00fcdafi\u0259sind\u0259 universal yana\u015fman\u0131n \u00f6n\u0259mini qeyd etmi\u015fdir.<br>\nAz\u0259rbaycan Respublikas\u0131n\u0131n m\u00f6vqeyi t\u0259lim zaman\u0131 x\u00fcsusi diqq\u0259t \u00e7\u0259kmi\u015fdir. Prof. \u0130. V\u0259liyev Az\u0259rbaycan\u0131n 1996-c\u0131 ild\u0259 &#8216;\u0130rqi ayr\u0131-se\u00e7kiliyin b\u00fct\u00fcn formalar\u0131n\u0131n l\u0259\u011fv edilm\u0259si haqq\u0131nda&#8217; Beyn\u0259lxalq Konvensiyan\u0131 ratifikasiya etm\u0259si, el\u0259c\u0259 d\u0259 ratifikasiyadan sonra bu sah\u0259d\u0259 beyn\u0259lxalq \u00f6hd\u0259likl\u0259rin\u0259 uy\u011fun \u015f\u0259kild\u0259 h\u0259yata ke\u00e7irdiyi institusional v\u0259 h\u00fcquqi t\u0259dbirl\u0259r bar\u0259d\u0259 i\u015ftirak\u00e7\u0131lara geni\u015f v\u0259 \u0259sasland\u0131r\u0131lm\u0131\u015f m\u0259lumat t\u0259qdim etmi\u015fdir. \u00d6lk\u0259d\u0259 irqi v\u0259 etnik m\u00fcxt\u0259lifliy\u0259 malik bir c\u0259miyy\u0259tin m\u00f6vcud oldu\u011fu qeyd edilmi\u015f, tolerantl\u0131q v\u0259 multikulturalizm prinsipl\u0259rinin d\u00f6vl\u0259t siyas\u0259tind\u0259 m\u00fch\u00fcm yer tutdu\u011fu vur\u011fulanm\u0131\u015fd\u0131r.<br>\nT\u0259lim interaktiv \u015f\u0259kild\u0259 t\u0259\u015fkil olunmu\u015f, i\u015ftirak\u00e7\u0131lar sual-cavab sessiyalar\u0131nda aktiv i\u015ftirak etmi\u015f, praktiki n\u00fcmun\u0259l\u0259r \u0259sas\u0131nda irqi ayr\u0131-se\u00e7kiliyin tan\u0131nmas\u0131 v\u0259 qar\u015f\u0131s\u0131n\u0131n al\u0131nmas\u0131 yollar\u0131n\u0131 m\u00fczakir\u0259 etmi\u015fl\u0259r.\n<\/p>\t\t\t\t\t<\/div>\n\t\t\t\t\t\t<\/div>\n\t\t\t\t<\/div>\n\t\t\t\t\t\t<\/div>\n\t\t\t\t\t<\/div>\n\t\t<\/div>\n\t\t\t\t\t\t\t\t<\/div>\n\t\t\t\t\t<\/div>\n\t\t<\/section>\n\t\t\t\t\t\t<\/div>\n\t\t\t\t\t\t<\/div>\n\t\t\t\t\t<\/div>","protected":false},"excerpt":{"rendered":"<p>2025-ci il aprelin 8-d\u0259 Az\u0259rbaycan Respublikas\u0131 D\u00f6vl\u0259t Miqrasiya Xidm\u0259tinin \u0259m\u0259kda\u015flar\u0131 \u00fc\u00e7\u00fcn D\u00f6vl\u0259t \u0130dar\u0259\u00e7ilik Akademiyas\u0131nda \u201c\u201c\u0130rqi ayr\u0131-se\u00e7kiliyin b\u00fct\u00fcn formalar\u0131n\u0131n l\u0259\u011fv edilm\u0259si haqq\u0131nda\u201d Beyn\u0259lxalq Konvensiyadan ir\u0259li g\u0259l\u0259n \u00f6hd\u0259likl\u0259r\u201d m\u00f6vzusuna <\/p>","protected":false},"author":2,"featured_media":25325,"comment_status":"closed","ping_status":"closed","sticky":false,"template":"","format":"standard","meta":[],"categories":[137],"tags":[],"_links":{"self":[{"href":"https:\/\/legacy.dia.edu.az\/en\/wp-json\/wp\/v2\/posts\/25616"}],"collection":[{"href":"https:\/\/legacy.dia.edu.az\/en\/wp-json\/wp\/v2\/posts"}],"about":[{"href":"https:\/\/legacy.dia.edu.az\/en\/wp-json\/wp\/v2\/types\/post"}],"author":[{"embeddable":true,"href":"https:\/\/legacy.dia.edu.az\/en\/wp-json\/wp\/v2\/users\/2"}],"replies":[{"embeddable":true,"href":"https:\/\/legacy.dia.edu.az\/en\/wp-json\/wp\/v2\/comments?post=25616"}],"version-history":[{"count":9,"href":"https:\/\/legacy.dia.edu.az\/en\/wp-json\/wp\/v2\/posts\/25616\/revisions"}],"predecessor-version":[{"id":25625,"href":"https:\/\/legacy.dia.edu.az\/en\/wp-json\/wp\/v2\/posts\/25616\/revisions\/25625"}],"wp:featuredmedia":[{"embeddable":true,"href":"https:\/\/legacy.dia.edu.az\/en\/wp-json\/wp\/v2\/media\/25325"}],"wp:attachment":[{"href":"https:\/\/legacy.dia.edu.az\/en\/wp-json\/wp\/v2\/media?parent=25616"}],"wp:term":[{"taxonomy":"category","embeddable":true,"href":"https:\/\/legacy.dia.edu.az\/en\/wp-json\/wp\/v2\/categories?post=25616"},{"taxonomy":"post_tag","embeddable":true,"href":"https:\/\/legacy.dia.edu.az\/en\/wp-json\/wp\/v2\/tags?post=25616"}],"curies":[{"name":"wp","href":"https:\/\/api.w.org\/{rel}","templated":true}]}}