{"id":25593,"date":"2025-04-03T12:03:50","date_gmt":"2025-04-03T08:03:50","guid":{"rendered":"https:\/\/dia.edu.az\/?p=25593"},"modified":"2025-04-03T12:21:56","modified_gmt":"2025-04-03T08:21:56","slug":"rektor-urxan-%c9%99l%c9%99kb%c9%99rov-az%c9%99rbaycan-cin-strateji-t%c9%99r%c9%99fdasligi-qlobal-c%c9%99nubda-konsolidasiya-v%c9%99-%c9%99m%c9%99kdasligin-t%c9%99sviqiadli","status":"publish","type":"post","link":"https:\/\/legacy.dia.edu.az\/en\/arxivl\u0259r\/25593","title":{"rendered":"Rektor Urxan \u018fl\u0259kb\u0259rov \u201cAz\u0259rbaycan \u2013 \u00c7in strateji t\u0259r\u0259fda\u015fl\u0131\u011f\u0131: Qlobal C\u0259nubda konsolidasiya v\u0259 \u0259m\u0259kda\u015fl\u0131\u011f\u0131n t\u0259\u015fviqi\u201dadl\u0131 beyn\u0259lxalq konfransda \u00e7\u0131x\u0131\u015f etdi"},"content":{"rendered":"<div data-elementor-type=\"wp-post\" data-elementor-id=\"25593\" class=\"elementor elementor-25593\" data-elementor-settings=\"[]\">\n\t\t\t\t\t\t<div class=\"elementor-inner\">\n\t\t\t\t\t\t\t<div class=\"elementor-section-wrap\">\n\t\t\t\t\t\t\t<section class=\"elementor-section elementor-top-section elementor-element elementor-element-440b75d elementor-section-boxed elementor-section-height-default elementor-section-height-default\" data-id=\"440b75d\" data-element_type=\"section\">\n\t\t\t\t\t\t<div class=\"elementor-container elementor-column-gap-default\">\n\t\t\t\t\t\t\t<div class=\"elementor-row\">\n\t\t\t\t\t<div class=\"elementor-column elementor-col-100 elementor-top-column elementor-element elementor-element-17c06b4\" data-id=\"17c06b4\" data-element_type=\"column\">\n\t\t\t<div class=\"elementor-column-wrap elementor-element-populated\">\n\t\t\t\t\t\t\t<div class=\"elementor-widget-wrap\">\n\t\t\t\t\t\t<div class=\"elementor-element elementor-element-d45e5a6 elementor-widget elementor-widget-text-editor\" data-id=\"d45e5a6\" data-element_type=\"widget\" data-widget_type=\"text-editor.default\">\n\t\t\t\t<div class=\"elementor-widget-container\">\n\t\t\t\t\t\t\t\t<div class=\"elementor-text-editor elementor-clearfix\">\n\t\t\t\t\tRektor Urxan \u018fl\u0259kb\u0259rov \u201cAz\u0259rbaycan \u2013 \u00c7in strateji t\u0259r\u0259fda\u015fl\u0131\u011f\u0131: Qlobal C\u0259nubda konsolidasiya v\u0259 \u0259m\u0259kda\u015fl\u0131\u011f\u0131n t\u0259\u015fviqi\u201dadl\u0131 beyn\u0259lxalq konfransda \u00e7\u0131x\u0131\u015f etdi\t\t\t\t\t<\/div>\n\t\t\t\t\t\t<\/div>\n\t\t\t\t<\/div>\n\t\t\t\t\t\t<\/div>\n\t\t\t\t\t<\/div>\n\t\t<\/div>\n\t\t\t\t\t\t\t\t<\/div>\n\t\t\t\t\t<\/div>\n\t\t<\/section>\n\t\t\t\t<section class=\"elementor-section elementor-top-section elementor-element elementor-element-040d403 elementor-section-boxed elementor-section-height-default elementor-section-height-default\" data-id=\"040d403\" data-element_type=\"section\">\n\t\t\t\t\t\t<div class=\"elementor-container elementor-column-gap-default\">\n\t\t\t\t\t\t\t<div class=\"elementor-row\">\n\t\t\t\t\t<div class=\"elementor-column elementor-col-100 elementor-top-column elementor-element elementor-element-939e3a6\" data-id=\"939e3a6\" data-element_type=\"column\">\n\t\t\t<div class=\"elementor-column-wrap elementor-element-populated\">\n\t\t\t\t\t\t\t<div class=\"elementor-widget-wrap\">\n\t\t\t\t\t\t<div class=\"elementor-element elementor-element-9b51275 elementor-widget elementor-widget-text-editor\" data-id=\"9b51275\" data-element_type=\"widget\" data-widget_type=\"text-editor.default\">\n\t\t\t\t<div class=\"elementor-widget-container\">\n\t\t\t\t\t\t\t\t<div class=\"elementor-text-editor elementor-clearfix\">\n\t\t\t\t\t<p>Aprelin 2-d\u0259  Yeni Az\u0259rbaycan Partiyas\u0131n\u0131n (YAP) t\u0259\u015fkilat\u00e7\u0131l\u0131\u011f\u0131 il\u0259  \u201cAz\u0259rbaycan \u2013 \u00c7in strateji t\u0259r\u0259fda\u015fl\u0131\u011f\u0131: Qlobal C\u0259nubda konsolidasiya v\u0259 \u0259m\u0259kda\u015fl\u0131\u011f\u0131n t\u0259\u015fviqi\u201d m\u00f6vzusunda konfrans ke\u00e7irilib.&nbsp;<\/p>\n<p>Beyn\u0259lxalq konfransda Az\u0259rbaycan Respublikas\u0131n\u0131n Prezidenti yan\u0131nda D\u00f6vl\u0259t \u0130dar\u0259\u00e7ilik Akademiyas\u0131n\u0131n rektoru, akademik  Urxan \u018fl\u0259kb\u0259rov \u00e7\u0131x\u0131\u015f etmi\u015fdir.  O, Az\u0259rbaycan v\u0259 \u00c7in aras\u0131nda \u00e7ox\u015fax\u0259li \u0259m\u0259kda\u015fl\u0131\u011f\u0131n daha da geni\u015fl\u0259ndirilm\u0259sinin  vacib oldu\u011funu  qeyd ed\u0259r\u0259k, m\u00fcasir d\u00f6vrd\u0259 ekoloji v\u0259 sosial-humanitar m\u0259s\u0259l\u0259l\u0259rin qlobal xarakterli probleml\u0259r kimi diqq\u0259t m\u0259rk\u0259zind\u0259 oldu\u011funu bildirmi\u015fdir: \u201cD\u00fcnya birliyi inki\u015faf\u0131n davaml\u0131 v\u0259 dayan\u0131ql\u0131 olmas\u0131 yolu il\u0259 bu probleml\u0259rin h\u0259ll edilm\u0259sini \u00f6n plana \u00e7\u0131xar\u0131b. Haz\u0131rda bu prosesin realla\u015fmas\u0131 istiqam\u0259tind\u0259 m\u00fc\u0259yy\u0259n nailiyy\u0259tl\u0259r \u0259ld\u0259 olunub. Lakin qlobal miqyasda 2030-c\u00fc il\u0259 q\u0259d\u0259r n\u0259z\u0259rd\u0259 tutulmu\u015f b\u0259zi m\u0259qs\u0259dl\u0259rin h\u0259yata ke\u00e7irilm\u0259si bir q\u0259d\u0259r l\u0259ngiyir. Bu faktorlar onu g\u00f6st\u0259rir ki, inki\u015faf\u0131n idar\u0259 edilm\u0259sind\u0259 yeni yana\u015fmalar laz\u0131md\u0131r. Yeni yana\u015fmalar dedikd\u0259, d\u00fcnya \u00f6z inki\u015faf\u0131nda ekoloji sivilizasiya m\u0259rh\u0259l\u0259sin\u0259 ke\u00e7id etm\u0259lidir. Qeyd etm\u0259k laz\u0131md\u0131r ki, bu termin v\u0259 \u00fcmumiyy\u0259tl\u0259, s\u00f6z\u00fcged\u0259n konsepsiya 1990-c\u0131 ill\u0259rin \u0259vv\u0259ll\u0259rind\u0259 Az\u0259rbaycanda yaranm\u0131\u015f v\u0259 \u00dcmummilli Lider Heyd\u0259r \u018fliyev t\u0259r\u0259find\u0259n BMT-nin \u201c\u0130nsan \u0130nki\u015faf\u0131 Hesabat\u0131\u201dnda t\u0259qdim olunmu\u015fdur. \u00c7in m\u0259hz bu sah\u0259d\u0259 qlobal lider m\u00f6vqeyini qoruyub saxlay\u0131r. 2007-ci ild\u0259 \u00c7in Kommunist Partiyas\u0131n\u0131n XVII Qurultay\u0131nda ekoloji sivilizasiya konsepsiyas\u0131 \u00fcmummilli konteksd\u0259 qeyd edilib. Bu partiyan\u0131n 2012-ci ild\u0259 ke\u00e7iril\u0259n XVIII Qurultay\u0131nda is\u0259 ekoloji sivilizasiya \u00c7inin Konstitusiyas\u0131na daxil edilib. \u00c7in Xalq Respublikas\u0131n\u0131n S\u0259dri Si Cinpin \u00c7in Kommunist Partiyas\u0131n\u0131n 2017-ci ild\u0259 ke\u00e7iril\u0259n XIX Qurultay\u0131nda bu konsepsiyan\u0131n n\u0259 q\u0259d\u0259r \u0259h\u0259miyy\u0259tli oldu\u011funu v\u0259 onun hans\u0131 mexanizml\u0259rl\u0259 h\u0259yata ke\u00e7irilm\u0259si bar\u0259d\u0259 \u0259trafl\u0131 \u00e7\u0131x\u0131\u015f edib\u201d.<br>\nRektor vur\u011fulay\u0131b ki, 2024-c\u00fc ilin noyabr ay\u0131nda Az\u0259rbaycan\u0131n paytaxt\u0131 Bak\u0131 \u015f\u0259h\u0259rind\u0259 COP29 t\u0259dbiri \u00e7ox u\u011furla h\u0259yata ke\u00e7irilib: \u201cBildiyiniz kimi, b\u0259zi dair\u0259l\u0259r iddia edirdil\u0259r ki, bu m\u00f6t\u0259b\u0259r konfrans\u0131n \u00f6lk\u0259mizd\u0259 ke\u00e7irilm\u0259si m\u00fcmk\u00fcn deyil. H\u0259l\u0259 bu s\u00f6hb\u0259tl\u0259r ged\u0259n \u0259r\u0259f\u0259d\u0259 &#8211; 2023-c\u00fc ild\u0259 v\u0259 daha sonra 2024-c\u00fc ild\u0259 D\u00fcnya \u0130qtisadi Forumu yeni bir hesabat d\u0259rc etmi\u015fdir. D\u00fcnya \u00f6lk\u0259l\u0259rinin enerji ke\u00e7idin\u0259 h\u0259sr olunmu\u015f bu hesabatda Az\u0259rbaycan 120 \u00f6lk\u0259 aras\u0131nda 32-ci yeri tutmu\u015fdur. Bu u\u011furlu n\u0259tic\u0259 onu g\u00f6st\u0259rir ki, Az\u0259rbaycan s\u00f6z\u00fcged\u0259n sah\u0259ni \u0259n effektiv idar\u0259 ed\u0259n \u00f6lk\u0259l\u0259r s\u0131ras\u0131ndad\u0131r. B\u00fct\u00fcn bunlar d\u00f6vl\u0259timizin qlobal s\u0259viyy\u0259d\u0259 b\u00f6y\u00fck nailiyy\u0259tl\u0259r \u0259ld\u0259 etdiyini bir daha n\u00fcmayi\u015f etdirir. Az\u0259rbaycan Erm\u0259nistan\u0131n i\u015f\u011fal\u0131ndan azad etdiyi \u0259razil\u0259rind\u0259 &#8211; Qaraba\u011f v\u0259 \u015e\u0259rqi Z\u0259ng\u0259zurda ekoloji sivilizasiya konsepsiyas\u0131na \u0259saslanan m\u00f6ht\u0259\u015f\u0259m i\u015fl\u0259r h\u0259yata ke\u00e7irir. Yeni ya\u015fay\u0131\u015f m\u0259rk\u0259zl\u0259ri, sosial-iqtisadi infrasrukturlar h\u0259min b\u00f6lg\u0259l\u0259rd\u0259 bu t\u0259l\u0259batlara tam uy\u011fun olaraq yarad\u0131l\u0131r\u201d.\n<\/p>\t\t\t\t\t<\/div>\n\t\t\t\t\t\t<\/div>\n\t\t\t\t<\/div>\n\t\t\t\t\t\t<\/div>\n\t\t\t\t\t<\/div>\n\t\t<\/div>\n\t\t\t\t\t\t\t\t<\/div>\n\t\t\t\t\t<\/div>\n\t\t<\/section>\n\t\t\t\t\t\t<\/div>\n\t\t\t\t\t\t<\/div>\n\t\t\t\t\t<\/div>","protected":false},"excerpt":{"rendered":"<p>Aprelin 2-d\u0259  Yeni Az\u0259rbaycan Partiyas\u0131n\u0131n (YAP) t\u0259\u015fkilat\u00e7\u0131l\u0131\u011f\u0131 il\u0259  \u201cAz\u0259rbaycan \u2013 \u00c7in strateji t\u0259r\u0259fda\u015fl\u0131\u011f\u0131: Qlobal C\u0259nubda konsolidasiya v\u0259 \u0259m\u0259kda\u015fl\u0131\u011f\u0131n t\u0259\u015fviqi\u201d m\u00f6vzusunda konfrans ke\u00e7irilib.<\/p>","protected":false},"author":2,"featured_media":25594,"comment_status":"closed","ping_status":"closed","sticky":false,"template":"","format":"standard","meta":[],"categories":[137],"tags":[],"_links":{"self":[{"href":"https:\/\/legacy.dia.edu.az\/en\/wp-json\/wp\/v2\/posts\/25593"}],"collection":[{"href":"https:\/\/legacy.dia.edu.az\/en\/wp-json\/wp\/v2\/posts"}],"about":[{"href":"https:\/\/legacy.dia.edu.az\/en\/wp-json\/wp\/v2\/types\/post"}],"author":[{"embeddable":true,"href":"https:\/\/legacy.dia.edu.az\/en\/wp-json\/wp\/v2\/users\/2"}],"replies":[{"embeddable":true,"href":"https:\/\/legacy.dia.edu.az\/en\/wp-json\/wp\/v2\/comments?post=25593"}],"version-history":[{"count":11,"href":"https:\/\/legacy.dia.edu.az\/en\/wp-json\/wp\/v2\/posts\/25593\/revisions"}],"predecessor-version":[{"id":25606,"href":"https:\/\/legacy.dia.edu.az\/en\/wp-json\/wp\/v2\/posts\/25593\/revisions\/25606"}],"wp:featuredmedia":[{"embeddable":true,"href":"https:\/\/legacy.dia.edu.az\/en\/wp-json\/wp\/v2\/media\/25594"}],"wp:attachment":[{"href":"https:\/\/legacy.dia.edu.az\/en\/wp-json\/wp\/v2\/media?parent=25593"}],"wp:term":[{"taxonomy":"category","embeddable":true,"href":"https:\/\/legacy.dia.edu.az\/en\/wp-json\/wp\/v2\/categories?post=25593"},{"taxonomy":"post_tag","embeddable":true,"href":"https:\/\/legacy.dia.edu.az\/en\/wp-json\/wp\/v2\/tags?post=25593"}],"curies":[{"name":"wp","href":"https:\/\/api.w.org\/{rel}","templated":true}]}}