{"id":25181,"date":"2025-03-06T13:07:42","date_gmt":"2025-03-06T09:07:42","guid":{"rendered":"https:\/\/dia.edu.az\/?p=25181"},"modified":"2025-03-06T13:14:04","modified_gmt":"2025-03-06T09:14:04","slug":"dovl%c9%99t-idar%c9%99cilik-akademiyasinin-mu%c9%99lliminin-m%c9%99qal%c9%99si-polsada-cap-edilmisdir","status":"publish","type":"post","link":"https:\/\/legacy.dia.edu.az\/en\/arxivl\u0259r\/25181","title":{"rendered":"D\u00f6vl\u0259t \u0130dar\u0259\u00e7ilik Akademiyas\u0131n\u0131n m\u00fc\u0259lliminin m\u0259qal\u0259si Pol\u015fada \u00e7ap edilmi\u015fdir"},"content":{"rendered":"<div data-elementor-type=\"wp-post\" data-elementor-id=\"25181\" class=\"elementor elementor-25181\" data-elementor-settings=\"[]\">\n\t\t\t\t\t\t<div class=\"elementor-inner\">\n\t\t\t\t\t\t\t<div class=\"elementor-section-wrap\">\n\t\t\t\t\t\t\t<section class=\"elementor-section elementor-top-section elementor-element elementor-element-294dd9e elementor-section-boxed elementor-section-height-default elementor-section-height-default\" data-id=\"294dd9e\" data-element_type=\"section\">\n\t\t\t\t\t\t<div class=\"elementor-container elementor-column-gap-default\">\n\t\t\t\t\t\t\t<div class=\"elementor-row\">\n\t\t\t\t\t<div class=\"elementor-column elementor-col-100 elementor-top-column elementor-element elementor-element-da88f64\" data-id=\"da88f64\" data-element_type=\"column\">\n\t\t\t<div class=\"elementor-column-wrap elementor-element-populated\">\n\t\t\t\t\t\t\t<div class=\"elementor-widget-wrap\">\n\t\t\t\t\t\t<div class=\"elementor-element elementor-element-663846d elementor-position-top elementor-vertical-align-top elementor-widget elementor-widget-image-box\" data-id=\"663846d\" data-element_type=\"widget\" data-widget_type=\"image-box.default\">\n\t\t\t\t<div class=\"elementor-widget-container\">\n\t\t\t<div class=\"elementor-image-box-wrapper\"><figure class=\"elementor-image-box-img\"><a href=\"https:\/\/dia.edu.az\/wp-content\/uploads\/2025\/03\/WhatsApp-Image-2025-03-06-at-12.41.53.jpeg\"><img width=\"707\" height=\"1133\" src=\"https:\/\/legacy.dia.edu.az\/wp-content\/uploads\/2025\/03\/WhatsApp-Image-2025-03-06-at-12.41.53.jpeg\" class=\"attachment-full size-full\" alt=\"\" srcset=\"https:\/\/legacy.dia.edu.az\/wp-content\/uploads\/2025\/03\/WhatsApp-Image-2025-03-06-at-12.41.53.jpeg 707w, https:\/\/legacy.dia.edu.az\/wp-content\/uploads\/2025\/03\/WhatsApp-Image-2025-03-06-at-12.41.53-125x200.jpeg 125w, https:\/\/legacy.dia.edu.az\/wp-content\/uploads\/2025\/03\/WhatsApp-Image-2025-03-06-at-12.41.53-281x450.jpeg 281w, https:\/\/legacy.dia.edu.az\/wp-content\/uploads\/2025\/03\/WhatsApp-Image-2025-03-06-at-12.41.53-7x12.jpeg 7w, https:\/\/legacy.dia.edu.az\/wp-content\/uploads\/2025\/03\/WhatsApp-Image-2025-03-06-at-12.41.53-125x200@2x.jpeg 250w, https:\/\/legacy.dia.edu.az\/wp-content\/uploads\/2025\/03\/WhatsApp-Image-2025-03-06-at-12.41.53-281x450@2x.jpeg 562w\" sizes=\"(max-width: 707px) 100vw, 707px\" \/><\/a><\/figure><div class=\"elementor-image-box-content\"><h3 class=\"elementor-image-box-title\"><a href=\"https:\/\/dia.edu.az\/wp-content\/uploads\/2025\/03\/WhatsApp-Image-2025-03-06-at-12.41.53.jpeg\">D\u00f6vl\u0259t \u0130dar\u0259\u00e7ilik Akademiyas\u0131n\u0131n m\u00fc\u0259lliminin m\u0259qal\u0259si Pol\u015fada \u00e7ap edilmi\u015fdir<\/a><\/h3><p class=\"elementor-image-box-description\">\nAz\u0259rbaycan Respublikas\u0131n\u0131n Prezidenti yan\u0131nda D\u00f6vl\u0259t \u0130dar\u0259\u00e7ilik Akademiyas\u0131n\u0131n H\u00fcquq kafedras\u0131n\u0131n  m\u00fc\u0259llimi, h.\u00fc.f.d Reyhan C\u0259f\u0259rovan\u0131n m\u0259qal\u0259si  Ali Attestasiya Komissiyas\u0131n\u0131n h\u00fcquq elml\u0259ri \u00fczr\u0259 Beyn\u0259lxalq x\u00fclas\u0259l\u0259ndirm\u0259 v\u0259 indeksl\u0259\u015fm\u0259 bazas\u0131 kimi q\u0259bul etdiyi ER\u0130H PLUS sistemin\u0259 daxil olan, Pol\u015fada n\u0259\u015fr edil\u0259n  \"Futurity Economics&Law\": March (In Progress) n\u00fcfuzlu d\u00f6vri elmi jurnal\u0131nda \u00e7ap edimi\u015fdir. \n\n \u201c\u0130\u015f\u011faldan azad edilmi\u015f \u0259razil\u0259rd\u0259 d\u00f6vl\u0259t idar\u0259\u00e7iliyinin h\u0259yata ke\u00e7irilm\u0259si Az\u0259rbaycan konstitusionalizminin t\u0259zah\u00fcrl\u0259rind\u0259n biri kimi\u201d adl\u0131 m\u0259qal\u0259d\u0259 44 g\u00fcnl\u00fck m\u00fcharib\u0259d\u0259n sonra Qaraba\u011f v\u0259 \u015e\u0259rqi Z\u0259ng\u0259zurda idar\u0259\u00e7ilik mexanizml\u0259rind\u0259n b\u0259hs edilir.<\/p><\/div><\/div>\t\t<\/div>\n\t\t\t\t<\/div>\n\t\t\t\t\t\t<\/div>\n\t\t\t\t\t<\/div>\n\t\t<\/div>\n\t\t\t\t\t\t\t\t<\/div>\n\t\t\t\t\t<\/div>\n\t\t<\/section>\n\t\t\t\t\t\t<\/div>\n\t\t\t\t\t\t<\/div>\n\t\t\t\t\t<\/div>","protected":false},"excerpt":{"rendered":"<p>Az\u0259rbaycan Respublikas\u0131n\u0131n Prezidenti yan\u0131nda D\u00f6vl\u0259t \u0130dar\u0259\u00e7ilik Akademiyas\u0131n\u0131n H\u00fcquq kafedras\u0131n\u0131n  m\u00fc\u0259llimi, h.\u00fc.f.d Reyhan C\u0259f\u0259rovan\u0131n m\u0259qal\u0259si <\/p>","protected":false},"author":2,"featured_media":19451,"comment_status":"closed","ping_status":"closed","sticky":false,"template":"","format":"standard","meta":[],"categories":[137],"tags":[],"_links":{"self":[{"href":"https:\/\/legacy.dia.edu.az\/en\/wp-json\/wp\/v2\/posts\/25181"}],"collection":[{"href":"https:\/\/legacy.dia.edu.az\/en\/wp-json\/wp\/v2\/posts"}],"about":[{"href":"https:\/\/legacy.dia.edu.az\/en\/wp-json\/wp\/v2\/types\/post"}],"author":[{"embeddable":true,"href":"https:\/\/legacy.dia.edu.az\/en\/wp-json\/wp\/v2\/users\/2"}],"replies":[{"embeddable":true,"href":"https:\/\/legacy.dia.edu.az\/en\/wp-json\/wp\/v2\/comments?post=25181"}],"version-history":[{"count":8,"href":"https:\/\/legacy.dia.edu.az\/en\/wp-json\/wp\/v2\/posts\/25181\/revisions"}],"predecessor-version":[{"id":25207,"href":"https:\/\/legacy.dia.edu.az\/en\/wp-json\/wp\/v2\/posts\/25181\/revisions\/25207"}],"wp:featuredmedia":[{"embeddable":true,"href":"https:\/\/legacy.dia.edu.az\/en\/wp-json\/wp\/v2\/media\/19451"}],"wp:attachment":[{"href":"https:\/\/legacy.dia.edu.az\/en\/wp-json\/wp\/v2\/media?parent=25181"}],"wp:term":[{"taxonomy":"category","embeddable":true,"href":"https:\/\/legacy.dia.edu.az\/en\/wp-json\/wp\/v2\/categories?post=25181"},{"taxonomy":"post_tag","embeddable":true,"href":"https:\/\/legacy.dia.edu.az\/en\/wp-json\/wp\/v2\/tags?post=25181"}],"curies":[{"name":"wp","href":"https:\/\/api.w.org\/{rel}","templated":true}]}}