{"id":25132,"date":"2025-02-26T10:11:00","date_gmt":"2025-02-26T06:11:00","guid":{"rendered":"https:\/\/dia.edu.az\/?p=25132"},"modified":"2025-03-03T16:00:25","modified_gmt":"2025-03-03T12:00:25","slug":"dovl%c9%99t-idar%c9%99cilik-akademiyasinda-xocali-soyqiriminin-33-cu-ildonumu-il%c9%99-%c9%99laq%c9%99dar-t%c9%99dbir-kecirilib","status":"publish","type":"post","link":"https:\/\/legacy.dia.edu.az\/en\/arxivl\u0259r\/25132","title":{"rendered":"D\u00f6vl\u0259t \u0130dar\u0259\u00e7ilik Akademiyas\u0131nda Xocal\u0131 soyq\u0131r\u0131m\u0131n\u0131n 33-c\u00fc ild\u00f6n\u00fcm\u00fc il\u0259 \u0259laq\u0259dar t\u0259dbir ke\u00e7irilib"},"content":{"rendered":"<p>D\u00f6vl\u0259t \u0130dar\u0259\u00e7ilik Akademiyas\u0131nda Xocal\u0131 soyq\u0131r\u0131m\u0131n\u0131n 33-c\u00fc ild\u00f6n\u00fcm\u00fc il\u0259 \u0259laq\u0259dar t\u0259dbir<br \/>\nke\u00e7irilib<\/p>\n<figure><img src=\"https:\/\/dia.edu.az\/wp-content\/uploads\/2025\/02\/w4-150x150.jpeg\" alt=\"w4\"><\/figure>\n<figure><img src=\"https:\/\/dia.edu.az\/wp-content\/uploads\/2025\/02\/w3-150x150.jpeg\" alt=\"w3\"><\/figure>\n<figure><img src=\"https:\/\/dia.edu.az\/wp-content\/uploads\/2025\/02\/w6-150x150.jpeg\" alt=\"w6\"><\/figure>\n<figure><img src=\"https:\/\/dia.edu.az\/wp-content\/uploads\/2025\/02\/w2-150x150.jpeg\" alt=\"w2\"><\/figure>\n<figure><img src=\"https:\/\/dia.edu.az\/wp-content\/uploads\/2025\/02\/w5-150x150.jpeg\" alt=\"w5\"><\/figure>\n<figure><img src=\"https:\/\/dia.edu.az\/wp-content\/uploads\/2025\/02\/w1-150x150.jpeg\" alt=\"w1\"><\/figure>\n<p>Previous<br \/>\nNext<\/p>\n<p>Fevral\u0131n 26-da Az\u0259rbaycan Respublikas\u0131n\u0131n Prezidenti yan\u0131nda D\u00f6vl\u0259t \u0130dar\u0259\u00e7ilik<br \/>\nAkademiyas\u0131nda (D\u0130A) Xocal\u0131 soyq\u0131r\u0131m\u0131n\u0131n 33-c\u00fc ild\u00f6n\u00fcm\u00fc il\u0259 \u0259laq\u0259dar t\u0259dbir ke\u00e7irilib.<br \/>\nT\u0259dbird\u0259 \u0259vv\u0259lc\u0259 \u015f\u0259hidl\u0259rin v\u0259 Xocal\u0131 faci\u0259si qurbanlar\u0131n\u0131n xatir\u0259si bir d\u0259qiq\u0259lik s\u00fckutla<br \/>\nan\u0131l\u0131b.<br \/>\n&nbsp;<br \/>\nKonfrans\u0131 Akademiyan\u0131n rektoru, akademik Urxan \u018fl\u0259kb\u0259rov a\u00e7araq, 1992-ci il fevral<br \/>\nay\u0131n\u0131n 26-da Erm\u0259nistan silahl\u0131 birl\u0259\u015fm\u0259l\u0259rinin Az\u0259rbaycan xalq\u0131na qar\u015f\u0131 n\u00f6vb\u0259ti qanl\u0131<br \/>\nt\u0259cav\u00fcz t\u00f6r\u0259tdikl\u0259rini qeyd etdi. Rektor, bu tarixi h\u0259r bir v\u0259t\u0259nda\u015f\u0131n x\u00fcsusil\u0259 g\u0259ncl\u0259rin<br \/>\nbilm\u0259sini t\u00f6vsiy\u0259 ed\u0259r\u0259k, eyni zamanda bu hadis\u0259l\u0259ri Az\u0259rbaycan\u0131n Respublikas\u0131n\u0131n<br \/>\n\u0259razi b\u00fct\u00f6vl\u00fcy\u00fc yolunda, xalq\u0131m\u0131z\u0131n m\u00fcst\u0259qillik yolunda apard\u0131\u011f\u0131 m\u00fcbariz\u0259nin \u0259sas\u0131<br \/>\nkimi, xalq\u0131n q\u0259hr\u0259manl\u0131\u011f\u0131n\u0131n, c\u0259sar\u0259tinin n\u00fcmayi\u015fi kimi xat\u0131rlama\u011f\u0131n \u0259h\u0259miyy\u0259tini<br \/>\nbildirdi. U.\u018fl\u0259kb\u0259rov \u00dcmummilli lider Heyd\u0259r \u018fliyevin xalq\u0131n t\u0259l\u0259bi il\u0259 hakimiyy\u0259t\u0259<br \/>\ng\u0259ldikd\u0259n sonra Xocal\u0131da ba\u015f ver\u0259nl\u0259r\u0259 ilk d\u0259f\u0259 olaraq siyasi \u2013 h\u00fcquqi qiym\u0259t verildiyini,<br \/>\nbu hadis\u0259nin soyq\u0131r\u0131m akt\u0131 kimi t\u0259sbit oldu\u011funu vur\u011fulad\u0131. &nbsp;O, \u00f6lk\u0259 prezidenti \u0130lham<br \/>\n\u018fliyevin t\u0259\u015f\u0259bb\u00fcs\u00fc il\u0259 Xocal\u0131 soyq\u0131r\u0131m\u0131 haqq\u0131nda h\u0259qiq\u0259tl\u0259rin art\u0131q beyn\u0259lxalq<br \/>\nictimaiyy\u0259t t\u0259r\u0259find\u0259n tan\u0131nd\u0131\u011f\u0131n\u0131 vur\u011fulayaraq erm\u0259ni \u015fovinizminin if\u015fa olundu\u011funu<br \/>\nqeyd etdi. Rektor 44 g\u00fcnl\u00fck m\u00fcharib\u0259 v\u0259 antiterror t\u0259dbirl\u0259rind\u0259n sonra Qaraba\u011fda \u0259li<br \/>\nqana bula\u015fm\u0131\u015f \u015f\u0259xsl\u0259rin c\u0259zalanacaqlar\u0131na \u015f\u00fcbh\u0259sinin olmad\u0131\u011f\u0131n\u0131 vur\u011fulayaraq<br \/>\nsuverenliyin b\u0259rpas\u0131ndan sonra b\u00f6lg\u0259d\u0259ki quruculuq i\u015fl\u0259rind\u0259n b\u0259hs etdi. \u201cAli Ba\u015f<br \/>\nKomandan \u0130lham \u018fliyevin r\u0259hb\u0259rliyi il\u0259 m\u00fcz\u0259ff\u0259r Az\u0259rbaycan Ordusu 44 g\u00fcnl\u00fck<br \/>\nm\u00fcharib\u0259 \u0259rzind\u0259 parlaq q\u0259l\u0259b\u0259y\u0259 imza atd\u0131. Prezident \u0130lham \u018fliyev 2023-c\u00fc il<br \/>\noktyabr\u0131n 15-d\u0259 Xocal\u0131 \u015f\u0259h\u0259rind\u0259 \u00fc\u00e7r\u0259ngli bayra\u011f\u0131m\u0131z\u0131 ucaltd\u0131.&nbsp;Art\u0131q h\u0259min torpaqlarda<br \/>\nAz\u0259rbaycan d\u00f6vl\u0259tinin suverenliyi t\u0259min olunub. Bu vacib tarixi ny\u00fcanslar\u0131 g\u0259ncl\u0259r yax\u015f\u0131<br \/>\nbilm\u0259lidirl\u0259r\u201d.<br \/>\nDaha sonra t\u0259dbir \u00e7\u0131x\u0131\u015flar formas\u0131nda davam edib. Tarix kafedras\u0131n\u0131n professoru Havva<br \/>\nM\u0259mm\u0259dova Xocal\u0131 \u015f\u0259h\u0259rinin y\u00fczl\u0259rl\u0259 \u0259liyal\u0131n m\u00fclki \u0259halisinin m\u00fcasir h\u0259rbi texnika il\u0259<br \/>\nsilahlanm\u0131\u015f d\u00fc\u015fm\u0259nin q\u0259fil v\u0259 amans\u0131z h\u00fccumuna m\u0259ruz qalmas\u0131ndan b\u0259hs ed\u0259r\u0259k,<br \/>\ny\u00fczl\u0259rl\u0259 g\u00fcnahs\u0131z insan\u0131n k\u00fctl\u0259vi \u015f\u0259kild\u0259 m\u0259hv edilm\u0259si, qocalar, qad\u0131nlar, u\u015faqlar, h\u0259tta<br \/>\nk\u00f6rp\u0259l\u0259rin \u0259n d\u0259h\u015f\u0259tli \u00fcsul v\u0259 vasit\u0259l\u0259rl\u0259 q\u0259tl\u0259 yetirilm\u0259si, \u0259halinin \u0259ks\u0259riyy\u0259tinin girov<br \/>\ng\u00f6t\u00fcr\u00fcl\u0259r\u0259k insanl\u0131\u011fa s\u0131\u011fmayan h\u0259qar\u0259t v\u0259 t\u0259hqirl\u0259rl\u0259 \u00fczl\u0259\u015fdikl\u0259rini xat\u0131rlatd\u0131. \u201cBu g\u00fcn<br \/>\nXocal\u0131da, \u015eu\u015fada, Xank\u0259ndid\u0259 Az\u0259rbaycan Bayra\u011f\u0131n\u0131n dal\u011falanmas\u0131 q\u0259lbimizi q\u00fcrur<br \/>\nhissi il\u0259 doldurur\u201d, \u2013 dey\u0259 Havva M\u0259mm\u0259dova \u0259lav\u0259 edib.<br \/>\n\u201cQaraba\u011f irsinin ara\u015fd\u0131r\u0131lmas\u0131 m\u0259rk\u0259zi\u201dnin r\u0259hb\u0259ri, Beyn\u0259lxalq m\u00fcnasib\u0259tl\u0259r<br \/>\nkafedras\u0131n\u0131n professoru El\u00e7in \u018fhm\u0259dov&nbsp;Xocal\u0131 soyq\u0131r\u0131m\u0131ndan 33 il \u00f6ts\u0259 d\u0259, onun a\u011fr\u0131-<br \/>\nac\u0131lar\u0131n\u0131n q\u0259lbimizd\u0259 ya\u015fad\u0131\u011f\u0131n\u0131 qeyd ed\u0259r\u0259k, erm\u0259nil\u0259rin Xocal\u0131n\u0131n dinc sakinl\u0259rin\u0259<br \/>\nqanl\u0131 divan tutmalar\u0131n\u0131n yadda\u015flardan silinm\u0259y\u0259c\u0259yini v\u0259 bir gec\u0259d\u0259 m\u0259hv edilmi\u015f<br \/>\nXocal\u0131 \u015f\u0259h\u0259rinin ad\u0131n\u0131n Ruanda, Srebrenitsa v\u0259 Holokost il\u0259 qo\u015fa \u00e7\u0259kildiyini vur\u011fulad\u0131.<br \/>\n\u201cSon iki \u0259srd\u0259 erm\u0259ni mill\u0259t\u00e7il\u0259ri tarixi Az\u0259rbaycan torpaqlar\u0131 hesab\u0131na mifik \u201cb\u00f6y\u00fck<br \/>\nErm\u0259nistan\u201d ideyas\u0131n\u0131 ger\u00e7\u0259kl\u0259\u015fdirm\u0259k m\u0259qs\u0259dil\u0259 d\u0259f\u0259l\u0259rl\u0259 xalq\u0131m\u0131za qar\u015f\u0131 terror,<br \/>\nk\u00fctl\u0259vi q\u0131r\u011f\u0131n, deportasiya v\u0259 etnik t\u0259mizl\u0259m\u0259 kimi b\u0259\u015f\u0259ri cinay\u0259tl\u0259r t\u00f6r\u0259dibl\u0259r. Xocal\u0131<br \/>\nfaci\u0259si is\u0259 200 il\u0259 yax\u0131n bir m\u00fcdd\u0259td\u0259 erm\u0259ni mill\u0259t\u00e7il\u0259rinin v\u0259 onlar\u0131n havadarlar\u0131n\u0131n<br \/>\nAz\u0259rbaycan xalq\u0131na qar\u015f\u0131 apard\u0131qlar\u0131 etnik t\u0259mizl\u0259m\u0259 v\u0259 soyq\u0131r\u0131m\u0131 siyas\u0259tinin davam\u0131<br \/>\nv\u0259 \u0259n qanl\u0131 s\u0259hif\u0259si olub. Bu d\u0259h\u015f\u0259tli soyq\u0131r\u0131m d\u00fcnyan\u0131n g\u00f6z\u00fc qar\u015f\u0131s\u0131nda ba\u015f verib,<br \/>\nq\u0259ddarl\u0131\u011f\u0131 v\u0259 amans\u0131zl\u0131\u011f\u0131 il\u0259 f\u0259rql\u0259nib\u201d.<br \/>\nDig\u0259r \u00e7\u0131x\u0131\u015f ed\u0259nl\u0259r Prezident, M\u00fcz\u0259ff\u0259r Ali Ba\u015f Komandan \u0130lham \u018fliyevin r\u0259hb\u0259rliyi il\u0259<br \/>\n\u015fanl\u0131 Ordumuzun 44 g\u00fcnl\u00fck V\u0259t\u0259n m\u00fcharib\u0259sind\u0259 Z\u0259f\u0259r qazanmaqla d\u00fc\u015fm\u0259n\u0259 d\u0259rs<br \/>\nverdiyini vur\u011fulay\u0131blar. Xat\u0131rlad\u0131l\u0131b ki, 2023-c\u00fc ild\u0259 lokal xarakterli antiterror t\u0259dbirl\u0259ri<br \/>\nn\u0259tic\u0259sind\u0259 suverenliyimiz tam b\u0259rpa olunub. B\u00fct\u00fcn ke\u00e7mi\u015f m\u0259cburi k\u00f6\u00e7k\u00fcnl\u0259r kimi,<br \/>\nxocal\u0131l\u0131lar da art\u0131q evl\u0259rin\u0259 qay\u0131tmaqdad\u0131rlar.<\/p>","protected":false},"excerpt":{"rendered":"<p>Fevral\u0131n 26-da Az\u0259rbaycan Respublikas\u0131n\u0131n Prezidenti yan\u0131nda D\u00f6vl\u0259t \u0130dar\u0259\u00e7ilik<br \/>\nAkademiyas\u0131nda (D\u0130A) Xocal\u0131 soyq\u0131r\u0131m\u0131n\u0131n 33-c\u00fc ild\u00f6n\u00fcm\u00fc il\u0259 \u0259laq\u0259dar t\u0259dbir ke\u00e7irilib.<br \/>\nT\u0259dbird\u0259 \u0259vv\u0259lc\u0259 \u015f\u0259hidl\u0259rin v\u0259 Xocal\u0131 faci\u0259si qurbanlar\u0131n\u0131n xatir\u0259si bir d\u0259qiq\u0259lik s\u00fckutla<br \/>\nan\u0131l\u0131b.<\/p>","protected":false},"author":2,"featured_media":25135,"comment_status":"closed","ping_status":"closed","sticky":false,"template":"","format":"standard","meta":[],"categories":[137],"tags":[],"_links":{"self":[{"href":"https:\/\/legacy.dia.edu.az\/en\/wp-json\/wp\/v2\/posts\/25132"}],"collection":[{"href":"https:\/\/legacy.dia.edu.az\/en\/wp-json\/wp\/v2\/posts"}],"about":[{"href":"https:\/\/legacy.dia.edu.az\/en\/wp-json\/wp\/v2\/types\/post"}],"author":[{"embeddable":true,"href":"https:\/\/legacy.dia.edu.az\/en\/wp-json\/wp\/v2\/users\/2"}],"replies":[{"embeddable":true,"href":"https:\/\/legacy.dia.edu.az\/en\/wp-json\/wp\/v2\/comments?post=25132"}],"version-history":[{"count":5,"href":"https:\/\/legacy.dia.edu.az\/en\/wp-json\/wp\/v2\/posts\/25132\/revisions"}],"predecessor-version":[{"id":25143,"href":"https:\/\/legacy.dia.edu.az\/en\/wp-json\/wp\/v2\/posts\/25132\/revisions\/25143"}],"wp:featuredmedia":[{"embeddable":true,"href":"https:\/\/legacy.dia.edu.az\/en\/wp-json\/wp\/v2\/media\/25135"}],"wp:attachment":[{"href":"https:\/\/legacy.dia.edu.az\/en\/wp-json\/wp\/v2\/media?parent=25132"}],"wp:term":[{"taxonomy":"category","embeddable":true,"href":"https:\/\/legacy.dia.edu.az\/en\/wp-json\/wp\/v2\/categories?post=25132"},{"taxonomy":"post_tag","embeddable":true,"href":"https:\/\/legacy.dia.edu.az\/en\/wp-json\/wp\/v2\/tags?post=25132"}],"curies":[{"name":"wp","href":"https:\/\/api.w.org\/{rel}","templated":true}]}}