{"id":24990,"date":"2025-02-13T17:10:00","date_gmt":"2025-02-13T13:10:00","guid":{"rendered":"https:\/\/dia.edu.az\/?p=24990"},"modified":"2025-02-14T13:04:13","modified_gmt":"2025-02-14T09:04:13","slug":"az%c9%99rbaycan-respublikasinin-prezidenti-yaninda-dovl%c9%99t-idar%c9%99cilik-akademiyasi-dia-yenilikci-v%c9%99-inkisaf-mukafatina-layiq-gorulub","status":"publish","type":"post","link":"https:\/\/legacy.dia.edu.az\/en\/arxivl\u0259r\/24990","title":{"rendered":"Az\u0259rbaycan Respublikas\u0131n\u0131n Prezidenti yan\u0131nda D\u00f6vl\u0259t \u0130dar\u0259\u00e7ilik Akademiyas\u0131 (D\u0130A) &#8220;Yenilik\u00e7i v\u0259 \u0130nki\u015faf M\u00fckafat\u0131&#8221;na layiq g\u00f6r\u00fcl\u00fcb"},"content":{"rendered":"<div data-elementor-type=\"wp-post\" data-elementor-id=\"24990\" class=\"elementor elementor-24990\" data-elementor-settings=\"[]\">\n\t\t\t\t\t\t<div class=\"elementor-inner\">\n\t\t\t\t\t\t\t<div class=\"elementor-section-wrap\">\n\t\t\t\t\t\t\t<section class=\"elementor-section elementor-top-section elementor-element elementor-element-2bcb5ec elementor-section-boxed elementor-section-height-default elementor-section-height-default\" data-id=\"2bcb5ec\" data-element_type=\"section\">\n\t\t\t\t\t\t<div class=\"elementor-container elementor-column-gap-default\">\n\t\t\t\t\t\t\t<div class=\"elementor-row\">\n\t\t\t\t\t<div class=\"elementor-column elementor-col-100 elementor-top-column elementor-element elementor-element-2f912ff\" data-id=\"2f912ff\" data-element_type=\"column\">\n\t\t\t<div class=\"elementor-column-wrap elementor-element-populated\">\n\t\t\t\t\t\t\t<div class=\"elementor-widget-wrap\">\n\t\t\t\t\t\t<div class=\"elementor-element elementor-element-25fe000 elementor-widget elementor-widget-text-editor\" data-id=\"25fe000\" data-element_type=\"widget\" data-widget_type=\"text-editor.default\">\n\t\t\t\t<div class=\"elementor-widget-container\">\n\t\t\t\t\t\t\t\t<div class=\"elementor-text-editor elementor-clearfix\">\n\t\t\t\t\tAz\u0259rbaycan Respublikas\u0131n\u0131n Prezidenti yan\u0131nda D\u00f6vl\u0259t \u0130dar\u0259\u00e7ilik Akademiyas\u0131 (D\u0130A) &#8220;Yenilik\u00e7i v\u0259 \u0130nki\u015faf M\u00fckafat\u0131&#8221;na layiq g\u00f6r\u00fcl\u00fcb\t\t\t\t\t<\/div>\n\t\t\t\t\t\t<\/div>\n\t\t\t\t<\/div>\n\t\t\t\t\t\t<\/div>\n\t\t\t\t\t<\/div>\n\t\t<\/div>\n\t\t\t\t\t\t\t\t<\/div>\n\t\t\t\t\t<\/div>\n\t\t<\/section>\n\t\t\t\t<section class=\"elementor-section elementor-top-section elementor-element elementor-element-97ec4c8 elementor-section-boxed elementor-section-height-default elementor-section-height-default\" data-id=\"97ec4c8\" data-element_type=\"section\">\n\t\t\t\t\t\t<div class=\"elementor-container elementor-column-gap-default\">\n\t\t\t\t\t\t\t<div class=\"elementor-row\">\n\t\t\t\t\t<div class=\"elementor-column elementor-col-100 elementor-top-column elementor-element elementor-element-1ff9500\" data-id=\"1ff9500\" data-element_type=\"column\">\n\t\t\t<div class=\"elementor-column-wrap elementor-element-populated\">\n\t\t\t\t\t\t\t<div class=\"elementor-widget-wrap\">\n\t\t\t\t\t\t<div class=\"elementor-element elementor-element-0cbdb85 elementor-arrows-position-inside elementor-pagination-position-outside elementor-widget elementor-widget-image-carousel\" data-id=\"0cbdb85\" data-element_type=\"widget\" data-settings=\"{&quot;navigation&quot;:&quot;both&quot;,&quot;autoplay&quot;:&quot;yes&quot;,&quot;pause_on_hover&quot;:&quot;yes&quot;,&quot;pause_on_interaction&quot;:&quot;yes&quot;,&quot;autoplay_speed&quot;:5000,&quot;infinite&quot;:&quot;yes&quot;,&quot;speed&quot;:500}\" data-widget_type=\"image-carousel.default\">\n\t\t\t\t<div class=\"elementor-widget-container\">\n\t\t\t\t\t<div class=\"elementor-image-carousel-wrapper swiper-container\" dir=\"ltr\">\n\t\t\t<div class=\"elementor-image-carousel swiper-wrapper\">\n\t\t\t\t<div class=\"swiper-slide\"><a data-elementor-open-lightbox=\"yes\" data-elementor-lightbox-slideshow=\"0cbdb85\" data-elementor-lightbox-title=\"13.02\" href=\"https:\/\/legacy.dia.edu.az\/wp-content\/uploads\/2025\/02\/13.02.jpeg\"><figure class=\"swiper-slide-inner\"><img class=\"swiper-slide-image\" src=\"https:\/\/legacy.dia.edu.az\/wp-content\/uploads\/2025\/02\/13.02-150x150.jpeg\" alt=\"13.02\" \/><\/figure><\/a><\/div><div class=\"swiper-slide\"><a data-elementor-open-lightbox=\"yes\" data-elementor-lightbox-slideshow=\"0cbdb85\" data-elementor-lightbox-title=\"1302.25\" href=\"https:\/\/legacy.dia.edu.az\/wp-content\/uploads\/2025\/02\/1302.25.jpeg\"><figure class=\"swiper-slide-inner\"><img class=\"swiper-slide-image\" src=\"https:\/\/legacy.dia.edu.az\/wp-content\/uploads\/2025\/02\/1302.25-150x150.jpeg\" alt=\"1302.25\" \/><\/figure><\/a><\/div><div class=\"swiper-slide\"><a data-elementor-open-lightbox=\"yes\" data-elementor-lightbox-slideshow=\"0cbdb85\" data-elementor-lightbox-title=\"130225\" href=\"https:\/\/legacy.dia.edu.az\/wp-content\/uploads\/2025\/02\/130225.jpeg\"><figure class=\"swiper-slide-inner\"><img class=\"swiper-slide-image\" src=\"https:\/\/legacy.dia.edu.az\/wp-content\/uploads\/2025\/02\/130225-150x150.jpeg\" alt=\"130225\" \/><\/figure><\/a><\/div><div class=\"swiper-slide\"><a data-elementor-open-lightbox=\"yes\" data-elementor-lightbox-slideshow=\"0cbdb85\" data-elementor-lightbox-title=\"1302\" href=\"https:\/\/legacy.dia.edu.az\/wp-content\/uploads\/2025\/02\/1302.jpeg\"><figure class=\"swiper-slide-inner\"><img class=\"swiper-slide-image\" src=\"https:\/\/legacy.dia.edu.az\/wp-content\/uploads\/2025\/02\/1302-150x150.jpeg\" alt=\"1302\" \/><\/figure><\/a><\/div>\t\t\t<\/div>\n\t\t\t\t\t\t\t\t\t\t\t\t<div class=\"swiper-pagination\"><\/div>\n\t\t\t\t\t\t\t\t\t\t\t\t\t<div class=\"elementor-swiper-button elementor-swiper-button-prev\">\n\t\t\t\t\t\t<i class=\"eicon-chevron-left\" aria-hidden=\"true\"><\/i>\n\t\t\t\t\t\t<span class=\"elementor-screen-only\">Previous<\/span>\n\t\t\t\t\t<\/div>\n\t\t\t\t\t<div class=\"elementor-swiper-button elementor-swiper-button-next\">\n\t\t\t\t\t\t<i class=\"eicon-chevron-right\" aria-hidden=\"true\"><\/i>\n\t\t\t\t\t\t<span class=\"elementor-screen-only\">Next<\/span>\n\t\t\t\t\t<\/div>\n\t\t\t\t\t\t\t\t\t<\/div>\n\t\t\t\t<\/div>\n\t\t\t\t<\/div>\n\t\t\t\t\t\t<\/div>\n\t\t\t\t\t<\/div>\n\t\t<\/div>\n\t\t\t\t\t\t\t\t<\/div>\n\t\t\t\t\t<\/div>\n\t\t<\/section>\n\t\t\t\t<section class=\"elementor-section elementor-top-section elementor-element elementor-element-2ec8617 elementor-section-boxed elementor-section-height-default elementor-section-height-default\" data-id=\"2ec8617\" data-element_type=\"section\">\n\t\t\t\t\t\t<div class=\"elementor-container elementor-column-gap-default\">\n\t\t\t\t\t\t\t<div class=\"elementor-row\">\n\t\t\t\t\t<div class=\"elementor-column elementor-col-100 elementor-top-column elementor-element elementor-element-3073641\" data-id=\"3073641\" data-element_type=\"column\">\n\t\t\t<div class=\"elementor-column-wrap elementor-element-populated\">\n\t\t\t\t\t\t\t<div class=\"elementor-widget-wrap\">\n\t\t\t\t\t\t<div class=\"elementor-element elementor-element-22cc9e8 elementor-widget elementor-widget-text-editor\" data-id=\"22cc9e8\" data-element_type=\"widget\" data-widget_type=\"text-editor.default\">\n\t\t\t\t<div class=\"elementor-widget-container\">\n\t\t\t\t\t\t\t\t<div class=\"elementor-text-editor elementor-clearfix\">\n\t\t\t\t\t<p>M\u00fckafat\u0131n t\u0259qdim olunmas\u0131 m\u0259qs\u0259dil\u0259 Az\u0259rbaycan T\u0259l\u0259b\u0259 G\u0259ncl\u0259r T\u0259\u015fkilat\u0131 \u0130ttifaq\u0131n\u0131n (ATGT\u0130) s\u0259dri R\u0259\u015fad Zeynalov D\u00f6vl\u0259t \u0130dar\u0259\u00e7ilik Akademiyas\u0131n\u0131n rektoru, akademik Urxan \u018fl\u0259kb\u0259rovla g\u00f6r\u00fc\u015f\u00fcb.<br>\nR\u0259\u015fad Zeynalov bu ali t\u0259hsil m\u00fc\u0259ssis\u0259sinin t\u0259l\u0259b\u0259 v\u0259 m\u0259zunlar\u0131n\u0131n Az\u0259rbaycan\u0131n ictimai &#8211; siyasi h\u0259yat\u0131nda h\u0259r zaman \u00f6n\u0259mli rol oynad\u0131\u011f\u0131n\u0131 x\u00fcsusil\u0259 vur\u011fulam\u0131\u015fd\u0131r. O, D\u0130A r\u0259hb\u0259rliyinin daima T\u0259l\u0259b\u0259 G\u0259ncl\u0259r T\u0259\u015fkilat\u0131na d\u0259st\u0259k oldu\u011funu, g\u0259ncl\u0259rin inki\u015faf\u0131 istiqam\u0259tind\u0259 u\u011furlu f\u0259aliyy\u0259tini vur\u011fulam\u0131\u015f, g\u00f6st\u0259ril\u0259n diqq\u0259t\u0259 g\u00f6r\u0259 rektor akademik U.\u018fl\u0259kb\u0259rova t\u0259\u015f\u0259kk\u00fcr\u00fcn\u00fc bildirdi. O, eyni zamanda ATGT- nin g\u00f6rd\u00fcy\u00fc i\u015fl\u0259r bar\u0259d\u0259, g\u0259l\u0259c\u0259kd\u0259 planla\u015fd\u0131r\u0131lan layih\u0259l\u0259r bar\u0259d\u0259 dan\u0131\u015faraq D\u0130A il\u0259 bu istiqam\u0259td\u0259 \u0259m\u0259kda\u015fl\u0131\u011f\u0131n perspektivl\u0259ri haqq\u0131nda fikirl\u0259rini bildirib.&nbsp;<br>\n D\u00f6vl\u0259t \u0130dar\u0259\u00e7ilik Akademiyas\u0131n\u0131n rektoru, akademik U.\u018fl\u0259kb\u0259rov, C\u0259nab Prezident \u0130lham \u018fliyevin r\u0259hb\u0259rliyi alt\u0131nda h\u0259yata ke\u00e7iril\u0259n u\u011furlu g\u0259ncl\u0259r siyas\u0259tind\u0259n dan\u0131\u015faraq \u00f6lk\u0259d\u0259 b\u00fct\u00fcn sah\u0259l\u0259rd\u0259 davam ed\u0259n inki\u015faf haqq\u0131nda fikirl\u0259rini bildirdi. Rektor, d\u00f6vl\u0259t g\u0259ncl\u0259r siyas\u0259tinin bir par\u00e7as\u0131 olan ATGT\u0130-nin g\u0259ncl\u0259rin t\u0259hsil v\u0259 t\u0259hsild\u0259n k\u0259nar ictimai f\u0259aliyy\u0259tl\u0259rinin art\u0131r\u0131lmas\u0131 stiqam\u0259tind\u0259 s\u0259m\u0259r\u0259li layih\u0259l\u0259r h\u0259yata ke\u00e7irdiyini qeyd ed\u0259r\u0259k t\u0259\u015fkilata u\u011furlar arzu etmi\u015fdir.\n<\/p>\t\t\t\t\t<\/div>\n\t\t\t\t\t\t<\/div>\n\t\t\t\t<\/div>\n\t\t\t\t\t\t<\/div>\n\t\t\t\t\t<\/div>\n\t\t<\/div>\n\t\t\t\t\t\t\t\t<\/div>\n\t\t\t\t\t<\/div>\n\t\t<\/section>\n\t\t\t\t\t\t<\/div>\n\t\t\t\t\t\t<\/div>\n\t\t\t\t\t<\/div>","protected":false},"excerpt":{"rendered":"<p>M\u00fckafat\u0131n t\u0259qdim olunmas\u0131 m\u0259qs\u0259dil\u0259 ATGT\u0130-nin s\u0259dri R\u0259\u015fad Zeynalov D\u00f6vl\u0259t \u0130dar\u0259\u00e7ilik Akademiyas\u0131n\u0131n rektoru, akademik Urxan \u018fl\u0259kb\u0259rovla g\u00f6r\u00fc\u015f\u00fcb. <\/p>","protected":false},"author":2,"featured_media":24994,"comment_status":"closed","ping_status":"closed","sticky":false,"template":"","format":"standard","meta":[],"categories":[137],"tags":[],"_links":{"self":[{"href":"https:\/\/legacy.dia.edu.az\/en\/wp-json\/wp\/v2\/posts\/24990"}],"collection":[{"href":"https:\/\/legacy.dia.edu.az\/en\/wp-json\/wp\/v2\/posts"}],"about":[{"href":"https:\/\/legacy.dia.edu.az\/en\/wp-json\/wp\/v2\/types\/post"}],"author":[{"embeddable":true,"href":"https:\/\/legacy.dia.edu.az\/en\/wp-json\/wp\/v2\/users\/2"}],"replies":[{"embeddable":true,"href":"https:\/\/legacy.dia.edu.az\/en\/wp-json\/wp\/v2\/comments?post=24990"}],"version-history":[{"count":20,"href":"https:\/\/legacy.dia.edu.az\/en\/wp-json\/wp\/v2\/posts\/24990\/revisions"}],"predecessor-version":[{"id":25014,"href":"https:\/\/legacy.dia.edu.az\/en\/wp-json\/wp\/v2\/posts\/24990\/revisions\/25014"}],"wp:featuredmedia":[{"embeddable":true,"href":"https:\/\/legacy.dia.edu.az\/en\/wp-json\/wp\/v2\/media\/24994"}],"wp:attachment":[{"href":"https:\/\/legacy.dia.edu.az\/en\/wp-json\/wp\/v2\/media?parent=24990"}],"wp:term":[{"taxonomy":"category","embeddable":true,"href":"https:\/\/legacy.dia.edu.az\/en\/wp-json\/wp\/v2\/categories?post=24990"},{"taxonomy":"post_tag","embeddable":true,"href":"https:\/\/legacy.dia.edu.az\/en\/wp-json\/wp\/v2\/tags?post=24990"}],"curies":[{"name":"wp","href":"https:\/\/api.w.org\/{rel}","templated":true}]}}