{"id":24561,"date":"2024-12-21T10:01:00","date_gmt":"2024-12-21T06:01:00","guid":{"rendered":"https:\/\/dia.edu.az\/?p=24561"},"modified":"2024-12-23T14:25:19","modified_gmt":"2024-12-23T10:25:19","slug":"yeni-az%c9%99rbaycan-partiyasi-nizami-rayon-t%c9%99skilatinin-birg%c9%99-t%c9%99skilatciligi-il%c9%99-keciril%c9%99n-qalib-lider-faktoru-olk%c9%99mizin-dunyada-artan-nufuzu-v%c9%99-yeni-real","status":"publish","type":"post","link":"https:\/\/legacy.dia.edu.az\/en\/arxivl\u0259r\/24561","title":{"rendered":"Yeni Az\u0259rbaycan Partiyas\u0131 Nizami Rayon T\u0259\u015fkilat\u0131n\u0131n birg\u0259 t\u0259\u015fkilat\u00e7\u0131l\u0131\u011f\u0131 il\u0259 ke\u00e7iril\u0259n \u201cQalib Lider faktoru: \u00d6lk\u0259mizin d\u00fcnyada artan n\u00fcfuzu v\u0259 yeni reall\u0131qlar\u201d m\u00f6vzusunda konfrans kecirilib"},"content":{"rendered":"<div data-elementor-type=\"wp-post\" data-elementor-id=\"24561\" class=\"elementor elementor-24561\" data-elementor-settings=\"[]\">\n\t\t\t\t\t\t<div class=\"elementor-inner\">\n\t\t\t\t\t\t\t<div class=\"elementor-section-wrap\">\n\t\t\t\t\t\t\t<section class=\"elementor-section elementor-top-section elementor-element elementor-element-684fa90 elementor-section-boxed elementor-section-height-default elementor-section-height-default\" data-id=\"684fa90\" data-element_type=\"section\">\n\t\t\t\t\t\t<div class=\"elementor-container elementor-column-gap-default\">\n\t\t\t\t\t\t\t<div class=\"elementor-row\">\n\t\t\t\t\t<div class=\"elementor-column elementor-col-100 elementor-top-column elementor-element elementor-element-9da24ac\" data-id=\"9da24ac\" data-element_type=\"column\">\n\t\t\t<div class=\"elementor-column-wrap elementor-element-populated\">\n\t\t\t\t\t\t\t<div class=\"elementor-widget-wrap\">\n\t\t\t\t\t\t<div class=\"elementor-element elementor-element-e3fcd1d elementor-widget elementor-widget-text-editor\" data-id=\"e3fcd1d\" data-element_type=\"widget\" data-widget_type=\"text-editor.default\">\n\t\t\t\t<div class=\"elementor-widget-container\">\n\t\t\t\t\t\t\t\t<div class=\"elementor-text-editor elementor-clearfix\">\n\t\t\t\t\tYeni Az\u0259rbaycan Partiyas\u0131 Nizami Rayon T\u0259\u015fkilat\u0131n\u0131n birg\u0259 t\u0259\u015fkilat\u00e7\u0131l\u0131\u011f\u0131 il\u0259 ke\u00e7iril\u0259n \u201cQalib Lider faktoru: \u00d6lk\u0259mizin d\u00fcnyada artan n\u00fcfuzu v\u0259 yeni reall\u0131qlar\u201d m\u00f6vzusunda konfrans kecirilib\t\t\t\t\t<\/div>\n\t\t\t\t\t\t<\/div>\n\t\t\t\t<\/div>\n\t\t\t\t\t\t<\/div>\n\t\t\t\t\t<\/div>\n\t\t<\/div>\n\t\t\t\t\t\t\t\t<\/div>\n\t\t\t\t\t<\/div>\n\t\t<\/section>\n\t\t\t\t<section class=\"elementor-section elementor-top-section elementor-element elementor-element-be7715e elementor-section-boxed elementor-section-height-default elementor-section-height-default\" data-id=\"be7715e\" data-element_type=\"section\">\n\t\t\t\t\t\t<div class=\"elementor-container elementor-column-gap-default\">\n\t\t\t\t\t\t\t<div class=\"elementor-row\">\n\t\t\t\t\t<div class=\"elementor-column elementor-col-100 elementor-top-column elementor-element elementor-element-1f0c394\" data-id=\"1f0c394\" data-element_type=\"column\">\n\t\t\t<div class=\"elementor-column-wrap\">\n\t\t\t\t\t\t\t<div class=\"elementor-widget-wrap\">\n\t\t\t\t\t\t\t\t<\/div>\n\t\t\t\t\t<\/div>\n\t\t<\/div>\n\t\t\t\t\t\t\t\t<\/div>\n\t\t\t\t\t<\/div>\n\t\t<\/section>\n\t\t\t\t<section class=\"elementor-section elementor-top-section elementor-element elementor-element-5723f69 elementor-section-boxed elementor-section-height-default elementor-section-height-default\" data-id=\"5723f69\" data-element_type=\"section\">\n\t\t\t\t\t\t<div class=\"elementor-container elementor-column-gap-default\">\n\t\t\t\t\t\t\t<div class=\"elementor-row\">\n\t\t\t\t\t<div class=\"elementor-column elementor-col-50 elementor-top-column elementor-element elementor-element-4754e05\" data-id=\"4754e05\" data-element_type=\"column\">\n\t\t\t<div class=\"elementor-column-wrap elementor-element-populated\">\n\t\t\t\t\t\t\t<div class=\"elementor-widget-wrap\">\n\t\t\t\t\t\t<div class=\"elementor-element elementor-element-db15d3f elementor-widget elementor-widget-image\" data-id=\"db15d3f\" data-element_type=\"widget\" data-widget_type=\"image.default\">\n\t\t\t\t<div class=\"elementor-widget-container\">\n\t\t\t\t\t\t\t\t<div class=\"elementor-image\">\n\t\t\t\t\t\t\t\t\t\t\t\t\t<a href=\"https:\/\/dia.edu.az\/wp-content\/uploads\/2024\/12\/889.jpeg\" data-elementor-open-lightbox=\"yes\" data-elementor-lightbox-title=\"889\">\n\t\t\t\t\t\t\t<img width=\"450\" height=\"338\" src=\"https:\/\/legacy.dia.edu.az\/wp-content\/uploads\/2024\/12\/889-450x338.jpeg\" class=\"attachment-large size-large\" alt=\"\" srcset=\"https:\/\/legacy.dia.edu.az\/wp-content\/uploads\/2024\/12\/889-450x338.jpeg 450w, https:\/\/legacy.dia.edu.az\/wp-content\/uploads\/2024\/12\/889-200x150.jpeg 200w, https:\/\/legacy.dia.edu.az\/wp-content\/uploads\/2024\/12\/889-16x12.jpeg 16w, https:\/\/legacy.dia.edu.az\/wp-content\/uploads\/2024\/12\/889.jpeg 1280w, https:\/\/legacy.dia.edu.az\/wp-content\/uploads\/2024\/12\/889-450x338@2x.jpeg 900w, https:\/\/legacy.dia.edu.az\/wp-content\/uploads\/2024\/12\/889-200x150@2x.jpeg 400w\" sizes=\"(max-width: 450px) 100vw, 450px\" \/>\t\t\t\t\t\t\t\t<\/a>\n\t\t\t\t\t\t\t\t\t\t\t\t\t\t<\/div>\n\t\t\t\t\t\t<\/div>\n\t\t\t\t<\/div>\n\t\t\t\t\t\t<\/div>\n\t\t\t\t\t<\/div>\n\t\t<\/div>\n\t\t\t\t<div class=\"elementor-column elementor-col-50 elementor-top-column elementor-element elementor-element-67f0be3\" data-id=\"67f0be3\" data-element_type=\"column\">\n\t\t\t<div class=\"elementor-column-wrap elementor-element-populated\">\n\t\t\t\t\t\t\t<div class=\"elementor-widget-wrap\">\n\t\t\t\t\t\t<div class=\"elementor-element elementor-element-430843c elementor-widget elementor-widget-text-editor\" data-id=\"430843c\" data-element_type=\"widget\" data-widget_type=\"text-editor.default\">\n\t\t\t\t<div class=\"elementor-widget-container\">\n\t\t\t\t\t\t\t\t<div class=\"elementor-text-editor elementor-clearfix\">\n\t\t\t\t\t<p>COP29 Az\u0259rbaycanda \u0259slind\u0259 2004-c\u00fc ild\u0259 ba\u015flay\u0131b. 2003-c\u00fc ild\u0259 \u0130lham \u018fliyev ilk d\u0259f\u0259 prezident se\u00e7ilib, 2004-c\u00fc ild\u0259 is\u0259 b\u0259rpa olunan enerjinin istifad\u0259sin\u0259 dair milli proqram q\u0259bul edilib.<br>\nBunu Az\u0259rbaycan Respublikas\u0131n\u0131n Prezidenti yan\u0131nda D\u00f6vl\u0259t \u0130dar\u0259\u00e7ilik Akademiyas\u0131n\u0131n rektoru akademik Urxan \u018fl\u0259kb\u0259rov Nizami Rayon \u0130cra Hakimiyy\u0259ti v\u0259 Yeni Az\u0259rbaycan Partiyas\u0131 Nizami Rayon T\u0259\u015fkilat\u0131n\u0131n birg\u0259 t\u0259\u015fkilat\u00e7\u0131l\u0131\u011f\u0131 il\u0259 ke\u00e7iril\u0259n \u201cQalib Lider faktoru: \u00d6lk\u0259mizin d\u00fcnyada artan n\u00fcfuzu v\u0259 yeni reall\u0131qlar\u201d m\u00f6vzusunda konfransda deyib.&nbsp;<\/p>\n<p>O qeyd edib ki, h\u0259min proqram g\u0259l\u0259c\u0259k inki\u015faf\u0131n \u0259sas\u0131n\u0131 qoyan amil idi:<\/p>\n<p>&#8220;\u00c7\u00fcnki liderliyin \u0259n vacib x\u00fcsusiyy\u0259ti uza\u011f\u0131 g\u00f6rm\u0259k v\u0259 perspektivl\u0259r\u0259 uy\u011fun planlamalard\u0131r. \u0130dar\u0259etm\u0259d\u0259 sad\u0259 bir d\u00fcstur var: imkanlardan nec\u0259 istifad\u0259 edirs\u0259ns\u0259, d\u00fczg\u00fcn idar\u0259\u00e7ilik d\u0259 ona \u0259saslan\u0131r. Az\u0259rbaycan bu istiqam\u0259td\u0259 d\u00fcnyada birinci yerd\u0259dir. \u00c7\u00fcnki \u00f6lk\u0259miz imkanlardan s\u0259m\u0259r\u0259li istifad\u0259 edir&#8221;.<\/p>\n<p>Rektor vur\u011fulay\u0131b ki, \u00f6lk\u0259nin s\u0259r\u0259ncam\u0131nda olan v\u0259sait Az\u0259rbaycanda b\u00f6y\u00fck d\u00f6vl\u0259tl\u0259rd\u0259n daha yax\u015f\u0131 istifad\u0259 olunur:<\/p>\n<p>&#8220;N\u00fcmun\u0259 olaraq qeyd edim ki, 2019-cu ild\u0259 Davos D\u00fcnya \u0130qtisadi Forumunun t\u0259sis\u00e7isi, professor Klaus \u015evab x\u00fcsusi hesabat d\u0259rc etmi\u015fdi. Hesabatda d\u00fcnyan\u0131n 146 \u00f6lk\u0259sinin iqtisadi imkanlar\u0131 v\u0259 bu imkanlardan sosial sah\u0259nin inki\u015faf\u0131 \u00fc\u00e7\u00fcn n\u0259 d\u0259r\u0259c\u0259d\u0259 istifad\u0259 edilm\u0259si t\u0259hlil edilmi\u015fdi. Professor Klaus \u015evab 7 \u00f6lk\u0259ni etalon kimi g\u00f6st\u0259rmi\u015fdi. Bunlardan \u00fc\u00e7\u00fc G7 \u00f6lk\u0259l\u0259ri &#8211; AB\u015e, Almaniya, Niderland, ikisi G20 \u00f6lk\u0259l\u0259ri &#8211; Braziliya v\u0259 C\u0259nubi Afrika idi. Yaln\u0131z d\u00fcnyada iki \u00f6lk\u0259 qeyd edilmi\u015fdi ki, onlar\u0131n sosial siyas\u0259ti iqtisadiyyat\u0131na uy\u011fundur: Vyetnam v\u0259 Az\u0259rbaycan. Bu, liderliyin konkret g\u00f6st\u0259ricisi, Prezident \u0130lham \u018fliyev amilinin s\u00fcbutu idi&#8221;.<\/p>\t\t\t\t\t<\/div>\n\t\t\t\t\t\t<\/div>\n\t\t\t\t<\/div>\n\t\t\t\t\t\t<\/div>\n\t\t\t\t\t<\/div>\n\t\t<\/div>\n\t\t\t\t\t\t\t\t<\/div>\n\t\t\t\t\t<\/div>\n\t\t<\/section>\n\t\t\t\t\t\t<\/div>\n\t\t\t\t\t\t<\/div>\n\t\t\t\t\t<\/div>","protected":false},"excerpt":{"rendered":"<p>COP29 Az\u0259rbaycanda \u0259slind\u0259 2004-c\u00fc ild\u0259 ba\u015flay\u0131b. 2003-c\u00fc ild\u0259 \u0130lham \u018fliyev ilk d\u0259f\u0259 prezident se\u00e7ilib, 2004-c\u00fc ild\u0259 is\u0259 b\u0259rpa olunan enerjinin istifad\u0259sin\u0259 dair milli proqram q\u0259bul edilib<\/p>","protected":false},"author":2,"featured_media":24563,"comment_status":"closed","ping_status":"closed","sticky":false,"template":"","format":"standard","meta":[],"categories":[137],"tags":[],"_links":{"self":[{"href":"https:\/\/legacy.dia.edu.az\/en\/wp-json\/wp\/v2\/posts\/24561"}],"collection":[{"href":"https:\/\/legacy.dia.edu.az\/en\/wp-json\/wp\/v2\/posts"}],"about":[{"href":"https:\/\/legacy.dia.edu.az\/en\/wp-json\/wp\/v2\/types\/post"}],"author":[{"embeddable":true,"href":"https:\/\/legacy.dia.edu.az\/en\/wp-json\/wp\/v2\/users\/2"}],"replies":[{"embeddable":true,"href":"https:\/\/legacy.dia.edu.az\/en\/wp-json\/wp\/v2\/comments?post=24561"}],"version-history":[{"count":14,"href":"https:\/\/legacy.dia.edu.az\/en\/wp-json\/wp\/v2\/posts\/24561\/revisions"}],"predecessor-version":[{"id":24577,"href":"https:\/\/legacy.dia.edu.az\/en\/wp-json\/wp\/v2\/posts\/24561\/revisions\/24577"}],"wp:featuredmedia":[{"embeddable":true,"href":"https:\/\/legacy.dia.edu.az\/en\/wp-json\/wp\/v2\/media\/24563"}],"wp:attachment":[{"href":"https:\/\/legacy.dia.edu.az\/en\/wp-json\/wp\/v2\/media?parent=24561"}],"wp:term":[{"taxonomy":"category","embeddable":true,"href":"https:\/\/legacy.dia.edu.az\/en\/wp-json\/wp\/v2\/categories?post=24561"},{"taxonomy":"post_tag","embeddable":true,"href":"https:\/\/legacy.dia.edu.az\/en\/wp-json\/wp\/v2\/tags?post=24561"}],"curies":[{"name":"wp","href":"https:\/\/api.w.org\/{rel}","templated":true}]}}