{"id":24368,"date":"2024-12-02T16:21:00","date_gmt":"2024-12-02T12:21:00","guid":{"rendered":"https:\/\/dia.edu.az\/?p=24368"},"modified":"2024-12-02T20:24:43","modified_gmt":"2024-12-02T16:24:43","slug":"dia-da-asan-xidm%c9%99t-m%c9%99rk%c9%99zl%c9%99rinin-%c9%99m%c9%99kdaslari-ucun-t%c9%99lim-kecirilib","status":"publish","type":"post","link":"https:\/\/legacy.dia.edu.az\/en\/arxivl\u0259r\/24368","title":{"rendered":"D\u0130A-da \u201cASAN xidm\u0259t\u201d m\u0259rk\u0259zl\u0259rinin \u0259m\u0259kda\u015flar\u0131 \u00fc\u00e7\u00fcn t\u0259lim ke\u00e7irilib"},"content":{"rendered":"<div data-elementor-type=\"wp-post\" data-elementor-id=\"24368\" class=\"elementor elementor-24368\" data-elementor-settings=\"[]\">\n\t\t\t\t\t\t<div class=\"elementor-inner\">\n\t\t\t\t\t\t\t<div class=\"elementor-section-wrap\">\n\t\t\t\t\t\t\t<section class=\"elementor-section elementor-top-section elementor-element elementor-element-dc75c44 elementor-section-boxed elementor-section-height-default elementor-section-height-default\" data-id=\"dc75c44\" data-element_type=\"section\">\n\t\t\t\t\t\t<div class=\"elementor-container elementor-column-gap-default\">\n\t\t\t\t\t\t\t<div class=\"elementor-row\">\n\t\t\t\t\t<div class=\"elementor-column elementor-col-100 elementor-top-column elementor-element elementor-element-477fceb\" data-id=\"477fceb\" data-element_type=\"column\">\n\t\t\t<div class=\"elementor-column-wrap elementor-element-populated\">\n\t\t\t\t\t\t\t<div class=\"elementor-widget-wrap\">\n\t\t\t\t\t\t<div class=\"elementor-element elementor-element-4968239 elementor-widget elementor-widget-text-editor\" data-id=\"4968239\" data-element_type=\"widget\" data-widget_type=\"text-editor.default\">\n\t\t\t\t<div class=\"elementor-widget-container\">\n\t\t\t\t\t\t\t\t<div class=\"elementor-text-editor elementor-clearfix\">\n\t\t\t\t\tD\u0130A-da \u201cASAN xidm\u0259t\u201d m\u0259rk\u0259zl\u0259rinin \u0259m\u0259kda\u015flar\u0131 \u00fc\u00e7\u00fcn t\u0259lim ke\u00e7irilib\t\t\t\t\t<\/div>\n\t\t\t\t\t\t<\/div>\n\t\t\t\t<\/div>\n\t\t\t\t\t\t<\/div>\n\t\t\t\t\t<\/div>\n\t\t<\/div>\n\t\t\t\t\t\t\t\t<\/div>\n\t\t\t\t\t<\/div>\n\t\t<\/section>\n\t\t\t\t<section class=\"elementor-section elementor-top-section elementor-element elementor-element-f7fa7e7 elementor-section-boxed elementor-section-height-default elementor-section-height-default\" data-id=\"f7fa7e7\" data-element_type=\"section\">\n\t\t\t\t\t\t<div class=\"elementor-container elementor-column-gap-default\">\n\t\t\t\t\t\t\t<div class=\"elementor-row\">\n\t\t\t\t\t<div class=\"elementor-column elementor-col-100 elementor-top-column elementor-element elementor-element-cb36404\" data-id=\"cb36404\" data-element_type=\"column\">\n\t\t\t<div class=\"elementor-column-wrap elementor-element-populated\">\n\t\t\t\t\t\t\t<div class=\"elementor-widget-wrap\">\n\t\t\t\t\t\t<div class=\"elementor-element elementor-element-c419982 elementor-widget elementor-widget-text-editor\" data-id=\"c419982\" data-element_type=\"widget\" data-widget_type=\"text-editor.default\">\n\t\t\t\t<div class=\"elementor-widget-container\">\n\t\t\t\t\t\t\t\t<div class=\"elementor-text-editor elementor-clearfix\">\n\t\t\t\t\t<p>Az\u0259rbaycan Respublikas\u0131n\u0131n Prezidenti yan\u0131nda D\u00f6vl\u0259t \u0130dar\u0259\u00e7ilik Akademiyas\u0131nda (D\u0130A) \u201cASAN xidm\u0259t\u201d m\u0259rk\u0259zl\u0259rinin \u0259m\u0259kda\u015flar\u0131 \u00fc\u00e7\u00fcn t\u0259lim ke\u00e7irilib.\nT\u0259limd\u0259 D\u00f6vl\u0259t \u0130dar\u0259\u00e7ilik Akademiyas\u0131n\u0131n rektoru akademik Urxan \u018fl\u0259kb\u0259rov \u201cPrezident \u0130lham \u018fliyevin yeni d\u00f6vl\u0259t idar\u0259\u00e7ilik texnologiyalar\u0131: COP29-un n\u0259tic\u0259l\u0259ri\u201d m\u00f6vzusunda m\u00fchazir\u0259 il\u0259 \u00e7\u0131x\u0131\u015f edib.\n\nRektor Urxan \u018fl\u0259kb\u0259rov Az\u0259rbaycan Prezidenti \u0130lham \u018fliyevin S\u0259r\u0259ncam\u0131 il\u0259 2024-c\u00fc ild\u0259 \u00f6lk\u0259mizd\u0259 elan edilmi\u015f \u201cYa\u015f\u0131l d\u00fcnya namin\u0259 h\u0259mr\u0259ylik ili\u201dnin v\u0259 Bak\u0131da ke\u00e7iril\u0259n BMT-nin \u0130qlim D\u0259yi\u015fm\u0259l\u0259ri \u00fczr\u0259 \u00c7\u0259r\u00e7iv\u0259 Konvensiyas\u0131n\u0131n T\u0259r\u0259fl\u0259r Konfrans\u0131n\u0131n 29-cu sessiyas\u0131n\u0131n (COP29) u\u011furla n\u0259tic\u0259l\u0259ndiyini vur\u011fulay\u0131b. O bildirib ki, h\u0259r il f\u0259rqli bir \u00f6lk\u0259nin ev sahibliyi etdiyi COP29 iqlim f\u0259aliyy\u0259tini s\u00fcr\u0259tl\u0259ndirm\u0259k v\u0259 Paris Sazi\u015finin m\u0259qs\u0259dl\u0259rin\u0259 nail olmaq \u00fc\u00e7\u00fcn ke\u00e7iril\u0259n tarixi g\u00f6r\u00fc\u015f hesab olunur. Akademik t\u0259lim zaman\u0131 dinl\u0259yicil\u0259rin n\u0259z\u0259rin\u0259 \u00e7atd\u0131r\u0131b ki, Paris Sazi\u015finin 6-c\u0131 madd\u0259si \u00e7\u0259r\u00e7iv\u0259sind\u0259 karbon bazarlar\u0131n\u0131n idar\u0259 olunmas\u0131 \u00fc\u00e7\u00fcn \u0259sas qaydalar COP29 zaman\u0131 yekdil raz\u0131l\u0131qla q\u0259bul edilib. Bu qaydalar \u00f6lk\u0259l\u0259r aras\u0131nda karbon kreditl\u0259rinin ticar\u0259tin\u0259 imkan yarad\u0131r v\u0259 karbon emissiyalar\u0131n\u0131n azald\u0131lmas\u0131 prosesind\u0259 \u0259traf m\u00fchitin qorunmas\u0131 v\u0259 sosial \u0259dal\u0259t prinsipl\u0259rinin qorunmas\u0131n\u0131 t\u0259min edir.\n\nRektor qeyd edib ki, dahi r\u0259hb\u0259r Heyd\u0259r \u018fliyev t\u0259r\u0259find\u0259n \u0259sas\u0131 qoyulan v\u0259 Prezident \u0130lham \u018fliyevin u\u011furla inki\u015faf etdirdiyi innovativ idar\u0259etm\u0259 texnologiyalar\u0131n\u0131n n\u0259z\u0259ri \u0259saslar\u0131n\u0131n i\u015fl\u0259nilm\u0259si, onlar\u0131n t\u0259cr\u00fcb\u0259d\u0259 t\u0259tbiqi n\u0259tic\u0259sind\u0259 bir \u00e7ox u\u011furlara imza at\u0131l\u0131b. Bel\u0259 ki, ya\u015f\u0131l iqtisadiyyata ke\u00e7id v\u0259 ya\u015f\u0131l enerji t\u0259chizat\u00e7\u0131s\u0131na \u00e7evrilm\u0259k Az\u0259rbaycan\u0131n iqtisadi siyas\u0259tinin prioritetl\u0259rind\u0259ndir.\n\nAkademik Urxan \u018fl\u0259kb\u0259rov t\u0259lim zaman\u0131 Prezident \u0130lham \u018fliyev t\u0259r\u0259find\u0259n t\u0259sdiq edilmi\u015f &#8220;Az\u0259rbaycan 2030: sosial-iqtisadi inki\u015fafa dair Milli Prioritetl\u0259r&#8221;d\u0259 5-ci prioritetin &#8220;T\u0259miz \u0259traf m\u00fchit v\u0259 ya\u015f\u0131l art\u0131m \u00f6lk\u0259si&#8221; adlanmas\u0131n\u0131n t\u0259sad\u00fcfi olmad\u0131\u011f\u0131n\u0131 v\u0259 bu istiqam\u0259td\u0259 \u00f6lk\u0259mizd\u0259 u\u011furlu add\u0131mlar at\u0131ld\u0131\u011f\u0131n\u0131 deyib.\n\nDaha sonra rektor Urxan \u018fl\u0259kb\u0259rov Az\u0259rbaycan Respublikas\u0131n\u0131n Prezidenti \u0130lham \u018fliyevin i\u015f\u011faldan azad edilmi\u015f \u0259razil\u0259rl\u0259 ba\u011fl\u0131 m\u00fc\u0259yy\u0259n etdiyi iqtisadi inki\u015faf kursunda bu \u0259razil\u0259rin ya\u015f\u0131l enerji zonas\u0131na \u00e7evrilm\u0259sinin \u0259sas istiqam\u0259tl\u0259rd\u0259n biri oldu\u011funu bildirib. Rektor vur\u011fulay\u0131b ki, 44 g\u00fcnl\u00fck V\u0259t\u0259n m\u00fcharib\u0259sind\u0259n sonra 2020-ci ilin iqtisadi yekunlar\u0131na dair 2021-ci il 6 yanvar tarixli m\u00fc\u015favir\u0259d\u0259 Az\u0259rbaycan Respublikas\u0131n\u0131n Prezidenti \u0130lham \u018fliyev t\u0259r\u0259find\u0259n i\u015f\u011faldan azad edilmi\u015f \u0259razil\u0259rd\u0259 Ya\u015f\u0131l Enerji Zonas\u0131n\u0131n yarad\u0131lmas\u0131na dair strateji bax\u0131\u015f ir\u0259li s\u00fcr\u00fcl\u00fcb v\u0259 bunun \u00fc\u00e7\u00fcn h\u0259min \u0259razil\u0259rd\u0259 kifay\u0259t q\u0259d\u0259r b\u0259rpaolunan enerji potensial\u0131n\u0131n olmas\u0131 bildirilib.\n\nT\u0259liml\u0259r diskussiya format\u0131nda davam edib.<\/p>\t\t\t\t\t<\/div>\n\t\t\t\t\t\t<\/div>\n\t\t\t\t<\/div>\n\t\t\t\t\t\t<\/div>\n\t\t\t\t\t<\/div>\n\t\t<\/div>\n\t\t\t\t\t\t\t\t<\/div>\n\t\t\t\t\t<\/div>\n\t\t<\/section>\n\t\t\t\t\t\t<\/div>\n\t\t\t\t\t\t<\/div>\n\t\t\t\t\t<\/div>","protected":false},"excerpt":{"rendered":"<p>Az\u0259rbaycan Respublikas\u0131n\u0131n Prezidenti yan\u0131nda D\u00f6vl\u0259t \u0130dar\u0259\u00e7ilik Akademiyas\u0131nda (D\u0130A) \u201cASAN xidm\u0259t\u201d m\u0259rk\u0259zl\u0259rinin \u0259m\u0259kda\u015flar\u0131 \u00fc\u00e7\u00fcn t\u0259lim ke\u00e7irilib.<\/p>","protected":false},"author":2,"featured_media":24369,"comment_status":"closed","ping_status":"closed","sticky":false,"template":"","format":"standard","meta":[],"categories":[137],"tags":[],"_links":{"self":[{"href":"https:\/\/legacy.dia.edu.az\/en\/wp-json\/wp\/v2\/posts\/24368"}],"collection":[{"href":"https:\/\/legacy.dia.edu.az\/en\/wp-json\/wp\/v2\/posts"}],"about":[{"href":"https:\/\/legacy.dia.edu.az\/en\/wp-json\/wp\/v2\/types\/post"}],"author":[{"embeddable":true,"href":"https:\/\/legacy.dia.edu.az\/en\/wp-json\/wp\/v2\/users\/2"}],"replies":[{"embeddable":true,"href":"https:\/\/legacy.dia.edu.az\/en\/wp-json\/wp\/v2\/comments?post=24368"}],"version-history":[{"count":5,"href":"https:\/\/legacy.dia.edu.az\/en\/wp-json\/wp\/v2\/posts\/24368\/revisions"}],"predecessor-version":[{"id":24374,"href":"https:\/\/legacy.dia.edu.az\/en\/wp-json\/wp\/v2\/posts\/24368\/revisions\/24374"}],"wp:featuredmedia":[{"embeddable":true,"href":"https:\/\/legacy.dia.edu.az\/en\/wp-json\/wp\/v2\/media\/24369"}],"wp:attachment":[{"href":"https:\/\/legacy.dia.edu.az\/en\/wp-json\/wp\/v2\/media?parent=24368"}],"wp:term":[{"taxonomy":"category","embeddable":true,"href":"https:\/\/legacy.dia.edu.az\/en\/wp-json\/wp\/v2\/categories?post=24368"},{"taxonomy":"post_tag","embeddable":true,"href":"https:\/\/legacy.dia.edu.az\/en\/wp-json\/wp\/v2\/tags?post=24368"}],"curies":[{"name":"wp","href":"https:\/\/api.w.org\/{rel}","templated":true}]}}