{"id":24005,"date":"2024-11-07T10:44:11","date_gmt":"2024-11-07T06:44:11","guid":{"rendered":"https:\/\/dia.edu.az\/?p=24005"},"modified":"2024-11-07T10:46:41","modified_gmt":"2024-11-07T06:46:41","slug":"susa-s%c9%99h%c9%99rinin-azad-edilm%c9%99si-muharib%c9%99nin-gedisin%c9%99-h%c9%99lledici-t%c9%99sir-gost%c9%99rdi-elmi-praktik-konfrans","status":"publish","type":"post","link":"https:\/\/legacy.dia.edu.az\/en\/arxivl\u0259r\/24005","title":{"rendered":"\u015eu\u015fa \u015f\u0259h\u0259rinin azad edilm\u0259si m\u00fcharib\u0259nin gedi\u015fin\u0259 h\u0259lledici t\u0259sir g\u00f6st\u0259rdi \u2013 elmi-praktik konfrans"},"content":{"rendered":"<div data-elementor-type=\"wp-post\" data-elementor-id=\"24005\" class=\"elementor elementor-24005\" data-elementor-settings=\"[]\">\n\t\t\t\t\t\t<div class=\"elementor-inner\">\n\t\t\t\t\t\t\t<div class=\"elementor-section-wrap\">\n\t\t\t\t\t\t\t<section class=\"elementor-section elementor-top-section elementor-element elementor-element-6186c36 elementor-section-boxed elementor-section-height-default elementor-section-height-default\" data-id=\"6186c36\" data-element_type=\"section\">\n\t\t\t\t\t\t<div class=\"elementor-container elementor-column-gap-default\">\n\t\t\t\t\t\t\t<div class=\"elementor-row\">\n\t\t\t\t\t<div class=\"elementor-column elementor-col-100 elementor-top-column elementor-element elementor-element-35a50fd\" data-id=\"35a50fd\" data-element_type=\"column\">\n\t\t\t<div class=\"elementor-column-wrap elementor-element-populated\">\n\t\t\t\t\t\t\t<div class=\"elementor-widget-wrap\">\n\t\t\t\t\t\t<div class=\"elementor-element elementor-element-3bfd0eb elementor-widget elementor-widget-text-editor\" data-id=\"3bfd0eb\" data-element_type=\"widget\" data-widget_type=\"text-editor.default\">\n\t\t\t\t<div class=\"elementor-widget-container\">\n\t\t\t\t\t\t\t\t<div class=\"elementor-text-editor elementor-clearfix\">\n\t\t\t\t\t\u015eu\u015fa \u015f\u0259h\u0259rinin azad edilm\u0259si m\u00fcharib\u0259nin gedi\u015fin\u0259 h\u0259lledici t\u0259sir g\u00f6st\u0259rdi \u2013 elmi-praktik konfrans\n\t\t\t\t\t<\/div>\n\t\t\t\t\t\t<\/div>\n\t\t\t\t<\/div>\n\t\t\t\t\t\t<\/div>\n\t\t\t\t\t<\/div>\n\t\t<\/div>\n\t\t\t\t\t\t\t\t<\/div>\n\t\t\t\t\t<\/div>\n\t\t<\/section>\n\t\t\t\t<section class=\"elementor-section elementor-top-section elementor-element elementor-element-3a3c296 elementor-section-boxed elementor-section-height-default elementor-section-height-default\" data-id=\"3a3c296\" data-element_type=\"section\">\n\t\t\t\t\t\t<div class=\"elementor-container elementor-column-gap-default\">\n\t\t\t\t\t\t\t<div class=\"elementor-row\">\n\t\t\t\t\t<div class=\"elementor-column elementor-col-100 elementor-top-column elementor-element elementor-element-6fbe898\" data-id=\"6fbe898\" data-element_type=\"column\">\n\t\t\t<div class=\"elementor-column-wrap elementor-element-populated\">\n\t\t\t\t\t\t\t<div class=\"elementor-widget-wrap\">\n\t\t\t\t\t\t<div class=\"elementor-element elementor-element-fc14471 elementor-arrows-position-inside elementor-pagination-position-outside elementor-widget elementor-widget-image-carousel\" data-id=\"fc14471\" data-element_type=\"widget\" data-settings=\"{&quot;navigation&quot;:&quot;both&quot;,&quot;autoplay&quot;:&quot;yes&quot;,&quot;pause_on_hover&quot;:&quot;yes&quot;,&quot;pause_on_interaction&quot;:&quot;yes&quot;,&quot;autoplay_speed&quot;:5000,&quot;infinite&quot;:&quot;yes&quot;,&quot;speed&quot;:500}\" data-widget_type=\"image-carousel.default\">\n\t\t\t\t<div class=\"elementor-widget-container\">\n\t\t\t\t\t<div class=\"elementor-image-carousel-wrapper swiper-container\" dir=\"ltr\">\n\t\t\t<div class=\"elementor-image-carousel swiper-wrapper\">\n\t\t\t\t<div class=\"swiper-slide\"><a data-elementor-open-lightbox=\"yes\" data-elementor-lightbox-slideshow=\"fc14471\" data-elementor-lightbox-title=\"wuwa7\" href=\"https:\/\/legacy.dia.edu.az\/wp-content\/uploads\/2024\/11\/wuwa7.jpg\"><figure class=\"swiper-slide-inner\"><img class=\"swiper-slide-image\" src=\"https:\/\/legacy.dia.edu.az\/wp-content\/uploads\/2024\/11\/wuwa7-150x150.jpg\" alt=\"wuwa7\" \/><\/figure><\/a><\/div><div class=\"swiper-slide\"><a data-elementor-open-lightbox=\"yes\" data-elementor-lightbox-slideshow=\"fc14471\" data-elementor-lightbox-title=\"wuwa6\" href=\"https:\/\/legacy.dia.edu.az\/wp-content\/uploads\/2024\/11\/wuwa6.jpg\"><figure class=\"swiper-slide-inner\"><img class=\"swiper-slide-image\" src=\"https:\/\/legacy.dia.edu.az\/wp-content\/uploads\/2024\/11\/wuwa6-150x150.jpg\" alt=\"wuwa6\" \/><\/figure><\/a><\/div><div class=\"swiper-slide\"><a data-elementor-open-lightbox=\"yes\" data-elementor-lightbox-slideshow=\"fc14471\" data-elementor-lightbox-title=\"wuwa5\" href=\"https:\/\/legacy.dia.edu.az\/wp-content\/uploads\/2024\/11\/wuwa5.jpg\"><figure class=\"swiper-slide-inner\"><img class=\"swiper-slide-image\" src=\"https:\/\/legacy.dia.edu.az\/wp-content\/uploads\/2024\/11\/wuwa5-150x150.jpg\" alt=\"wuwa5\" \/><\/figure><\/a><\/div><div class=\"swiper-slide\"><a data-elementor-open-lightbox=\"yes\" data-elementor-lightbox-slideshow=\"fc14471\" data-elementor-lightbox-title=\"wuwa4\" href=\"https:\/\/legacy.dia.edu.az\/wp-content\/uploads\/2024\/11\/wuwa4.jpg\"><figure class=\"swiper-slide-inner\"><img class=\"swiper-slide-image\" src=\"https:\/\/legacy.dia.edu.az\/wp-content\/uploads\/2024\/11\/wuwa4-150x150.jpg\" alt=\"wuwa4\" \/><\/figure><\/a><\/div><div class=\"swiper-slide\"><a data-elementor-open-lightbox=\"yes\" data-elementor-lightbox-slideshow=\"fc14471\" data-elementor-lightbox-title=\"wuwa3\" href=\"https:\/\/legacy.dia.edu.az\/wp-content\/uploads\/2024\/11\/wuwa3.jpg\"><figure class=\"swiper-slide-inner\"><img class=\"swiper-slide-image\" src=\"https:\/\/legacy.dia.edu.az\/wp-content\/uploads\/2024\/11\/wuwa3-150x150.jpg\" alt=\"wuwa3\" \/><\/figure><\/a><\/div><div class=\"swiper-slide\"><a data-elementor-open-lightbox=\"yes\" data-elementor-lightbox-slideshow=\"fc14471\" data-elementor-lightbox-title=\"wuwa2\" href=\"https:\/\/legacy.dia.edu.az\/wp-content\/uploads\/2024\/11\/wuwa2.jpg\"><figure class=\"swiper-slide-inner\"><img class=\"swiper-slide-image\" src=\"https:\/\/legacy.dia.edu.az\/wp-content\/uploads\/2024\/11\/wuwa2-150x150.jpg\" alt=\"wuwa2\" \/><\/figure><\/a><\/div><div class=\"swiper-slide\"><a data-elementor-open-lightbox=\"yes\" data-elementor-lightbox-slideshow=\"fc14471\" data-elementor-lightbox-title=\"wuwa1\" href=\"https:\/\/legacy.dia.edu.az\/wp-content\/uploads\/2024\/11\/wuwa1.jpg\"><figure class=\"swiper-slide-inner\"><img class=\"swiper-slide-image\" src=\"https:\/\/legacy.dia.edu.az\/wp-content\/uploads\/2024\/11\/wuwa1-150x150.jpg\" alt=\"wuwa1\" \/><\/figure><\/a><\/div>\t\t\t<\/div>\n\t\t\t\t\t\t\t\t\t\t\t\t<div class=\"swiper-pagination\"><\/div>\n\t\t\t\t\t\t\t\t\t\t\t\t\t<div class=\"elementor-swiper-button elementor-swiper-button-prev\">\n\t\t\t\t\t\t<i class=\"eicon-chevron-left\" aria-hidden=\"true\"><\/i>\n\t\t\t\t\t\t<span class=\"elementor-screen-only\">Previous<\/span>\n\t\t\t\t\t<\/div>\n\t\t\t\t\t<div class=\"elementor-swiper-button elementor-swiper-button-next\">\n\t\t\t\t\t\t<i class=\"eicon-chevron-right\" aria-hidden=\"true\"><\/i>\n\t\t\t\t\t\t<span class=\"elementor-screen-only\">Next<\/span>\n\t\t\t\t\t<\/div>\n\t\t\t\t\t\t\t\t\t<\/div>\n\t\t\t\t<\/div>\n\t\t\t\t<\/div>\n\t\t\t\t\t\t<\/div>\n\t\t\t\t\t<\/div>\n\t\t<\/div>\n\t\t\t\t\t\t\t\t<\/div>\n\t\t\t\t\t<\/div>\n\t\t<\/section>\n\t\t\t\t<section class=\"elementor-section elementor-top-section elementor-element elementor-element-6ee6cb2 elementor-section-boxed elementor-section-height-default elementor-section-height-default\" data-id=\"6ee6cb2\" data-element_type=\"section\">\n\t\t\t\t\t\t<div class=\"elementor-container elementor-column-gap-default\">\n\t\t\t\t\t\t\t<div class=\"elementor-row\">\n\t\t\t\t\t<div class=\"elementor-column elementor-col-100 elementor-top-column elementor-element elementor-element-40658c1\" data-id=\"40658c1\" data-element_type=\"column\">\n\t\t\t<div class=\"elementor-column-wrap elementor-element-populated\">\n\t\t\t\t\t\t\t<div class=\"elementor-widget-wrap\">\n\t\t\t\t\t\t<div class=\"elementor-element elementor-element-e52c4c3 elementor-widget elementor-widget-text-editor\" data-id=\"e52c4c3\" data-element_type=\"widget\" data-widget_type=\"text-editor.default\">\n\t\t\t\t<div class=\"elementor-widget-container\">\n\t\t\t\t\t\t\t\t<div class=\"elementor-text-editor elementor-clearfix\">\n\t\t\t\t\t<p>Az\u0259rbaycan Respublikas\u0131n\u0131n Prezidenti yan\u0131nda D\u00f6vl\u0259t \u0130dar\u0259\u00e7ilik Akademiyas\u0131nda (D\u0130A) 8 Noyabr &#8211; Z\u0259f\u0259r G\u00fcn\u00fcn\u0259 h\u0259sr edil\u0259n elmi-praktik konfrans ke\u00e7irilib.\n\nAZ\u018fRTAC x\u0259b\u0259r verir ki, t\u0259dbir i\u015ftirak\u00e7\u0131lar\u0131 \u0259vv\u0259lc\u0259 \u015f\u0259hidl\u0259rin \u0259ziz xatir\u0259sini bir d\u0259qiq\u0259lik s\u00fckutla yad edibl\u0259r. Sonra \u015eu\u015fadan olan r\u0259ssam R\u00f6v\u015f\u0259n Bayramovun do\u011fma yurduna h\u0259sr etdiyi r\u0259sm \u0259s\u0259rl\u0259rinin s\u0259rgisi il\u0259 tan\u0131\u015fl\u0131q olub.\n\nKonfransda D\u00f6vl\u0259t \u0130dar\u0259\u00e7ilik Akademiyas\u0131n\u0131n rektoru akademik Urxan \u018fl\u0259kb\u0259rov Az\u0259rbaycanda \u0259ld\u0259 edil\u0259n nailiyy\u0259tl\u0259rd\u0259n dan\u0131\u015f\u0131b, \u00f6lk\u0259nin u\u011furlu inki\u015faf\u0131 say\u0259sind\u0259 d\u00f6vl\u0259t\u00e7ilik \u0259n\u0259n\u0259l\u0259rimizin m\u00f6hk\u0259ml\u0259ndiyini, iqtisadi v\u0259 siyasi g\u00fcc\u00fcm\u00fcz\u00fcn artd\u0131\u011f\u0131n\u0131 bildirib. Qeyd olunub ki, m\u00fcst\u0259qil Az\u0259rbaycan Respublikas\u0131 bu g\u00fcn h\u0259r bir soyda\u015f\u0131m\u0131z \u00fc\u00e7\u00fcn \u0259sl q\u00fcrur m\u0259nb\u0259yin\u0259 \u00e7evrilib.\n\nU.\u018fl\u0259kb\u0259rov diqq\u0259t\u0259 \u00e7atd\u0131r\u0131b ki, m\u00fcst\u0259qilliyin ilk ill\u0259rind\u0259 Az\u0259rbaycan d\u0259rin siyasi, iqtisadi v\u0259 sosial b\u00f6hranla yana\u015f\u0131, Erm\u0259nistan\u0131n h\u0259rbi t\u0259cav\u00fcz\u00fc, xalq\u0131m\u0131za qar\u015f\u0131 h\u0259yata ke\u00e7iril\u0259n etnik t\u0259mizl\u0259m\u0259 siyas\u0259ti il\u0259 \u00fczl\u0259\u015fdi. Xalq\u0131m\u0131z\u0131n t\u0259kidli t\u0259l\u0259bi il\u0259 Ulu \u00d6nd\u0259r Heyd\u0259r \u018fliyevin 1993-c\u00fc ild\u0259 hakimiyy\u0259t\u0259 qay\u0131d\u0131\u015f\u0131 n\u0259tic\u0259sind\u0259 \u00f6lk\u0259miz par\u00e7alanma t\u0259hl\u00fck\u0259sind\u0259n xilas oldu v\u0259 b\u00fct\u00fcn sah\u0259l\u0259rd\u0259 inki\u015faf\u0131n \u0259sas\u0131 qoyuldu.\n\nAkademik 44 g\u00fcnl\u00fck V\u0259t\u0259n m\u00fcharib\u0259sind\u0259n, Az\u0259rbaycan Prezidenti, M\u00fcz\u0259ff\u0259r Ali Ba\u015f Komandan \u0130lham \u018fliyevin r\u0259hb\u0259rliyi il\u0259 q\u00fcdr\u0259tli Ordumuzun d\u00fc\u015fm\u0259n \u00fcz\u0259rind\u0259 qazand\u0131\u011f\u0131 parlaq Q\u0259l\u0259b\u0259d\u0259n s\u00f6z a\u00e7\u0131b. O, V\u0259t\u0259n m\u00fcharib\u0259sind\u0259 \u0259sg\u0259r v\u0259 zabitl\u0259rimizin q\u0259hr\u0259manl\u0131\u011f\u0131n\u0131 qeyd edib. Rektor bildirib ki, Q\u0259l\u0259b\u0259mizin ba\u015fl\u0131ca amili Prezident, Ali Ba\u015f Komandan \u0130lham \u018fliyevin uzun m\u00fcdd\u0259t \u0259rzind\u0259 h\u0259yata ke\u00e7irdiyi g\u00fccl\u00fc d\u00f6vl\u0259t idar\u0259etm\u0259si strategiyas\u0131 olub.\n\nKonfransda Milli M\u0259clisin deputat\u0131, D\u0130A-n\u0131n \u201cSiyasi Ara\u015fd\u0131rmalar \u0130nstitutu\u201dnun direktoru, professor Elman N\u0259sirov, deputat Ayd\u0131n Mirz\u0259zad\u0259, D\u0130A-n\u0131n \u201cQaraba\u011f irsinin ara\u015fd\u0131r\u0131lmas\u0131 m\u0259rk\u0259zi\u201dnin r\u0259hb\u0259ri professor El\u00e7in \u018fhm\u0259dov v\u0259 ba\u015fqalar\u0131 V\u0259t\u0259n m\u00fcharib\u0259sind\u0259 qazand\u0131\u011f\u0131m\u0131z tarixi Q\u0259l\u0259b\u0259nin \u0259h\u0259miyy\u0259tini vur\u011fulay\u0131blar. Eyni zamanda, noyabr\u0131n 8-d\u0259 Az\u0259rbaycan Ordusu t\u0259r\u0259find\u0259n \u015eu\u015fan\u0131n i\u015f\u011fal\u00e7\u0131lardan azad edilm\u0259si, el\u0259c\u0259 d\u0259 Qaraba\u011f\u0131n, o c\u00fcml\u0259d\u0259n \u015eu\u015fa \u015f\u0259h\u0259rinin \u0259sl tarixi simas\u0131, \u0259n\u0259n\u0259l\u0259ri v\u0259 q\u0259dim m\u0259d\u0259ni abid\u0259l\u0259rinin b\u0259rpas\u0131 istiqam\u0259tind\u0259 apar\u0131lan i\u015fl\u0259rd\u0259n b\u0259hs edilib. Qeyd olunub ki, Az\u0259rbaycan\u0131n h\u0259rbi-diplomatik u\u011furlar\u0131, x\u00fcsusil\u0259 q\u0259dim \u015eu\u015fa \u015f\u0259h\u0259rinin r\u0259\u015fad\u0259tli Ordumuz t\u0259r\u0259find\u0259n i\u015f\u011faldan azad edilm\u0259si m\u00fcharib\u0259nin sonrak\u0131 gedi\u015fin\u0259 v\u0259 taleyin\u0259 h\u0259lledici t\u0259sir g\u00f6st\u0259r\u0259r\u0259k Z\u0259f\u0259r G\u00fcn\u00fc kimi tariximiz\u0259 yaz\u0131ld\u0131, Ali Ba\u015f Komandan \u0130lham \u018fliyevin q\u0259tiyy\u0259tli v\u0259 prinsipial m\u00f6vqeyi h\u0259rb meydan\u0131nda oldu\u011fu kimi, diplomatiya meydan\u0131nda da u\u011furlar\u0131m\u0131z\u0131 \u015f\u0259rtl\u0259ndirdi.<\/p>\t\t\t\t\t<\/div>\n\t\t\t\t\t\t<\/div>\n\t\t\t\t<\/div>\n\t\t\t\t\t\t<\/div>\n\t\t\t\t\t<\/div>\n\t\t<\/div>\n\t\t\t\t\t\t\t\t<\/div>\n\t\t\t\t\t<\/div>\n\t\t<\/section>\n\t\t\t\t\t\t<\/div>\n\t\t\t\t\t\t<\/div>\n\t\t\t\t\t<\/div>","protected":false},"excerpt":{"rendered":"<p>Az\u0259rbaycan Respublikas\u0131n\u0131n Prezidenti yan\u0131nda D\u00f6vl\u0259t \u0130dar\u0259\u00e7ilik Akademiyas\u0131nda (D\u0130A) 8 Noyabr &#8211; Z\u0259f\u0259r G\u00fcn\u00fcn\u0259 h\u0259sr edil\u0259n elmi-praktik konfrans ke\u00e7irilib.<\/p>","protected":false},"author":2,"featured_media":24006,"comment_status":"closed","ping_status":"closed","sticky":false,"template":"","format":"standard","meta":[],"categories":[137],"tags":[],"_links":{"self":[{"href":"https:\/\/legacy.dia.edu.az\/en\/wp-json\/wp\/v2\/posts\/24005"}],"collection":[{"href":"https:\/\/legacy.dia.edu.az\/en\/wp-json\/wp\/v2\/posts"}],"about":[{"href":"https:\/\/legacy.dia.edu.az\/en\/wp-json\/wp\/v2\/types\/post"}],"author":[{"embeddable":true,"href":"https:\/\/legacy.dia.edu.az\/en\/wp-json\/wp\/v2\/users\/2"}],"replies":[{"embeddable":true,"href":"https:\/\/legacy.dia.edu.az\/en\/wp-json\/wp\/v2\/comments?post=24005"}],"version-history":[{"count":5,"href":"https:\/\/legacy.dia.edu.az\/en\/wp-json\/wp\/v2\/posts\/24005\/revisions"}],"predecessor-version":[{"id":24017,"href":"https:\/\/legacy.dia.edu.az\/en\/wp-json\/wp\/v2\/posts\/24005\/revisions\/24017"}],"wp:featuredmedia":[{"embeddable":true,"href":"https:\/\/legacy.dia.edu.az\/en\/wp-json\/wp\/v2\/media\/24006"}],"wp:attachment":[{"href":"https:\/\/legacy.dia.edu.az\/en\/wp-json\/wp\/v2\/media?parent=24005"}],"wp:term":[{"taxonomy":"category","embeddable":true,"href":"https:\/\/legacy.dia.edu.az\/en\/wp-json\/wp\/v2\/categories?post=24005"},{"taxonomy":"post_tag","embeddable":true,"href":"https:\/\/legacy.dia.edu.az\/en\/wp-json\/wp\/v2\/tags?post=24005"}],"curies":[{"name":"wp","href":"https:\/\/api.w.org\/{rel}","templated":true}]}}