{"id":23647,"date":"2024-10-21T11:48:07","date_gmt":"2024-10-21T07:48:07","guid":{"rendered":"https:\/\/dia.edu.az\/?p=23647"},"modified":"2024-10-21T11:52:46","modified_gmt":"2024-10-21T07:52:46","slug":"dovl%c9%99t-idar%c9%99cilik-akademiyasinda-18-oktyabr-must%c9%99qilliyinin-b%c9%99rpasi-gunu-il%c9%99-%c9%99laq%c9%99dar-elmi-praktik-konfrans-kecirilib","status":"publish","type":"post","link":"https:\/\/legacy.dia.edu.az\/en\/arxivl\u0259r\/23647","title":{"rendered":"D\u00f6vl\u0259t \u0130dar\u0259\u00e7ilik Akademiyas\u0131nda 18 Oktyabr\u2013M\u00fcst\u0259qilliyinin B\u0259rpas\u0131 G\u00fcn\u00fc il\u0259 \u0259laq\u0259dar elmi praktik konfrans ke\u00e7irilib"},"content":{"rendered":"<div data-elementor-type=\"wp-post\" data-elementor-id=\"23647\" class=\"elementor elementor-23647\" data-elementor-settings=\"[]\">\n\t\t\t\t\t\t<div class=\"elementor-inner\">\n\t\t\t\t\t\t\t<div class=\"elementor-section-wrap\">\n\t\t\t\t\t\t\t<section class=\"elementor-section elementor-top-section elementor-element elementor-element-002ec64 elementor-section-boxed elementor-section-height-default elementor-section-height-default\" data-id=\"002ec64\" data-element_type=\"section\">\n\t\t\t\t\t\t<div class=\"elementor-container elementor-column-gap-default\">\n\t\t\t\t\t\t\t<div class=\"elementor-row\">\n\t\t\t\t\t<div class=\"elementor-column elementor-col-100 elementor-top-column elementor-element elementor-element-3dbaec3\" data-id=\"3dbaec3\" data-element_type=\"column\">\n\t\t\t<div class=\"elementor-column-wrap elementor-element-populated\">\n\t\t\t\t\t\t\t<div class=\"elementor-widget-wrap\">\n\t\t\t\t\t\t<div class=\"elementor-element elementor-element-ad05819 elementor-widget elementor-widget-text-editor\" data-id=\"ad05819\" data-element_type=\"widget\" data-widget_type=\"text-editor.default\">\n\t\t\t\t<div class=\"elementor-widget-container\">\n\t\t\t\t\t\t\t\t<div class=\"elementor-text-editor elementor-clearfix\">\n\t\t\t\t\tD\u00f6vl\u0259t \u0130dar\u0259\u00e7ilik Akademiyas\u0131nda 18 Oktyabr\u2013M\u00fcst\u0259qilliyinin B\u0259rpas\u0131 G\u00fcn\u00fc il\u0259 \u0259laq\u0259dar elmi praktik konfrans ke\u00e7irilib\t\t\t\t\t<\/div>\n\t\t\t\t\t\t<\/div>\n\t\t\t\t<\/div>\n\t\t\t\t\t\t<\/div>\n\t\t\t\t\t<\/div>\n\t\t<\/div>\n\t\t\t\t\t\t\t\t<\/div>\n\t\t\t\t\t<\/div>\n\t\t<\/section>\n\t\t\t\t<section class=\"elementor-section elementor-top-section elementor-element elementor-element-65b884f elementor-section-boxed elementor-section-height-default elementor-section-height-default\" data-id=\"65b884f\" data-element_type=\"section\">\n\t\t\t\t\t\t<div class=\"elementor-container elementor-column-gap-default\">\n\t\t\t\t\t\t\t<div class=\"elementor-row\">\n\t\t\t\t\t<div class=\"elementor-column elementor-col-100 elementor-top-column elementor-element elementor-element-f0b2517\" data-id=\"f0b2517\" data-element_type=\"column\">\n\t\t\t<div class=\"elementor-column-wrap\">\n\t\t\t\t\t\t\t<div class=\"elementor-widget-wrap\">\n\t\t\t\t\t\t\t\t<\/div>\n\t\t\t\t\t<\/div>\n\t\t<\/div>\n\t\t\t\t\t\t\t\t<\/div>\n\t\t\t\t\t<\/div>\n\t\t<\/section>\n\t\t\t\t<section class=\"elementor-section elementor-top-section elementor-element elementor-element-852c50b elementor-section-boxed elementor-section-height-default elementor-section-height-default\" data-id=\"852c50b\" data-element_type=\"section\">\n\t\t\t\t\t\t<div class=\"elementor-container elementor-column-gap-default\">\n\t\t\t\t\t\t\t<div class=\"elementor-row\">\n\t\t\t\t\t<div class=\"elementor-column elementor-col-100 elementor-top-column elementor-element elementor-element-1c04c7c\" data-id=\"1c04c7c\" data-element_type=\"column\">\n\t\t\t<div class=\"elementor-column-wrap elementor-element-populated\">\n\t\t\t\t\t\t\t<div class=\"elementor-widget-wrap\">\n\t\t\t\t\t\t<div class=\"elementor-element elementor-element-03c0bde elementor-widget elementor-widget-text-editor\" data-id=\"03c0bde\" data-element_type=\"widget\" data-widget_type=\"text-editor.default\">\n\t\t\t\t<div class=\"elementor-widget-container\">\n\t\t\t\t\t\t\t\t<div class=\"elementor-text-editor elementor-clearfix\">\n\t\t\t\t\t<p>Az\u0259rbaycan Respublikas\u0131n\u0131n Prezidenti yan\u0131nda D\u00f6vl\u0259t \u0130dar\u0259\u00e7ilik Akademiyas\u0131nda 18\nOktyabr\u2013M\u00fcst\u0259qilliyinin B\u0259rpas\u0131 G\u00fcn\u00fc il\u0259 \u0259laq\u0259dar elmi praktik konfrans ke\u00e7irilib. T\u0259dbird\u0259\nrektor akademik Urxan \u018fl\u0259kb\u0259rov Az\u0259rbaycanda \u0259ld\u0259 edil\u0259n nailiyy\u0259tl\u0259rd\u0259n dan\u0131\u015f\u0131b,\n\u00f6lk\u0259nin u\u011furlu inki\u015faf\u0131 say\u0259sind\u0259 d\u00f6vl\u0259t\u00e7ilik \u0259n\u0259n\u0259l\u0259rimizin m\u00f6hk\u0259ml\u0259ndiyini, iqtisadi v\u0259\nsiyasi g\u00fcc\u00fcm\u00fcz\u00fcn artd\u0131\u011f\u0131n\u0131 bildirib. Qeyd edilib ki, m\u00fcst\u0259qil Az\u0259rbaycan Respublikas\u0131 bu\ng\u00fcn h\u0259r bir soyda\u015f\u0131m\u0131z \u00fc\u00e7\u00fcn \u0259sl q\u00fcrur m\u0259nb\u0259yin\u0259 \u00e7evrilib. U.\u018fl\u0259kb\u0259rov vur\u011fulay\u0131b ki,\nm\u00fcst\u0259qilliyin ilk ill\u0259rind\u0259 Az\u0259rbaycan d\u0259rin siyasi, iqtisadi v\u0259 sosial b\u00f6hranla yana\u015f\u0131,\nErm\u0259nistan\u0131n h\u0259rbi t\u0259cav\u00fcz\u00fc, xalq\u0131m\u0131za qar\u015f\u0131 h\u0259yata ke\u00e7iril\u0259n etnik t\u0259mizl\u0259m\u0259 siyas\u0259ti il\u0259\n\u00fczl\u0259\u015fib. Xalq\u0131m\u0131z\u0131n t\u0259kidli t\u0259l\u0259bi il\u0259 ulu \u00f6nd\u0259r Heyd\u0259r \u018fliyevin 1993-c\u00fc ild\u0259 hakimiyy\u0259t\u0259\nqay\u0131d\u0131\u015f\u0131 v\u0259 apard\u0131\u011f\u0131 m\u00fcdrik siyas\u0259t n\u0259tic\u0259sind\u0259 \u00f6lk\u0259miz par\u00e7alanma t\u0259hl\u00fck\u0259sind\u0259n xilas\noldu. Akademik Urxan \u018fl\u0259kb\u0259rov 44 g\u00fcnl\u00fck V\u0259t\u0259n m\u00fcharib\u0259sind\u0259n, Az\u0259rbaycan Prezidenti,\nM\u00fcz\u0259ff\u0259r Ali Ba\u015f Komandan \u0130lham \u018fliyevin r\u0259hb\u0259rliyi il\u0259 q\u00fcdr\u0259tli Az\u0259rbaycan Ordusunun\nd\u00fc\u015fm\u0259n \u00fcz\u0259rind\u0259 qazand\u0131\u011f\u0131 parlaq Q\u0259l\u0259b\u0259d\u0259n s\u00f6z a\u00e7\u0131b. V\u0259t\u0259n m\u00fcharib\u0259sind\u0259 Az\u0259rbaycan\nOrdusunun q\u0259hr\u0259manl\u0131\u011f\u0131n\u0131, m\u00fcbarizliyini x\u00fcsusi qeyd edib. Rektor bildirib ki, Q\u0259l\u0259b\u0259mizin\nba\u015fl\u0131ca amili Prezident, Ali Ba\u015f Komandan \u0130lham \u018fliyevin uzun m\u00fcdd\u0259t \u0259rzind\u0259 h\u0259yata\nke\u00e7irdiyi g\u00fccl\u00fc d\u00f6vl\u0259t, g\u00fccl\u00fc xalq v\u0259 g\u00fccl\u00fc ordu strategiyas\u0131 olub.\nKonfransda Az\u0259rbaycan Respublikas\u0131n\u0131n Prezidenti yan\u0131nda D\u00f6vl\u0259t \u0130dar\u0259\u00e7ilik\nAkademiyas\u0131n\u0131n Huquq kafedrasinin mudiri professor \u0130saxan V\u0259liyev, Qarabaq\narasdirmalar m\u0259rk\u0259zinin r\u0259hb\u0259ri, professoru Elcin \u018fhm\u0259dov, Beyn\u0259lxalq m\u00fcnasib\u0259tl\u0259r v\u0259\nxarici siyas\u0259t kafedrasinin m\u00fc\u0259llimi Tamerlan Hac\u0131yev \u00e7\u0131x\u0131\u015f ed\u0259r\u0259k d\u00f6vl\u0259t m\u00fcst\u0259qilliyimizin\nb\u0259rpas\u0131 u\u011frunda ged\u0259n m\u00fcbariz\u0259l\u0259rd\u0259n, \u0259ld\u0259 olunan u\u011furlardan b\u0259hs edibl\u0259r. \u00c7\u0131x\u0131\u015f\ned\u0259nl\u0259r Az\u0259rbaycan\u0131n d\u00f6vl\u0259t m\u00fcst\u0259qilliyinin b\u0259rpa edilm\u0259sini xalq\u0131m\u0131z\u0131n tarixind\u0259 b\u00f6y\u00fck\nhadis\u0259 kimi qiym\u0259tl\u0259ndirib, \u00f6lk\u0259nin \u0259ld\u0259 etdiyi nailiyy\u0259tl\u0259r bar\u0259d\u0259 fikirl\u0259rini b\u00f6l\u00fc\u015f\u00fcbl\u0259r.\nBildirilib ki, m\u00fcst\u0259qilliyi qoruyub saxlama\u011f\u0131n onu qazanmaqdan qat-qat \u00e7\u0259tin oldu\u011funu tarix\nd\u0259f\u0259l\u0259rl\u0259 s\u00fcbut edib. Az\u0259rbaycan xalq\u0131 bu il bu bayram\u0131 \u00f6z \u0259razi b\u00fct\u00f6vl\u00fcy\u00fcn\u00fc b\u0259rpa etmi\u015f\nqalib xalq kimi qeyd edir.<\/p>\t\t\t\t\t<\/div>\n\t\t\t\t\t\t<\/div>\n\t\t\t\t<\/div>\n\t\t\t\t\t\t<\/div>\n\t\t\t\t\t<\/div>\n\t\t<\/div>\n\t\t\t\t\t\t\t\t<\/div>\n\t\t\t\t\t<\/div>\n\t\t<\/section>\n\t\t\t\t\t\t<\/div>\n\t\t\t\t\t\t<\/div>\n\t\t\t\t\t<\/div>","protected":false},"excerpt":{"rendered":"<p>Az\u0259rbaycan Respublikas\u0131n\u0131n Prezidenti yan\u0131nda D\u00f6vl\u0259t \u0130dar\u0259\u00e7ilik Akademiyas\u0131nda 18<br \/>\nOktyabr\u2013M\u00fcst\u0259qilliyinin B\u0259rpas\u0131 G\u00fcn\u00fc il\u0259 \u0259laq\u0259dar elmi praktik konfrans ke\u00e7irilib. T\u0259dbird\u0259<br \/>\nrektor akademik Urxan \u018fl\u0259kb\u0259rov Az\u0259rbaycanda \u0259ld\u0259 edil\u0259n nailiyy\u0259tl\u0259rd\u0259n dan\u0131\u015f\u0131b,<\/p>","protected":false},"author":2,"featured_media":23648,"comment_status":"closed","ping_status":"closed","sticky":false,"template":"","format":"standard","meta":[],"categories":[137],"tags":[],"_links":{"self":[{"href":"https:\/\/legacy.dia.edu.az\/en\/wp-json\/wp\/v2\/posts\/23647"}],"collection":[{"href":"https:\/\/legacy.dia.edu.az\/en\/wp-json\/wp\/v2\/posts"}],"about":[{"href":"https:\/\/legacy.dia.edu.az\/en\/wp-json\/wp\/v2\/types\/post"}],"author":[{"embeddable":true,"href":"https:\/\/legacy.dia.edu.az\/en\/wp-json\/wp\/v2\/users\/2"}],"replies":[{"embeddable":true,"href":"https:\/\/legacy.dia.edu.az\/en\/wp-json\/wp\/v2\/comments?post=23647"}],"version-history":[{"count":8,"href":"https:\/\/legacy.dia.edu.az\/en\/wp-json\/wp\/v2\/posts\/23647\/revisions"}],"predecessor-version":[{"id":23656,"href":"https:\/\/legacy.dia.edu.az\/en\/wp-json\/wp\/v2\/posts\/23647\/revisions\/23656"}],"wp:featuredmedia":[{"embeddable":true,"href":"https:\/\/legacy.dia.edu.az\/en\/wp-json\/wp\/v2\/media\/23648"}],"wp:attachment":[{"href":"https:\/\/legacy.dia.edu.az\/en\/wp-json\/wp\/v2\/media?parent=23647"}],"wp:term":[{"taxonomy":"category","embeddable":true,"href":"https:\/\/legacy.dia.edu.az\/en\/wp-json\/wp\/v2\/categories?post=23647"},{"taxonomy":"post_tag","embeddable":true,"href":"https:\/\/legacy.dia.edu.az\/en\/wp-json\/wp\/v2\/tags?post=23647"}],"curies":[{"name":"wp","href":"https:\/\/api.w.org\/{rel}","templated":true}]}}