{"id":23434,"date":"2024-09-26T12:23:37","date_gmt":"2024-09-26T08:23:37","guid":{"rendered":"https:\/\/dia.edu.az\/?p=23434"},"modified":"2024-09-26T12:25:23","modified_gmt":"2024-09-26T08:25:23","slug":"dia-v%c9%99-%c9%99dliyy%c9%99-nazirliyinin-b%c9%99l%c9%99diyy%c9%99l%c9%99rl%c9%99-is-bas-idar%c9%99si-birg%c9%99-d%c9%99yirmi-masa-t%c9%99skil-edib","status":"publish","type":"post","link":"https:\/\/legacy.dia.edu.az\/en\/arxivl\u0259r\/23434","title":{"rendered":"D\u0130A v\u0259 \u018fdliyy\u0259 Nazirliyinin B\u0259l\u0259diyy\u0259l\u0259rl\u0259 \u0130\u015f Ba\u015f \u0130dar\u0259si birg\u0259 d\u0259yirmi masa t\u0259\u015fkil edib"},"content":{"rendered":"<div data-elementor-type=\"wp-post\" data-elementor-id=\"23434\" class=\"elementor elementor-23434\" data-elementor-settings=\"[]\">\n\t\t\t\t\t\t<div class=\"elementor-inner\">\n\t\t\t\t\t\t\t<div class=\"elementor-section-wrap\">\n\t\t\t\t\t\t\t<section class=\"elementor-section elementor-top-section elementor-element elementor-element-8cb0b62 elementor-section-boxed elementor-section-height-default elementor-section-height-default\" data-id=\"8cb0b62\" data-element_type=\"section\">\n\t\t\t\t\t\t<div class=\"elementor-container elementor-column-gap-default\">\n\t\t\t\t\t\t\t<div class=\"elementor-row\">\n\t\t\t\t\t<div class=\"elementor-column elementor-col-100 elementor-top-column elementor-element elementor-element-3519e43\" data-id=\"3519e43\" data-element_type=\"column\">\n\t\t\t<div class=\"elementor-column-wrap elementor-element-populated\">\n\t\t\t\t\t\t\t<div class=\"elementor-widget-wrap\">\n\t\t\t\t\t\t<div class=\"elementor-element elementor-element-b1d603c elementor-widget elementor-widget-text-editor\" data-id=\"b1d603c\" data-element_type=\"widget\" data-widget_type=\"text-editor.default\">\n\t\t\t\t<div class=\"elementor-widget-container\">\n\t\t\t\t\t\t\t\t<div class=\"elementor-text-editor elementor-clearfix\">\n\t\t\t\t\tD\u0130A v\u0259 \u018fdliyy\u0259 Nazirliyinin B\u0259l\u0259diyy\u0259l\u0259rl\u0259 \u0130\u015f Ba\u015f \u0130dar\u0259si birg\u0259 d\u0259yirmi masa t\u0259\u015fkil edib\t\t\t\t\t<\/div>\n\t\t\t\t\t\t<\/div>\n\t\t\t\t<\/div>\n\t\t\t\t\t\t<\/div>\n\t\t\t\t\t<\/div>\n\t\t<\/div>\n\t\t\t\t\t\t\t\t<\/div>\n\t\t\t\t\t<\/div>\n\t\t<\/section>\n\t\t\t\t<section class=\"elementor-section elementor-top-section elementor-element elementor-element-fee306d elementor-section-boxed elementor-section-height-default elementor-section-height-default\" data-id=\"fee306d\" data-element_type=\"section\">\n\t\t\t\t\t\t<div class=\"elementor-container elementor-column-gap-default\">\n\t\t\t\t\t\t\t<div class=\"elementor-row\">\n\t\t\t\t\t<div class=\"elementor-column elementor-col-100 elementor-top-column elementor-element elementor-element-ab7f175\" data-id=\"ab7f175\" data-element_type=\"column\">\n\t\t\t<div class=\"elementor-column-wrap elementor-element-populated\">\n\t\t\t\t\t\t\t<div class=\"elementor-widget-wrap\">\n\t\t\t\t\t\t<div class=\"elementor-element elementor-element-6ac4979 elementor-widget elementor-widget-text-editor\" data-id=\"6ac4979\" data-element_type=\"widget\" data-widget_type=\"text-editor.default\">\n\t\t\t\t<div class=\"elementor-widget-container\">\n\t\t\t\t\t\t\t\t<div class=\"elementor-text-editor elementor-clearfix\">\n\t\t\t\t\t<p>Az\u0259rbaycan Respublikas\u0131n\u0131n Prezidenti yan\u0131nda D\u00f6vl\u0259t \u0130dar\u0259\u00e7ilik Akademiyas\u0131 (D\u0130A) v\u0259 \u018fdliyy\u0259 Nazirliyinin B\u0259l\u0259diyy\u0259l\u0259rl\u0259 \u0130\u015f Ba\u015f \u0130dar\u0259sinin birg\u0259 t\u0259\u015fkilat\u00e7\u0131l\u0131\u011f\u0131 il\u0259 d\u0259yirmi masa t\u0259\u015fkil edilib.\nT\u0259dbird\u0259 D\u00f6vl\u0259t \u0130dar\u0259\u00e7ilik Akademiyas\u0131n\u0131n rektoru akademik Urxan \u018fl\u0259kb\u0259rov \u00e7\u0131x\u0131\u015f ed\u0259r\u0259k \u00dcmummilli Lider Heyd\u0259r \u018fliyevin m\u00fcst\u0259sna tarixi xidm\u0259tl\u0259rini qeyd edib. Rektor Az\u0259rbaycanda h\u00fcquqi d\u00f6vl\u0259t quruculu\u011fu i\u015finin \u0259sas\u0131n\u0131n Ulu \u00d6nd\u0259r Heyd\u0259r \u018fliyev t\u0259r\u0259find\u0259n qoyuldu\u011funu diqq\u0259t\u0259 \u00e7atd\u0131r\u0131b. Urxan \u018fl\u0259kb\u0259rov \u00dcmummilli Lider t\u0259r\u0259find\u0259n m\u00fc\u0259yy\u0259nl\u0259\u015fdirilmi\u015f v\u0259 Prezident \u0130lham \u018fliyevin u\u011furla davam etdirdiyi inki\u015faf strategiyas\u0131 say\u0259sind\u0259 Az\u0259rbaycan\u0131n qazand\u0131\u011f\u0131 nailiyy\u0259tl\u0259r\u0259 diqq\u0259t \u00e7\u0259kib. O, Prezident \u0130lham \u018fliyev t\u0259r\u0259find\u0259n haz\u0131rlanaraq t\u0259tbiq edilmi\u015f yeni d\u00f6vl\u0259t idar\u0259\u00e7iliyi texnologiyalar\u0131n\u0131n Az\u0259rbaycan\u0131n davaml\u0131 inkl\u00fcziv inki\u015faf\u0131 namin\u0259 resurslardan s\u0259m\u0259r\u0259li istifad\u0259 sah\u0259sind\u0259 regional v\u0259 qlobal lider\u0259 \u00e7evrildiyini x\u00fcsusi vur\u011fulay\u0131b. Urxan \u018fl\u0259kb\u0259rov inkl\u00fcziv inki\u015faf sah\u0259sind\u0259 \u00f6lk\u0259mizin y\u00fcks\u0259k g\u00f6st\u0259ricil\u0259r \u0259ld\u0259 etm\u0259sind\u0259 v\u0259 u\u011furlu siyas\u0259tin realla\u015fd\u0131r\u0131lmas\u0131 bax\u0131m\u0131ndan d\u00fcnya liderin\u0259 \u00e7evrilm\u0259sind\u0259 Az\u0259rbaycan Respublikas\u0131n\u0131n Birinci vitse-prezidenti Mehriban \u018fliyevan\u0131n m\u00fcst\u0259sna xidm\u0259tl\u0259rini qeyd edib.\n\nT\u0259dbird\u0259 \u018fdliyy\u0259 Nazirliyinin B\u0259l\u0259diyy\u0259l\u0259rl\u0259 \u0130\u015f Ba\u015f \u0130dar\u0259sinin r\u0259isi Elmin H\u0259s\u0259nov \u00e7\u0131x\u0131\u015f ed\u0259r\u0259k Az\u0259rbaycan Respublikas\u0131n\u0131n Konstitusiyas\u0131 v\u0259 \u201cB\u0259l\u0259diyy\u0259l\u0259rin statusu haqq\u0131nda\u201d Az\u0259rbaycan Respublikas\u0131n\u0131n Qanunu il\u0259 s\u0259lahiyy\u0259tl\u0259rin\u0259 aid edilmi\u015f yerli \u0259h\u0259miyy\u0259tli m\u0259s\u0259l\u0259l\u0259r, B\u0259l\u0259diyy\u0259l\u0259rl\u0259 i\u015f m\u0259rk\u0259zinin strukturu, i\u015f prinsipi, g\u0259l\u0259c\u0259k f\u0259aliyy\u0259t istiqam\u0259tl\u0259ri bar\u0259d\u0259, eyni zamanda, D\u0130A il\u0259 birlikd\u0259 h\u0259yata ke\u00e7iril\u0259c\u0259k f\u0259aliyy\u0259t istiqam\u0259tl\u0259ri haqq\u0131nda i\u015ftirak\u00e7\u0131lar\u0131 m\u0259lumatland\u0131r\u0131b.\n\nDaha sonra B\u0259l\u0259diyy\u0259l\u0259rl\u0259 \u0130\u015f Ba\u015f \u0130dar\u0259sinin r\u0259is m\u00fcavini Mehti Abdullayev, D\u0130A-n\u0131n \u0130nzibati idar\u0259etm\u0259 fak\u00fclt\u0259sinin dekan\u0131 dosent Elnur \u018fliyev, H\u00fcquq kafedras\u0131n\u0131n m\u00fcdiri professor \u0130saxan V\u0259liyev, Beyn\u0259lxalq m\u00fcnasib\u0259tl\u0259r v\u0259 xarici siyas\u0259t kafedras\u0131n\u0131n m\u00fcdiri professor Namiq \u018fliyev, Tarix kafedras\u0131n\u0131n m\u00fcdiri professor Firdovsiy\u0259 \u018fhm\u0259dova, Elmi kitabxanan\u0131n m\u00fcdiri F\u0259rid\u0259 Mahmudova v\u0259 dig\u0259rl\u0259ri \u00e7\u0131x\u0131\u015f ed\u0259r\u0259k g\u0259l\u0259c\u0259k \u0259m\u0259kda\u015fl\u0131q v\u0259 f\u0259aliyy\u0259t istiqam\u0259ti \u00fczr\u0259 fikirl\u0259rini bildiribl\u0259r.\n\nDaha sonra t\u0259l\u0259b\u0259l\u0259rin suallar\u0131 cavabland\u0131r\u0131l\u0131b.\n\nT\u0259dbird\u0259 D\u00f6vl\u0259t \u0130dar\u0259\u00e7ilik Akademiyas\u0131 m\u00fc\u0259lliml\u0259ri, t\u0259l\u0259b\u0259l\u0259ri v\u0259 \u018fdliyy\u0259 Nazirliyinin B\u0259l\u0259diyy\u0259l\u0259rl\u0259 \u0130\u015f Ba\u015f \u0130dar\u0259sinin m\u0259sul \u0259m\u0259kda\u015flar\u0131 i\u015ftirak edibl\u0259r.<\/p>\t\t\t\t\t<\/div>\n\t\t\t\t\t\t<\/div>\n\t\t\t\t<\/div>\n\t\t\t\t\t\t<\/div>\n\t\t\t\t\t<\/div>\n\t\t<\/div>\n\t\t\t\t\t\t\t\t<\/div>\n\t\t\t\t\t<\/div>\n\t\t<\/section>\n\t\t\t\t\t\t<\/div>\n\t\t\t\t\t\t<\/div>\n\t\t\t\t\t<\/div>","protected":false},"excerpt":{"rendered":"<p>Az\u0259rbaycan Respublikas\u0131n\u0131n Prezidenti yan\u0131nda D\u00f6vl\u0259t \u0130dar\u0259\u00e7ilik Akademiyas\u0131 (D\u0130A) v\u0259 \u018fdliyy\u0259 Nazirliyinin B\u0259l\u0259diyy\u0259l\u0259rl\u0259 \u0130\u015f Ba\u015f \u0130dar\u0259sinin birg\u0259 t\u0259\u015fkilat\u00e7\u0131l\u0131\u011f\u0131 il\u0259 d\u0259yirmi masa t\u0259\u015fkil edilib.<\/p>","protected":false},"author":2,"featured_media":23435,"comment_status":"closed","ping_status":"closed","sticky":false,"template":"","format":"standard","meta":[],"categories":[137],"tags":[],"_links":{"self":[{"href":"https:\/\/legacy.dia.edu.az\/en\/wp-json\/wp\/v2\/posts\/23434"}],"collection":[{"href":"https:\/\/legacy.dia.edu.az\/en\/wp-json\/wp\/v2\/posts"}],"about":[{"href":"https:\/\/legacy.dia.edu.az\/en\/wp-json\/wp\/v2\/types\/post"}],"author":[{"embeddable":true,"href":"https:\/\/legacy.dia.edu.az\/en\/wp-json\/wp\/v2\/users\/2"}],"replies":[{"embeddable":true,"href":"https:\/\/legacy.dia.edu.az\/en\/wp-json\/wp\/v2\/comments?post=23434"}],"version-history":[{"count":4,"href":"https:\/\/legacy.dia.edu.az\/en\/wp-json\/wp\/v2\/posts\/23434\/revisions"}],"predecessor-version":[{"id":23439,"href":"https:\/\/legacy.dia.edu.az\/en\/wp-json\/wp\/v2\/posts\/23434\/revisions\/23439"}],"wp:featuredmedia":[{"embeddable":true,"href":"https:\/\/legacy.dia.edu.az\/en\/wp-json\/wp\/v2\/media\/23435"}],"wp:attachment":[{"href":"https:\/\/legacy.dia.edu.az\/en\/wp-json\/wp\/v2\/media?parent=23434"}],"wp:term":[{"taxonomy":"category","embeddable":true,"href":"https:\/\/legacy.dia.edu.az\/en\/wp-json\/wp\/v2\/categories?post=23434"},{"taxonomy":"post_tag","embeddable":true,"href":"https:\/\/legacy.dia.edu.az\/en\/wp-json\/wp\/v2\/tags?post=23434"}],"curies":[{"name":"wp","href":"https:\/\/api.w.org\/{rel}","templated":true}]}}