{"id":23253,"date":"2024-08-19T20:37:00","date_gmt":"2024-08-19T16:37:00","guid":{"rendered":"https:\/\/dia.edu.az\/?p=23253"},"modified":"2024-08-20T10:42:27","modified_gmt":"2024-08-20T06:42:27","slug":"dovl%c9%99t-idar%c9%99cilik-akademiyasinin-m%c9%99zunu-dovl%c9%99t-proqrami-c%c9%99rciv%c9%99sind%c9%99-abs-in-nyu-york-universitetin%c9%99-q%c9%99bul-olub","status":"publish","type":"post","link":"https:\/\/legacy.dia.edu.az\/en\/arxivl\u0259r\/23253","title":{"rendered":"D\u00f6vl\u0259t \u0130dar\u0259\u00e7ilik Akademiyas\u0131n\u0131n\u00a0m\u0259zunu D\u00f6vl\u0259t Proqram\u0131 \u00e7\u0259r\u00e7iv\u0259sind\u0259 AB\u015e-\u0131n Nyu-York Universitetin\u0259 q\u0259bul olub"},"content":{"rendered":"<div data-elementor-type=\"wp-post\" data-elementor-id=\"23253\" class=\"elementor elementor-23253\" data-elementor-settings=\"[]\">\n\t\t\t\t\t\t<div class=\"elementor-inner\">\n\t\t\t\t\t\t\t<div class=\"elementor-section-wrap\">\n\t\t\t\t\t\t\t<section class=\"elementor-section elementor-top-section elementor-element elementor-element-96b2ee7 elementor-section-boxed elementor-section-height-default elementor-section-height-default\" data-id=\"96b2ee7\" data-element_type=\"section\">\n\t\t\t\t\t\t<div class=\"elementor-container elementor-column-gap-default\">\n\t\t\t\t\t\t\t<div class=\"elementor-row\">\n\t\t\t\t\t<div class=\"elementor-column elementor-col-100 elementor-top-column elementor-element elementor-element-6c67177\" data-id=\"6c67177\" data-element_type=\"column\">\n\t\t\t<div class=\"elementor-column-wrap elementor-element-populated\">\n\t\t\t\t\t\t\t<div class=\"elementor-widget-wrap\">\n\t\t\t\t\t\t<div class=\"elementor-element elementor-element-454638d elementor-position-top elementor-vertical-align-top elementor-widget elementor-widget-image-box\" data-id=\"454638d\" data-element_type=\"widget\" data-widget_type=\"image-box.default\">\n\t\t\t\t<div class=\"elementor-widget-container\">\n\t\t\t<div class=\"elementor-image-box-wrapper\"><figure class=\"elementor-image-box-img\"><img width=\"924\" height=\"630\" src=\"https:\/\/legacy.dia.edu.az\/wp-content\/uploads\/2024\/08\/SA.jpg\" class=\"attachment-full size-full\" alt=\"\" srcset=\"https:\/\/legacy.dia.edu.az\/wp-content\/uploads\/2024\/08\/SA.jpg 924w, https:\/\/legacy.dia.edu.az\/wp-content\/uploads\/2024\/08\/SA-200x136.jpg 200w, https:\/\/legacy.dia.edu.az\/wp-content\/uploads\/2024\/08\/SA-450x307.jpg 450w, https:\/\/legacy.dia.edu.az\/wp-content\/uploads\/2024\/08\/SA-18x12.jpg 18w, https:\/\/legacy.dia.edu.az\/wp-content\/uploads\/2024\/08\/SA-200x136@2x.jpg 400w, https:\/\/legacy.dia.edu.az\/wp-content\/uploads\/2024\/08\/SA-450x307@2x.jpg 900w\" sizes=\"(max-width: 924px) 100vw, 924px\" \/><\/figure><div class=\"elementor-image-box-content\"><h3 class=\"elementor-image-box-title\">D\u0130A-n\u0131n m\u0259zunu D\u00f6vl\u0259t Proqram\u0131 \u00e7\u0259r\u00e7iv\u0259sind\u0259 AB\u015e-\u0131n Nyu-York Universitetin\u0259 q\u0259bul olub<\/h3><p class=\"elementor-image-box-description\">Az\u0259rbaycan Respublikas\u0131n\u0131n Prezidenti yan\u0131nda D\u00f6vl\u0259t \u0130dar\u0259\u00e7ilik Akademiyas\u0131n\u0131n (D\u0130A) m\u0259zunu S\u0259kin\u0259 \u018flizad\u0259 \u201cG\u0259ncl\u0259rin xarici \u00f6lk\u0259l\u0259rin n\u00fcfuzlu ali t\u0259hsil m\u00fc\u0259ssis\u0259l\u0259rind\u0259 t\u0259hsil almalar\u0131na dair 2022-2028-ci ill\u0259r \u00fc\u00e7\u00fcn D\u00f6vl\u0259t Proqram\u0131\u201d \u00e7\u0259r\u00e7iv\u0259sind\u0259 tam t\u0259qa\u00fcdl\u0259 AB\u015e-\u0131n Nyu-York Universiteti Tandon M\u00fch\u0259ndislik M\u0259kt\u0259bind\u0259 komp\u00fcter m\u00fch\u0259ndisliyi ixtisas\u0131 \u00fczr\u0259 magistratura s\u0259viyy\u0259sind\u0259 t\u0259hsil almaq h\u00fcququ qazan\u0131b.\nS\u0259kin\u0259 \u018flizad\u0259 2020-2024-c\u00fc ill\u0259rd\u0259 D\u00f6vl\u0259t \u0130dar\u0259\u00e7ilik Akademiyas\u0131n\u0131n \u0130nzibati idar\u0259etm\u0259 fak\u00fclt\u0259sind\u0259 komp\u00fcter elml\u0259ri ixtisas\u0131 \u00fczr\u0259 t\u0259hsil al\u0131b v\u0259 bakalavriat t\u0259hsilini f\u0259rql\u0259nm\u0259 diplomu il\u0259 bitirib.<\/p><\/div><\/div>\t\t<\/div>\n\t\t\t\t<\/div>\n\t\t\t\t\t\t<\/div>\n\t\t\t\t\t<\/div>\n\t\t<\/div>\n\t\t\t\t\t\t\t\t<\/div>\n\t\t\t\t\t<\/div>\n\t\t<\/section>\n\t\t\t\t\t\t<\/div>\n\t\t\t\t\t\t<\/div>\n\t\t\t\t\t<\/div>","protected":false},"excerpt":{"rendered":"<p>Az\u0259rbaycan Respublikas\u0131n\u0131n Prezidenti yan\u0131nda D\u00f6vl\u0259t \u0130dar\u0259\u00e7ilik Akademiyas\u0131n\u0131n (D\u0130A) m\u0259zunu S\u0259kin\u0259 \u018flizad\u0259 \u201cG\u0259ncl\u0259rin xarici \u00f6lk\u0259l\u0259rin n\u00fcfuzlu ali t\u0259hsil m\u00fc\u0259ssis\u0259l\u0259rind\u0259 t\u0259hsil almalar\u0131na dair 2022-2028-ci ill\u0259r \u00fc\u00e7\u00fcn<\/p>","protected":false},"author":2,"featured_media":23254,"comment_status":"closed","ping_status":"closed","sticky":false,"template":"","format":"standard","meta":[],"categories":[137],"tags":[],"_links":{"self":[{"href":"https:\/\/legacy.dia.edu.az\/en\/wp-json\/wp\/v2\/posts\/23253"}],"collection":[{"href":"https:\/\/legacy.dia.edu.az\/en\/wp-json\/wp\/v2\/posts"}],"about":[{"href":"https:\/\/legacy.dia.edu.az\/en\/wp-json\/wp\/v2\/types\/post"}],"author":[{"embeddable":true,"href":"https:\/\/legacy.dia.edu.az\/en\/wp-json\/wp\/v2\/users\/2"}],"replies":[{"embeddable":true,"href":"https:\/\/legacy.dia.edu.az\/en\/wp-json\/wp\/v2\/comments?post=23253"}],"version-history":[{"count":5,"href":"https:\/\/legacy.dia.edu.az\/en\/wp-json\/wp\/v2\/posts\/23253\/revisions"}],"predecessor-version":[{"id":23259,"href":"https:\/\/legacy.dia.edu.az\/en\/wp-json\/wp\/v2\/posts\/23253\/revisions\/23259"}],"wp:featuredmedia":[{"embeddable":true,"href":"https:\/\/legacy.dia.edu.az\/en\/wp-json\/wp\/v2\/media\/23254"}],"wp:attachment":[{"href":"https:\/\/legacy.dia.edu.az\/en\/wp-json\/wp\/v2\/media?parent=23253"}],"wp:term":[{"taxonomy":"category","embeddable":true,"href":"https:\/\/legacy.dia.edu.az\/en\/wp-json\/wp\/v2\/categories?post=23253"},{"taxonomy":"post_tag","embeddable":true,"href":"https:\/\/legacy.dia.edu.az\/en\/wp-json\/wp\/v2\/tags?post=23253"}],"curies":[{"name":"wp","href":"https:\/\/api.w.org\/{rel}","templated":true}]}}