{"id":23133,"date":"2024-07-03T10:46:23","date_gmt":"2024-07-03T06:46:23","guid":{"rendered":"https:\/\/dia.edu.az\/?p=23133"},"modified":"2024-07-04T09:05:47","modified_gmt":"2024-07-04T05:05:47","slug":"dovl%c9%99t-idar%c9%99cilik-akademiyasinda-atropatena-adli-dovl%c9%99tin-yaranmasi-v%c9%99-tarixi-s%c9%99raiti-movzusunda-elmi-seminar-kecirilib","status":"publish","type":"post","link":"https:\/\/legacy.dia.edu.az\/en\/arxivl\u0259r\/23133","title":{"rendered":"D\u00f6vl\u0259t \u0130dar\u0259\u00e7ilik Akademiyas\u0131nda \u201cAtropatena adl\u0131 d\u00f6vl\u0259tin yaranmas\u0131 v\u0259 tarixi \u015f\u0259raiti\u201d m\u00f6vzusunda elmi seminar ke\u00e7irilib"},"content":{"rendered":"<div data-elementor-type=\"wp-post\" data-elementor-id=\"23133\" class=\"elementor elementor-23133\" data-elementor-settings=\"[]\">\n\t\t\t\t\t\t<div class=\"elementor-inner\">\n\t\t\t\t\t\t\t<div class=\"elementor-section-wrap\">\n\t\t\t\t\t\t\t<section class=\"elementor-section elementor-top-section elementor-element elementor-element-24b3eb7 elementor-section-boxed elementor-section-height-default elementor-section-height-default\" data-id=\"24b3eb7\" data-element_type=\"section\">\n\t\t\t\t\t\t<div class=\"elementor-container elementor-column-gap-default\">\n\t\t\t\t\t\t\t<div class=\"elementor-row\">\n\t\t\t\t\t<div class=\"elementor-column elementor-col-100 elementor-top-column elementor-element elementor-element-0868673\" data-id=\"0868673\" data-element_type=\"column\">\n\t\t\t<div class=\"elementor-column-wrap elementor-element-populated\">\n\t\t\t\t\t\t\t<div class=\"elementor-widget-wrap\">\n\t\t\t\t\t\t<div class=\"elementor-element elementor-element-d556794 elementor-widget elementor-widget-text-editor\" data-id=\"d556794\" data-element_type=\"widget\" data-widget_type=\"text-editor.default\">\n\t\t\t\t<div class=\"elementor-widget-container\">\n\t\t\t\t\t\t\t\t<div class=\"elementor-text-editor elementor-clearfix\">\n\t\t\t\t\tD\u00f6vl\u0259t \u0130dar\u0259\u00e7ilik Akademiyas\u0131nda \u201cAtropatena adl\u0131 d\u00f6vl\u0259tin yaranmas\u0131\nv\u0259 tarixi \u015f\u0259raiti\u201d m\u00f6vzusunda elmi seminar ke\u00e7irilib\t\t\t\t\t<\/div>\n\t\t\t\t\t\t<\/div>\n\t\t\t\t<\/div>\n\t\t\t\t\t\t<\/div>\n\t\t\t\t\t<\/div>\n\t\t<\/div>\n\t\t\t\t\t\t\t\t<\/div>\n\t\t\t\t\t<\/div>\n\t\t<\/section>\n\t\t\t\t<section class=\"elementor-section elementor-top-section elementor-element elementor-element-89a4006 elementor-section-boxed elementor-section-height-default elementor-section-height-default\" data-id=\"89a4006\" data-element_type=\"section\">\n\t\t\t\t\t\t<div class=\"elementor-container elementor-column-gap-default\">\n\t\t\t\t\t\t\t<div class=\"elementor-row\">\n\t\t\t\t\t<div class=\"elementor-column elementor-col-100 elementor-top-column elementor-element elementor-element-4beb4df\" data-id=\"4beb4df\" data-element_type=\"column\">\n\t\t\t<div class=\"elementor-column-wrap elementor-element-populated\">\n\t\t\t\t\t\t\t<div class=\"elementor-widget-wrap\">\n\t\t\t\t\t\t<div class=\"elementor-element elementor-element-fcb8919 elementor-widget elementor-widget-text-editor\" data-id=\"fcb8919\" data-element_type=\"widget\" data-widget_type=\"text-editor.default\">\n\t\t\t\t<div class=\"elementor-widget-container\">\n\t\t\t\t\t\t\t\t<div class=\"elementor-text-editor elementor-clearfix\">\n\t\t\t\t\t<p>Az\u0259rbaycan Respublikas\u0131n\u0131n Prezidenti yan\u0131nda D\u00f6vl\u0259t \u0130dar\u0259\u00e7ilik\nAkademiyas\u0131n\u0131n \u201cTarix\u201d kafedras\u0131n\u0131n t\u0259\u015fkilat\u00e7\u0131l\u0131\u011f\u0131 il\u0259 iyun ay\u0131n\u0131n 10-da\n\u201cAz\u0259rbaycan tarixinin d\u00f6vrl\u0259\u015fm\u0259si v\u0259 d\u00f6vl\u0259t\u00e7ilik m\u0259rh\u0259l\u0259l\u0259ri\u201d layih\u0259si\n\u00e7\u0259r\u00e7iv\u0259sind\u0259 \u201cAtropatena adl\u0131 d\u00f6vl\u0259tin yaranmas\u0131 v\u0259 tarixi \u015f\u0259raiti\u201d m\u00f6vzusunda\nelmi seminar ke\u00e7irilmi\u015fdir. M\u00f6vzu \u00fczr\u0259 m\u0259ruz\u0259\u00e7i tarix elml\u0259ri doktoru H\u0259s\u0259n\nH\u0259s\u0259nov olmu\u015fdur. H\u0259s\u0259n H\u0259s\u0259nov Atropatena il\u0259 ba\u011fl\u0131 q\u0259dim m\u0259nb\u0259l\u0259rin verdiyi\nm\u0259lumatlar\u0131 m\u00fcqayis\u0259li m\u0259zmunda \u015f\u0259rh ed\u0259r\u0259k seminar \u00fczvl\u0259rinin diqq\u0259tin\u0259\n\u00e7atd\u0131rm\u0131\u015fd\u0131r.\nM\u0259ruz\u0259\u00e7i Strabonun m\u0259tnin\u0259 istinad ed\u0259r\u0259k Atropatena yeni d\u00f6vl\u0259t olaraq\nyaran\u0131b, yoxsa \u0259vv\u0259ll\u0259r n\u0259 vaxtsa m\u00f6vcud olan d\u00f6vl\u0259tin m\u00fcst\u0259qilliyi b\u0259rpa olunub\nv\u0259 Atropatena d\u00f6vl\u0259tinin ad\u0131 Atropat\u0131n \u015f\u0259r\u0259fin\u0259 verilib, yoxsa Atropat t\u0259r\u0259find\u0259n\nverilib? suallar\u0131 \u0259traf\u0131nda seminar i\u015ftirak\u00e7\u0131lar\u0131n\u0131n suallar\u0131n\u0131 cavabland\u0131rm\u0131\u015fd\u0131r.\nSeminarda tan\u0131nm\u0131\u015f ziyal\u0131lar, elm adamlar\u0131, ictimai xadiml\u0259r i\u015ftirak etmi\u015fdir.\nSeminarda h\u0259sr olunan m\u00f6vzuya aid Strabonun elmimizd\u0259 q\u00fcvv\u0259d\u0259 olan\nm\u0259lumat\u0131n\u0131n m\u00fczakir\u0259si zaman\u0131 \u015f\u0259rh ver\u0259n \u00e7\u0131x\u0131\u015f ed\u0259nl\u0259r (mill\u0259t v\u0259kili, professor\nS\u0259m\u0259d Seyidov, mill\u0259t v\u0259kili, xalq \u015fairi Sabir R\u00fcst\u0259mxanl\u0131, akademik Nizami\nC\u0259f\u0259rov, professor \u015eahlar \u018fsg\u0259rov, tarix\u00e7i alim-diplomat Cavan\u015fir Axundov v\u0259\ndig\u0259rl\u0259ri) h\u0259m d\u0259 m\u0259ruz\u0259\u00e7inin bildirdiyi m\u0259nb\u0259l\u0259r\u0259 istinad ed\u0259r\u0259k Atropatena\nd\u00f6vl\u0259tinin, Assuriya d\u00f6vl\u0259tinin s\u00fcqutundan sonra, y\u0259ni eram\u0131zdan \u0259vv\u0259l VII \u0259srd\u0259\nyarand\u0131\u011f\u0131 v\u0259 Makedoniyal\u0131 \u0130sg\u0259nd\u0259rin v\u0259fat\u0131ndan sonra is\u0259 m\u00fcst\u0259qil bir \u00f6lk\u0259y\u0259\n\u00e7evrildiyi haqq\u0131nda H.H\u0259s\u0259novun t\u0259dqiqat\u0131n\u0131n n\u0259tic\u0259l\u0259rini \u0259sasl\u0131 hesab etmi\u015fl\u0259r.<\/p>\t\t\t\t\t<\/div>\n\t\t\t\t\t\t<\/div>\n\t\t\t\t<\/div>\n\t\t\t\t\t\t<\/div>\n\t\t\t\t\t<\/div>\n\t\t<\/div>\n\t\t\t\t\t\t\t\t<\/div>\n\t\t\t\t\t<\/div>\n\t\t<\/section>\n\t\t\t\t\t\t<\/div>\n\t\t\t\t\t\t<\/div>\n\t\t\t\t\t<\/div>","protected":false},"excerpt":{"rendered":"<p>Az\u0259rbaycan Respublikas\u0131n\u0131n Prezidenti yan\u0131nda D\u00f6vl\u0259t \u0130dar\u0259\u00e7ilik<br \/>\nAkademiyas\u0131n\u0131n \u201cTarix\u201d kafedras\u0131n\u0131n t\u0259\u015fkilat\u00e7\u0131l\u0131\u011f\u0131 il\u0259 iyun ay\u0131n\u0131n 10-da<br \/>\n\u201cAz\u0259rbaycan tarixinin d\u00f6vrl\u0259\u015fm\u0259si v\u0259 d\u00f6vl\u0259t\u00e7ilik m\u0259rh\u0259l\u0259l\u0259ri\u201d layih\u0259si<br \/>\n\u00e7\u0259r\u00e7iv\u0259sind\u0259 \u201cAtropatena adl\u0131 d\u00f6vl\u0259tin yaranmas\u0131 v\u0259 tarixi \u015f\u0259raiti\u201d m\u00f6vzusunda elmi seminar ke\u00e7irilmi\u015fdir.<\/p>","protected":false},"author":2,"featured_media":23148,"comment_status":"closed","ping_status":"closed","sticky":false,"template":"","format":"standard","meta":[],"categories":[137],"tags":[],"_links":{"self":[{"href":"https:\/\/legacy.dia.edu.az\/en\/wp-json\/wp\/v2\/posts\/23133"}],"collection":[{"href":"https:\/\/legacy.dia.edu.az\/en\/wp-json\/wp\/v2\/posts"}],"about":[{"href":"https:\/\/legacy.dia.edu.az\/en\/wp-json\/wp\/v2\/types\/post"}],"author":[{"embeddable":true,"href":"https:\/\/legacy.dia.edu.az\/en\/wp-json\/wp\/v2\/users\/2"}],"replies":[{"embeddable":true,"href":"https:\/\/legacy.dia.edu.az\/en\/wp-json\/wp\/v2\/comments?post=23133"}],"version-history":[{"count":13,"href":"https:\/\/legacy.dia.edu.az\/en\/wp-json\/wp\/v2\/posts\/23133\/revisions"}],"predecessor-version":[{"id":23157,"href":"https:\/\/legacy.dia.edu.az\/en\/wp-json\/wp\/v2\/posts\/23133\/revisions\/23157"}],"wp:featuredmedia":[{"embeddable":true,"href":"https:\/\/legacy.dia.edu.az\/en\/wp-json\/wp\/v2\/media\/23148"}],"wp:attachment":[{"href":"https:\/\/legacy.dia.edu.az\/en\/wp-json\/wp\/v2\/media?parent=23133"}],"wp:term":[{"taxonomy":"category","embeddable":true,"href":"https:\/\/legacy.dia.edu.az\/en\/wp-json\/wp\/v2\/categories?post=23133"},{"taxonomy":"post_tag","embeddable":true,"href":"https:\/\/legacy.dia.edu.az\/en\/wp-json\/wp\/v2\/tags?post=23133"}],"curies":[{"name":"wp","href":"https:\/\/api.w.org\/{rel}","templated":true}]}}