{"id":23066,"date":"2024-06-17T19:46:33","date_gmt":"2024-06-17T15:46:33","guid":{"rendered":"https:\/\/dia.edu.az\/?p=23066"},"modified":"2024-06-17T19:50:30","modified_gmt":"2024-06-17T15:50:30","slug":"naxcivanda-iqlim-d%c9%99yisiklikl%c9%99ri-v%c9%99-dovl%c9%99t-idar%c9%99ciliyind%c9%99-yeni-cagirislar-movzusunda-s%c9%99yyar-t%c9%99lim-kecirilib","status":"publish","type":"post","link":"https:\/\/legacy.dia.edu.az\/en\/arxivl\u0259r\/23066","title":{"rendered":"Nax\u00e7\u0131vanda \u201c\u0130qlim d\u0259yi\u015fiklikl\u0259ri v\u0259 d\u00f6vl\u0259t idar\u0259\u00e7iliyind\u0259 yeni \u00e7a\u011f\u0131r\u0131\u015flar\u201d m\u00f6vzusunda s\u0259yyar t\u0259lim ke\u00e7irilib"},"content":{"rendered":"<div data-elementor-type=\"wp-post\" data-elementor-id=\"23066\" class=\"elementor elementor-23066\" data-elementor-settings=\"[]\">\n\t\t\t\t\t\t<div class=\"elementor-inner\">\n\t\t\t\t\t\t\t<div class=\"elementor-section-wrap\">\n\t\t\t\t\t\t\t<section class=\"elementor-section elementor-top-section elementor-element elementor-element-c6a9273 elementor-section-boxed elementor-section-height-default elementor-section-height-default\" data-id=\"c6a9273\" data-element_type=\"section\">\n\t\t\t\t\t\t<div class=\"elementor-container elementor-column-gap-default\">\n\t\t\t\t\t\t\t<div class=\"elementor-row\">\n\t\t\t\t\t<div class=\"elementor-column elementor-col-100 elementor-top-column elementor-element elementor-element-b0bd0d9\" data-id=\"b0bd0d9\" data-element_type=\"column\">\n\t\t\t<div class=\"elementor-column-wrap elementor-element-populated\">\n\t\t\t\t\t\t\t<div class=\"elementor-widget-wrap\">\n\t\t\t\t\t\t<div class=\"elementor-element elementor-element-73759a3 elementor-widget elementor-widget-text-editor\" data-id=\"73759a3\" data-element_type=\"widget\" data-widget_type=\"text-editor.default\">\n\t\t\t\t<div class=\"elementor-widget-container\">\n\t\t\t\t\t\t\t\t<div class=\"elementor-text-editor elementor-clearfix\">\n\t\t\t\t\tNax\u00e7\u0131vanda \u201c\u0130qlim d\u0259yi\u015fiklikl\u0259ri v\u0259 d\u00f6vl\u0259t idar\u0259\u00e7iliyind\u0259 yeni \u00e7a\u011f\u0131r\u0131\u015flar\u201d m\u00f6vzusunda s\u0259yyar t\u0259lim ke\u00e7irilib\t\t\t\t\t<\/div>\n\t\t\t\t\t\t<\/div>\n\t\t\t\t<\/div>\n\t\t\t\t\t\t<\/div>\n\t\t\t\t\t<\/div>\n\t\t<\/div>\n\t\t\t\t\t\t\t\t<\/div>\n\t\t\t\t\t<\/div>\n\t\t<\/section>\n\t\t\t\t<section class=\"elementor-section elementor-top-section elementor-element elementor-element-2847da4 elementor-section-boxed elementor-section-height-default elementor-section-height-default\" data-id=\"2847da4\" data-element_type=\"section\">\n\t\t\t\t\t\t<div class=\"elementor-container elementor-column-gap-default\">\n\t\t\t\t\t\t\t<div class=\"elementor-row\">\n\t\t\t\t\t<div class=\"elementor-column elementor-col-100 elementor-top-column elementor-element elementor-element-a029301\" data-id=\"a029301\" data-element_type=\"column\">\n\t\t\t<div class=\"elementor-column-wrap elementor-element-populated\">\n\t\t\t\t\t\t\t<div class=\"elementor-widget-wrap\">\n\t\t\t\t\t\t<div class=\"elementor-element elementor-element-d3fa31c elementor-arrows-position-inside elementor-pagination-position-outside elementor-widget elementor-widget-image-carousel\" data-id=\"d3fa31c\" data-element_type=\"widget\" data-settings=\"{&quot;navigation&quot;:&quot;both&quot;,&quot;autoplay&quot;:&quot;yes&quot;,&quot;pause_on_hover&quot;:&quot;yes&quot;,&quot;pause_on_interaction&quot;:&quot;yes&quot;,&quot;autoplay_speed&quot;:5000,&quot;infinite&quot;:&quot;yes&quot;,&quot;speed&quot;:500}\" data-widget_type=\"image-carousel.default\">\n\t\t\t\t<div class=\"elementor-widget-container\">\n\t\t\t\t\t<div class=\"elementor-image-carousel-wrapper swiper-container\" dir=\"ltr\">\n\t\t\t<div class=\"elementor-image-carousel swiper-wrapper\">\n\t\t\t\t<div class=\"swiper-slide\"><a data-elementor-open-lightbox=\"yes\" data-elementor-lightbox-slideshow=\"d3fa31c\" data-elementor-lightbox-title=\"sde\" href=\"https:\/\/legacy.dia.edu.az\/wp-content\/uploads\/2024\/06\/sde.jpeg\"><figure class=\"swiper-slide-inner\"><img class=\"swiper-slide-image\" src=\"https:\/\/legacy.dia.edu.az\/wp-content\/uploads\/2024\/06\/sde-150x150.jpeg\" alt=\"sde\" \/><\/figure><\/a><\/div><div class=\"swiper-slide\"><a data-elementor-open-lightbox=\"yes\" data-elementor-lightbox-slideshow=\"d3fa31c\" data-elementor-lightbox-title=\"ghy\" href=\"https:\/\/legacy.dia.edu.az\/wp-content\/uploads\/2024\/06\/ghy.jpeg\"><figure class=\"swiper-slide-inner\"><img class=\"swiper-slide-image\" src=\"https:\/\/legacy.dia.edu.az\/wp-content\/uploads\/2024\/06\/ghy-150x150.jpeg\" alt=\"ghy\" \/><\/figure><\/a><\/div><div class=\"swiper-slide\"><a data-elementor-open-lightbox=\"yes\" data-elementor-lightbox-slideshow=\"d3fa31c\" data-elementor-lightbox-title=\"erf\" href=\"https:\/\/legacy.dia.edu.az\/wp-content\/uploads\/2024\/06\/erf.jpeg\"><figure class=\"swiper-slide-inner\"><img class=\"swiper-slide-image\" src=\"https:\/\/legacy.dia.edu.az\/wp-content\/uploads\/2024\/06\/erf-150x150.jpeg\" alt=\"erf\" \/><\/figure><\/a><\/div>\t\t\t<\/div>\n\t\t\t\t\t\t\t\t\t\t\t\t<div class=\"swiper-pagination\"><\/div>\n\t\t\t\t\t\t\t\t\t\t\t\t\t<div class=\"elementor-swiper-button elementor-swiper-button-prev\">\n\t\t\t\t\t\t<i class=\"eicon-chevron-left\" aria-hidden=\"true\"><\/i>\n\t\t\t\t\t\t<span class=\"elementor-screen-only\">Previous<\/span>\n\t\t\t\t\t<\/div>\n\t\t\t\t\t<div class=\"elementor-swiper-button elementor-swiper-button-next\">\n\t\t\t\t\t\t<i class=\"eicon-chevron-right\" aria-hidden=\"true\"><\/i>\n\t\t\t\t\t\t<span class=\"elementor-screen-only\">Next<\/span>\n\t\t\t\t\t<\/div>\n\t\t\t\t\t\t\t\t\t<\/div>\n\t\t\t\t<\/div>\n\t\t\t\t<\/div>\n\t\t\t\t\t\t<\/div>\n\t\t\t\t\t<\/div>\n\t\t<\/div>\n\t\t\t\t\t\t\t\t<\/div>\n\t\t\t\t\t<\/div>\n\t\t<\/section>\n\t\t\t\t<section class=\"elementor-section elementor-top-section elementor-element elementor-element-d9e787f elementor-section-boxed elementor-section-height-default elementor-section-height-default\" data-id=\"d9e787f\" data-element_type=\"section\">\n\t\t\t\t\t\t<div class=\"elementor-container elementor-column-gap-default\">\n\t\t\t\t\t\t\t<div class=\"elementor-row\">\n\t\t\t\t\t<div class=\"elementor-column elementor-col-100 elementor-top-column elementor-element elementor-element-78b9956\" data-id=\"78b9956\" data-element_type=\"column\">\n\t\t\t<div class=\"elementor-column-wrap elementor-element-populated\">\n\t\t\t\t\t\t\t<div class=\"elementor-widget-wrap\">\n\t\t\t\t\t\t<div class=\"elementor-element elementor-element-a4b36c0 elementor-widget elementor-widget-text-editor\" data-id=\"a4b36c0\" data-element_type=\"widget\" data-widget_type=\"text-editor.default\">\n\t\t\t\t<div class=\"elementor-widget-container\">\n\t\t\t\t\t\t\t\t<div class=\"elementor-text-editor elementor-clearfix\">\n\t\t\t\t\t<p>\u201cNax\u00e7\u0131van Muxtar Respublikas\u0131n\u0131n sosial-iqtisadi inki\u015faf\u0131na dair 2023-2027-ci ill\u0259r \u00fc\u00e7\u00fcn D\u00f6vl\u0259t Proqram\u0131\u201dn\u0131n m\u00fcvafiq b\u0259ndinin icras\u0131n\u0131 t\u0259min etm\u0259k m\u0259qs\u0259di il\u0259 d\u00f6vl\u0259t qullu\u011funda bilik bacar\u0131q v\u0259 s\u0259ri\u015ft\u0259nin inki\u015faf etdirilm\u0259si il\u0259 ba\u011fl\u0131 t\u0259dbirl\u0259r h\u0259yata ke\u00e7irilir.\n\nBu kimi t\u0259dbirl\u0259rin davam\u0131 olaraq iyunun 14-d\u0259 Az\u0259rbaycan Respublikas\u0131 Prezidenti yan\u0131nda D\u00f6vl\u0259t \u0130dar\u0259\u00e7ilik Akademiyas\u0131n\u0131n t\u0259\u015fkilat\u00e7\u0131l\u0131\u011f\u0131 il\u0259 Nax\u00e7\u0131van Biznes M\u0259rk\u0259zind\u0259 d\u00f6vl\u0259t orqanlar\u0131nda \u00e7al\u0131\u015fan d\u00f6vl\u0259t qulluq\u00e7ular\u0131na s\u0259yyar t\u0259lim ke\u00e7irilib.\n\nT\u0259limd\u0259n \u0259vv\u0259l Az\u0259rbaycan Respublikas\u0131 Prezidenti yan\u0131nda D\u00f6vl\u0259t \u0130dar\u0259\u00e7ilik Akademiyas\u0131n\u0131n \u0259m\u0259kda\u015flar\u0131 Ulu \u00d6nd\u0259rin b\u00fcst\u00fcn\u00fc ziyar\u0259t edib, d\u0259rin ehtiramlar\u0131n\u0131 bildiribl\u0259r.\n\nT\u0259limd\u0259 Nax\u00e7\u0131van Muxtar Respublikas\u0131 Nazirl\u0259r Kabinetinin h\u00fcquq \u015f\u00f6b\u0259sinin m\u00fcdiri G\u00fcl\u00e7in D\u00fcnyamal\u0131yev t\u0259limin mahiyy\u0259ti bar\u0259d\u0259 m\u0259lumat verib.\n\nAz\u0259rbaycan Respublikas\u0131 Prezidenti yan\u0131nda D\u00f6vl\u0259t \u0130dar\u0259\u00e7ilik Akademiyas\u0131n\u0131n rektoru, akademik Urxan \u018fl\u0259kb\u0259rovun \u201cPrezident \u0130lham \u018fliyevin yeni idar\u0259\u00e7ilik texnologiyalar\u0131: COP29-a aparan yol\u201d m\u00f6vzusunda m\u00fchazir\u0259si dinl\u0259nilib. Qeyd olunub ki, m\u0259d\u0259ni irs b\u00fct\u00fcn zamanlarda \u0259traf m\u00fchitin t\u0259rkib hiss\u0259si olmaqla iqlim v\u0259 m\u00fcnaqi\u015f\u0259l\u0259rin t\u0259sirin\u0259 m\u0259ruz qal\u0131b. XIX v\u0259 XX \u0259srin s\u0259nayel\u0259\u015fm\u0259si v\u0259 b\u00f6y\u00fck m\u00fcharib\u0259l\u0259r bu prosesi daha da s\u00fcr\u0259tl\u0259ndirib. Bu g\u00fcn is\u0259 bu \u00e7a\u011f\u0131r\u0131\u015flar, x\u00fcsusil\u0259 iqlim d\u0259yi\u015fiklikl\u0259ri qlobal xarakter al\u0131b. \u0130qlim d\u0259yi\u015fiklikl\u0259ri insan sa\u011flaml\u0131\u011f\u0131, k\u0259nd t\u0259s\u0259rr\u00fcfat\u0131, s\u0259naye v\u0259 dig\u0259r sah\u0259l\u0259rl\u0259 yana\u015f\u0131, m\u0259d\u0259ni v\u0259 t\u0259bii irs\u0259 d\u0259 \u00f6z m\u0259nfi t\u0259sirini g\u00f6st\u0259rir. Az\u0259rbaycan Respublikas\u0131 beyn\u0259lxalq ictimaiyy\u0259tin etibarl\u0131 v\u0259 m\u0259suliyy\u0259tli \u00fczv\u00fc kimi iqlim d\u0259yi\u015fm\u0259l\u0259rinin f\u0259sadlar\u0131na qar\u015f\u0131 m\u00fcbariz\u0259y\u0259 daim \u00f6z t\u00f6hf\u0259sini verir. \u00d6lk\u0259miz t\u0259r\u0259find\u0259n \u0259sas\u0259n \u00f6z maliyy\u0259 v\u0259saitl\u0259ri hesab\u0131na \u0259traf m\u00fchitin qorunmas\u0131, ya\u015f\u0131ll\u0131qlar\u0131n b\u0259rpas\u0131, art\u0131r\u0131lmas\u0131, t\u0259bii ehtiyatlardan, o c\u00fcml\u0259d\u0259n su ehtiyatlar\u0131ndan v\u0259 dayan\u0131ql\u0131 enerji m\u0259nb\u0259l\u0259rind\u0259n s\u0259m\u0259r\u0259li istifad\u0259 imkanlar\u0131n\u0131n geni\u015fl\u0259ndirilm\u0259si istiqam\u0259tind\u0259 m\u00fch\u00fcm i\u015fl\u0259r g\u00f6r\u00fcl\u00fcr.\n\nRektor bel\u0259 bir t\u0259limin ke\u00e7irilm\u0259sinin \u00e7ox vacib oldu\u011funu bildirib. O, Az\u0259rbaycan Prezidentinin S\u0259r\u0259ncam\u0131 il\u0259 2024-c\u00fc ilin respublikam\u0131zda \u201cYa\u015f\u0131l d\u00fcnya namin\u0259 h\u0259mr\u0259ylik ili\u201d elan edilm\u0259sinin \u00f6lk\u0259mizd\u0259 \u0259traf m\u00fchitin m\u00fchafiz\u0259si sah\u0259sind\u0259 apar\u0131lan m\u0259qs\u0259dy\u00f6nl\u00fc v\u0259 ard\u0131c\u0131l d\u00f6vl\u0259t siyas\u0259tinin t\u0259rkib hiss\u0259si oldu\u011funu diqq\u0259t\u0259 \u00e7atd\u0131r\u0131b.\n\nUrxan \u018fl\u0259kb\u0259rov d\u00fcnyan\u0131n \u0259n m\u00f6t\u0259b\u0259r t\u0259dbirl\u0259rind\u0259n biri olan COP29-un \u00f6lk\u0259mizd\u0259 ke\u00e7irilm\u0259sinin siyasi v\u0259 dig\u0259r istiqam\u0259tl\u0259rl\u0259 yana\u015f\u0131, Az\u0259rbaycan\u0131n iqtisadi v\u0259 turizm c\u0259h\u0259td\u0259n d\u0259 daha geni\u015f inki\u015faf\u0131na t\u00f6hf\u0259 ver\u0259c\u0259yin\u0259 \u0259minliyini vur\u011fulay\u0131b. Bildirilib ki, COP29-a \u00f6lk\u0259mizin ev sahibliyi etm\u0259si il\u0259 ba\u011fl\u0131 qlobal h\u0259mr\u0259ylik art\u0131q Az\u0259rbaycan\u0131n d\u00fcnya s\u0259viyy\u0259sind\u0259 n\u00fcfuzunu g\u00f6st\u0259rir v\u0259 Prezidentin apard\u0131\u011f\u0131 \u0259m\u0259li f\u0259aliyy\u0259t neft \u00f6lk\u0259si kimi Az\u0259rbaycan\u0131n d\u00fcnyan\u0131n karbon emissiyas\u0131n\u0131n azald\u0131lmas\u0131 g\u00fcnd\u0259liyin\u0259 sadiqliyin\u0259 etimad\u0131n formala\u015fd\u0131\u011f\u0131n\u0131 ifad\u0259 edir.\n\nS\u0259yyar t\u0259limd\u0259 Az\u0259rbaycan Respublikas\u0131 Prezidenti yan\u0131nda D\u00f6vl\u0259t \u0130dar\u0259\u00e7ilik Akademiyas\u0131 \u0130ntellektual sisteml\u0259rin idar\u0259 edilm\u0259si kafedras\u0131n\u0131n m\u00fcdiri, dosent Elvin \u018fzizb\u0259yovun \u201cYa\u015f\u0131l R\u0259q\u0259msal d\u00f6vl\u0259t idar\u0259\u00e7iliyi:yeni \u00e7a\u011f\u0131r\u0131\u015flar v\u0259 probleml\u0259r\u201d, Az\u0259rbaycan Respublikas\u0131 Prezidenti yan\u0131nda D\u00f6vl\u0259t \u0130dar\u0259\u00e7ilik Akademiyas\u0131 \u0130nzibati idar\u0259etm\u0259 fak\u00fclt\u0259sinin dekan\u0131, dosent Elnur \u018fliyevin \u201cD\u00f6vl\u0259t idar\u0259\u00e7iliyind\u0259 islahatlar: iqlim d\u0259yi\u015fiklikl\u0259ri prizmas\u0131nda siyasi,h\u00fcquqi v\u0259 institusional \u00e7\u0259r\u00e7iv\u0259l\u0259r\u201d, Az\u0259rbaycan Respublikas\u0131 Prezidenti yan\u0131nda D\u00f6vl\u0259t \u0130dar\u0259\u00e7ilik Akademiyas\u0131n\u0131n I prorektoru, professor \u018flikram Abdullayevin \u201c\u0130qlim d\u0259yi\u015fikl\u0259rinin etik imperativl\u0259ri\u201d m\u00f6vzular\u0131nda m\u00fchazir\u0259l\u0259ri dinl\u0259nilib.<\/p>\t\t\t\t\t<\/div>\n\t\t\t\t\t\t<\/div>\n\t\t\t\t<\/div>\n\t\t\t\t\t\t<\/div>\n\t\t\t\t\t<\/div>\n\t\t<\/div>\n\t\t\t\t\t\t\t\t<\/div>\n\t\t\t\t\t<\/div>\n\t\t<\/section>\n\t\t\t\t\t\t<\/div>\n\t\t\t\t\t\t<\/div>\n\t\t\t\t\t<\/div>","protected":false},"excerpt":{"rendered":"<p>\u201cNax\u00e7\u0131van Muxtar Respublikas\u0131n\u0131n sosial-iqtisadi inki\u015faf\u0131na dair 2023-2027-ci ill\u0259r \u00fc\u00e7\u00fcn D\u00f6vl\u0259t Proqram\u0131\u201dn\u0131n m\u00fcvafiq b\u0259ndinin icras\u0131n\u0131 t\u0259min etm\u0259k m\u0259qs\u0259di il\u0259 d\u00f6vl\u0259t qullu\u011funda bilik bacar\u0131q v\u0259 s\u0259ri\u015ft\u0259nin inki\u015faf etdirilm\u0259si il\u0259 ba\u011fl\u0131 t\u0259dbirl\u0259r h\u0259yata ke\u00e7irilir.<\/p>","protected":false},"author":2,"featured_media":23067,"comment_status":"closed","ping_status":"closed","sticky":false,"template":"","format":"standard","meta":[],"categories":[137],"tags":[],"_links":{"self":[{"href":"https:\/\/legacy.dia.edu.az\/en\/wp-json\/wp\/v2\/posts\/23066"}],"collection":[{"href":"https:\/\/legacy.dia.edu.az\/en\/wp-json\/wp\/v2\/posts"}],"about":[{"href":"https:\/\/legacy.dia.edu.az\/en\/wp-json\/wp\/v2\/types\/post"}],"author":[{"embeddable":true,"href":"https:\/\/legacy.dia.edu.az\/en\/wp-json\/wp\/v2\/users\/2"}],"replies":[{"embeddable":true,"href":"https:\/\/legacy.dia.edu.az\/en\/wp-json\/wp\/v2\/comments?post=23066"}],"version-history":[{"count":9,"href":"https:\/\/legacy.dia.edu.az\/en\/wp-json\/wp\/v2\/posts\/23066\/revisions"}],"predecessor-version":[{"id":23078,"href":"https:\/\/legacy.dia.edu.az\/en\/wp-json\/wp\/v2\/posts\/23066\/revisions\/23078"}],"wp:featuredmedia":[{"embeddable":true,"href":"https:\/\/legacy.dia.edu.az\/en\/wp-json\/wp\/v2\/media\/23067"}],"wp:attachment":[{"href":"https:\/\/legacy.dia.edu.az\/en\/wp-json\/wp\/v2\/media?parent=23066"}],"wp:term":[{"taxonomy":"category","embeddable":true,"href":"https:\/\/legacy.dia.edu.az\/en\/wp-json\/wp\/v2\/categories?post=23066"},{"taxonomy":"post_tag","embeddable":true,"href":"https:\/\/legacy.dia.edu.az\/en\/wp-json\/wp\/v2\/tags?post=23066"}],"curies":[{"name":"wp","href":"https:\/\/api.w.org\/{rel}","templated":true}]}}