{"id":22671,"date":"2024-05-08T11:17:59","date_gmt":"2024-05-08T07:17:59","guid":{"rendered":"https:\/\/dia.edu.az\/?p=22671"},"modified":"2024-05-08T17:15:37","modified_gmt":"2024-05-08T13:15:37","slug":"dovl%c9%99t-idar%c9%99cilik-akademiyasinda-heyd%c9%99r-%c9%99liyev-101-dovl%c9%99t-idar%c9%99ciliyind%c9%99-liderlik-adli-t%c9%99dbir-kecirilib","status":"publish","type":"post","link":"https:\/\/legacy.dia.edu.az\/en\/arxivl\u0259r\/22671","title":{"rendered":"D\u00f6vl\u0259t \u0130dar\u0259\u00e7ilik Akademiyas\u0131nda \u201cHeyd\u0259r \u018fliyev 101: d\u00f6vl\u0259t idar\u0259\u00e7iliyind\u0259 liderlik\u201d adl\u0131 t\u0259dbir ke\u00e7irilib"},"content":{"rendered":"<div data-elementor-type=\"wp-post\" data-elementor-id=\"22671\" class=\"elementor elementor-22671\" data-elementor-settings=\"[]\">\n\t\t\t\t\t\t<div class=\"elementor-inner\">\n\t\t\t\t\t\t\t<div class=\"elementor-section-wrap\">\n\t\t\t\t\t\t\t<section class=\"elementor-section elementor-top-section elementor-element elementor-element-8a62e28 elementor-section-boxed elementor-section-height-default elementor-section-height-default\" data-id=\"8a62e28\" data-element_type=\"section\">\n\t\t\t\t\t\t<div class=\"elementor-container elementor-column-gap-default\">\n\t\t\t\t\t\t\t<div class=\"elementor-row\">\n\t\t\t\t\t<div class=\"elementor-column elementor-col-100 elementor-top-column elementor-element elementor-element-972da22\" data-id=\"972da22\" data-element_type=\"column\">\n\t\t\t<div class=\"elementor-column-wrap elementor-element-populated\">\n\t\t\t\t\t\t\t<div class=\"elementor-widget-wrap\">\n\t\t\t\t\t\t<div class=\"elementor-element elementor-element-f8cf0c0 elementor-widget elementor-widget-text-editor\" data-id=\"f8cf0c0\" data-element_type=\"widget\" data-widget_type=\"text-editor.default\">\n\t\t\t\t<div class=\"elementor-widget-container\">\n\t\t\t\t\t\t\t\t<div class=\"elementor-text-editor elementor-clearfix\">\n\t\t\t\t\tD\u00f6vl\u0259t \u0130dar\u0259\u00e7ilik Akademiyas\u0131nda\n\n\u201cHeyd\u0259r \u018fliyev 101: d\u00f6vl\u0259t idar\u0259\u00e7iliyind\u0259 liderlik\u201d adl\u0131 t\u0259dbir ke\u00e7irilib\t\t\t\t\t<\/div>\n\t\t\t\t\t\t<\/div>\n\t\t\t\t<\/div>\n\t\t\t\t\t\t<\/div>\n\t\t\t\t\t<\/div>\n\t\t<\/div>\n\t\t\t\t\t\t\t\t<\/div>\n\t\t\t\t\t<\/div>\n\t\t<\/section>\n\t\t\t\t<section class=\"elementor-section elementor-top-section elementor-element elementor-element-cf6116a elementor-section-boxed elementor-section-height-default elementor-section-height-default\" data-id=\"cf6116a\" data-element_type=\"section\">\n\t\t\t\t\t\t<div class=\"elementor-container elementor-column-gap-default\">\n\t\t\t\t\t\t\t<div class=\"elementor-row\">\n\t\t\t\t\t<div class=\"elementor-column elementor-col-100 elementor-top-column elementor-element elementor-element-2174c86\" data-id=\"2174c86\" data-element_type=\"column\">\n\t\t\t<div class=\"elementor-column-wrap elementor-element-populated\">\n\t\t\t\t\t\t\t<div class=\"elementor-widget-wrap\">\n\t\t\t\t\t\t<div class=\"elementor-element elementor-element-7d68c49 elementor-arrows-position-inside elementor-pagination-position-outside elementor-widget elementor-widget-image-carousel\" data-id=\"7d68c49\" data-element_type=\"widget\" data-settings=\"{&quot;navigation&quot;:&quot;both&quot;,&quot;autoplay&quot;:&quot;yes&quot;,&quot;pause_on_hover&quot;:&quot;yes&quot;,&quot;pause_on_interaction&quot;:&quot;yes&quot;,&quot;autoplay_speed&quot;:5000,&quot;infinite&quot;:&quot;yes&quot;,&quot;speed&quot;:500}\" data-widget_type=\"image-carousel.default\">\n\t\t\t\t<div class=\"elementor-widget-container\">\n\t\t\t\t\t<div class=\"elementor-image-carousel-wrapper swiper-container\" dir=\"ltr\">\n\t\t\t<div class=\"elementor-image-carousel swiper-wrapper\">\n\t\t\t\t<div class=\"swiper-slide\"><a data-elementor-open-lightbox=\"yes\" data-elementor-lightbox-slideshow=\"7d68c49\" data-elementor-lightbox-title=\"DSC_3936\" href=\"https:\/\/legacy.dia.edu.az\/wp-content\/uploads\/2024\/05\/DSC_3936-scaled.jpg\"><figure class=\"swiper-slide-inner\"><img class=\"swiper-slide-image\" src=\"https:\/\/legacy.dia.edu.az\/wp-content\/uploads\/2024\/05\/DSC_3936-150x150.jpg\" alt=\"DSC_3936\" \/><\/figure><\/a><\/div><div class=\"swiper-slide\"><a data-elementor-open-lightbox=\"yes\" data-elementor-lightbox-slideshow=\"7d68c49\" data-elementor-lightbox-title=\"DSC_3923\" href=\"https:\/\/legacy.dia.edu.az\/wp-content\/uploads\/2024\/05\/DSC_3923-scaled.jpg\"><figure class=\"swiper-slide-inner\"><img class=\"swiper-slide-image\" src=\"https:\/\/legacy.dia.edu.az\/wp-content\/uploads\/2024\/05\/DSC_3923-150x150.jpg\" alt=\"DSC_3923\" \/><\/figure><\/a><\/div><div class=\"swiper-slide\"><a data-elementor-open-lightbox=\"yes\" data-elementor-lightbox-slideshow=\"7d68c49\" data-elementor-lightbox-title=\"DSC_3920\" href=\"https:\/\/legacy.dia.edu.az\/wp-content\/uploads\/2024\/05\/DSC_3920-scaled.jpg\"><figure class=\"swiper-slide-inner\"><img class=\"swiper-slide-image\" src=\"https:\/\/legacy.dia.edu.az\/wp-content\/uploads\/2024\/05\/DSC_3920-150x150.jpg\" alt=\"DSC_3920\" \/><\/figure><\/a><\/div><div class=\"swiper-slide\"><a data-elementor-open-lightbox=\"yes\" data-elementor-lightbox-slideshow=\"7d68c49\" data-elementor-lightbox-title=\"DSC_3942\" href=\"https:\/\/legacy.dia.edu.az\/wp-content\/uploads\/2024\/05\/DSC_3942-scaled.jpg\"><figure class=\"swiper-slide-inner\"><img class=\"swiper-slide-image\" src=\"https:\/\/legacy.dia.edu.az\/wp-content\/uploads\/2024\/05\/DSC_3942-150x150.jpg\" alt=\"DSC_3942\" \/><\/figure><\/a><\/div><div class=\"swiper-slide\"><a data-elementor-open-lightbox=\"yes\" data-elementor-lightbox-slideshow=\"7d68c49\" data-elementor-lightbox-title=\"DSC_3915\" href=\"https:\/\/legacy.dia.edu.az\/wp-content\/uploads\/2024\/05\/DSC_3915-scaled.jpg\"><figure class=\"swiper-slide-inner\"><img class=\"swiper-slide-image\" src=\"https:\/\/legacy.dia.edu.az\/wp-content\/uploads\/2024\/05\/DSC_3915-150x150.jpg\" alt=\"DSC_3915\" \/><\/figure><\/a><\/div><div class=\"swiper-slide\"><a data-elementor-open-lightbox=\"yes\" data-elementor-lightbox-slideshow=\"7d68c49\" data-elementor-lightbox-title=\"DSC_3911\" href=\"https:\/\/legacy.dia.edu.az\/wp-content\/uploads\/2024\/05\/DSC_3911.jpg\"><figure class=\"swiper-slide-inner\"><img class=\"swiper-slide-image\" src=\"https:\/\/legacy.dia.edu.az\/wp-content\/uploads\/2024\/05\/DSC_3911-150x150.jpg\" alt=\"DSC_3911\" \/><\/figure><\/a><\/div><div class=\"swiper-slide\"><a data-elementor-open-lightbox=\"yes\" data-elementor-lightbox-slideshow=\"7d68c49\" data-elementor-lightbox-title=\"DSC_3899\" href=\"https:\/\/legacy.dia.edu.az\/wp-content\/uploads\/2024\/05\/DSC_3899.jpg\"><figure class=\"swiper-slide-inner\"><img class=\"swiper-slide-image\" src=\"https:\/\/legacy.dia.edu.az\/wp-content\/uploads\/2024\/05\/DSC_3899-150x150.jpg\" alt=\"DSC_3899\" \/><\/figure><\/a><\/div><div class=\"swiper-slide\"><a data-elementor-open-lightbox=\"yes\" data-elementor-lightbox-slideshow=\"7d68c49\" data-elementor-lightbox-title=\"DSC_3901\" href=\"https:\/\/legacy.dia.edu.az\/wp-content\/uploads\/2024\/05\/DSC_3901-scaled.jpg\"><figure class=\"swiper-slide-inner\"><img class=\"swiper-slide-image\" src=\"https:\/\/legacy.dia.edu.az\/wp-content\/uploads\/2024\/05\/DSC_3901-150x150.jpg\" alt=\"DSC_3901\" \/><\/figure><\/a><\/div><div class=\"swiper-slide\"><a data-elementor-open-lightbox=\"yes\" data-elementor-lightbox-slideshow=\"7d68c49\" data-elementor-lightbox-title=\"DSC_3903\" href=\"https:\/\/legacy.dia.edu.az\/wp-content\/uploads\/2024\/05\/DSC_3903.jpg\"><figure class=\"swiper-slide-inner\"><img class=\"swiper-slide-image\" src=\"https:\/\/legacy.dia.edu.az\/wp-content\/uploads\/2024\/05\/DSC_3903-150x150.jpg\" alt=\"DSC_3903\" \/><\/figure><\/a><\/div><div class=\"swiper-slide\"><a data-elementor-open-lightbox=\"yes\" data-elementor-lightbox-slideshow=\"7d68c49\" data-elementor-lightbox-title=\"DSC_3905\" href=\"https:\/\/legacy.dia.edu.az\/wp-content\/uploads\/2024\/05\/DSC_3905.jpg\"><figure class=\"swiper-slide-inner\"><img class=\"swiper-slide-image\" src=\"https:\/\/legacy.dia.edu.az\/wp-content\/uploads\/2024\/05\/DSC_3905-150x150.jpg\" alt=\"DSC_3905\" \/><\/figure><\/a><\/div>\t\t\t<\/div>\n\t\t\t\t\t\t\t\t\t\t\t\t<div class=\"swiper-pagination\"><\/div>\n\t\t\t\t\t\t\t\t\t\t\t\t\t<div class=\"elementor-swiper-button elementor-swiper-button-prev\">\n\t\t\t\t\t\t<i class=\"eicon-chevron-left\" aria-hidden=\"true\"><\/i>\n\t\t\t\t\t\t<span class=\"elementor-screen-only\">Previous<\/span>\n\t\t\t\t\t<\/div>\n\t\t\t\t\t<div class=\"elementor-swiper-button elementor-swiper-button-next\">\n\t\t\t\t\t\t<i class=\"eicon-chevron-right\" aria-hidden=\"true\"><\/i>\n\t\t\t\t\t\t<span class=\"elementor-screen-only\">Next<\/span>\n\t\t\t\t\t<\/div>\n\t\t\t\t\t\t\t\t\t<\/div>\n\t\t\t\t<\/div>\n\t\t\t\t<\/div>\n\t\t\t\t\t\t<\/div>\n\t\t\t\t\t<\/div>\n\t\t<\/div>\n\t\t\t\t\t\t\t\t<\/div>\n\t\t\t\t\t<\/div>\n\t\t<\/section>\n\t\t\t\t<section class=\"elementor-section elementor-top-section elementor-element elementor-element-3089e04 elementor-section-boxed elementor-section-height-default elementor-section-height-default\" data-id=\"3089e04\" data-element_type=\"section\">\n\t\t\t\t\t\t<div class=\"elementor-container elementor-column-gap-default\">\n\t\t\t\t\t\t\t<div class=\"elementor-row\">\n\t\t\t\t\t<div class=\"elementor-column elementor-col-100 elementor-top-column elementor-element elementor-element-90d1577\" data-id=\"90d1577\" data-element_type=\"column\">\n\t\t\t<div class=\"elementor-column-wrap elementor-element-populated\">\n\t\t\t\t\t\t\t<div class=\"elementor-widget-wrap\">\n\t\t\t\t\t\t<div class=\"elementor-element elementor-element-8680d21 elementor-widget elementor-widget-text-editor\" data-id=\"8680d21\" data-element_type=\"widget\" data-widget_type=\"text-editor.default\">\n\t\t\t\t<div class=\"elementor-widget-container\">\n\t\t\t\t\t\t\t\t<div class=\"elementor-text-editor elementor-clearfix\">\n\t\t\t\t\t<p>May\u0131n 7-d\u0259 Az\u0259rbaycan Respublikas\u0131n\u0131n Prezidenti yan\u0131nda D\u00f6vl\u0259t \u0130dar\u0259\u00e7ilik\nAkademiyas\u0131nda Yeni Az\u0259rbaycan Partiyas\u0131 (YAP) Veteranlar \u015euras\u0131 v\u0259 YAP G\u0259ncl\u0259r\nBirliyinin birg\u0259 t\u0259\u015fkilat\u00e7\u0131l\u0131\u011f\u0131 il\u0259 \u00dcmummilli Lider Heyd\u0259r \u018fliyevin anadan olmas\u0131n\u0131n 101-ci\nild\u00f6n\u00fcm\u00fcn\u0259 h\u0259sr olunmu\u015f \u201cHeyd\u0259r \u018fliyev 101: d\u00f6vl\u0259t idar\u0259\u00e7iliyind\u0259 liderlik\u201d m\u00f6vzusunda\ng\u0259ncl\u0259rl\u0259 g\u00f6r\u00fc\u015f ke\u00e7irilib.\nD\u00f6vl\u0259t \u0130dar\u0259\u00e7ilik Akademiyas\u0131nda ke\u00e7iril\u0259n g\u00f6r\u00fc\u015fd\u0259 \u0259vv\u0259lc\u0259 Ulu \u00d6nd\u0259r Heyd\u0259r \u018fliyevin v\u0259\nAz\u0259rbaycan\u0131n \u0259razi b\u00fct\u00f6vl\u00fcy\u00fc u\u011frunda canlar\u0131n\u0131 qurban vermi\u015f \u015f\u0259hidl\u0259rimizin \u0259ziz xatir\u0259si\nbir d\u0259qiq\u0259lik s\u00fckutla yad edilib. D\u00f6vl\u0259t Himni s\u0259sl\u0259ndirilib.\nT\u0259dbirin moderatoru YAP G\u0259ncl\u0259r Birliyinin s\u0259dri B\u0259xtiyar \u0130slamov bildirib ki, \u0259sas\u0131\n\u00dcmummilli Lider Heyd\u0259r \u018fliyev t\u0259r\u0259find\u0259n qoyulmu\u015f d\u00f6vl\u0259t g\u0259ncl\u0259r siyas\u0259ti Az\u0259rbaycan\ng\u0259ncliyinin inki\u015faf\u0131nda d\u0259rin izl\u0259r burax\u0131b. G\u0259ncl\u0259r siyas\u0259tinin ba\u015fl\u0131ca m\u0259qs\u0259di yeni n\u0259slin\nfiziki, m\u0259n\u0259vi-psixoloji c\u0259h\u0259td\u0259n sa\u011flam yeti\u015fm\u0259sini, istedadl\u0131 g\u0259ncl\u0259rin \u00fcz\u0259 \u00e7\u0131xar\u0131lmas\u0131 v\u0259\nonlar\u0131n \u00f6lk\u0259nin g\u0259l\u0259c\u0259yin\u0259 t\u00f6hf\u0259 verm\u0259sini t\u0259min etm\u0259kdir. Onun s\u00f6zl\u0259rin\u0259 g\u00f6r\u0259, bu g\u00fcn\nAz\u0259rbaycan Prezidenti \u0130lham \u018fliyevin m\u0259qs\u0259dy\u00f6nl\u00fc siyas\u0259tinin n\u0259tic\u0259sidir ki, \u00f6lk\u0259mizd\u0259\ny\u00fcks\u0259k intellektual s\u0259viyy\u0259y\u0259, v\u0259t\u0259np\u0259rv\u0259rlik hissin\u0259, milli d\u00fc\u015f\u00fcnc\u0259y\u0259 malik g\u0259ncl\u0259r\nformala\u015f\u0131b. Az\u0259rbaycan g\u0259ncliyi 44 g\u00fcnl\u00fck V\u0259t\u0259n m\u00fcharib\u0259sind\u0259 b\u00f6y\u00fck \u015f\u00fcca\u0259t g\u00f6st\u0259r\u0259r\u0259k\ntarix yazd\u0131.\nYAP Veteranlar \u015euras\u0131n\u0131n s\u0259dri, partiyan\u0131n \u0130dar\u0259 Hey\u0259tinin \u00fczv\u00fc Arif R\u0259himzad\u0259 \u00e7\u0131x\u0131\u015f\u0131nda\nqeyd edib ki, Ulu \u00d6nd\u0259r Heyd\u0259r \u018fliyevin geni\u015fmiqyasl\u0131 f\u0259aliyy\u0259ti d\u00f6vl\u0259t\u00e7ilik m\u0259kt\u0259bidir.\nOnun s\u00f6zl\u0259rin\u0259 g\u00f6r\u0259, g\u0259ncl\u0259r Ulu \u00d6nd\u0259r Heyd\u0259r \u018fliyevin m\u00fc\u0259yy\u0259nl\u0259\u015fdirdiyi yolla\ngetm\u0259lidirl\u0259r. \u00c7\u00fcnki bu yolun alternativi yoxdur. A.R\u0259himzad\u0259nin s\u00f6zl\u0259rin\u0259 g\u00f6r\u0259, mill\u0259tinin\nv\u0259 d\u00f6vl\u0259tinin ali m\u0259nafeyini \u00f6z f\u0259aliyy\u0259tind\u0259 daim t\u0259m\u0259l prinsip kimi q\u0259bul ed\u0259n \u00dcmummilli\nLider bug\u00fcnk\u00fc m\u00fcst\u0259qil Az\u0259rbaycan\u0131n banisidir. Ulu \u00d6nd\u0259rin h\u0259yat\u0131 daim m\u00fcbariz\u0259l\u0259rd\u0259\nke\u00e7ib v\u0259 o, h\u0259r zaman qalib g\u0259lib. Ona g\u00f6r\u0259 d\u0259 Ulu \u00d6nd\u0259rimizin h\u0259yat v\u0259 f\u0259aliyy\u0259ti\ng\u0259ncl\u0259rimiz \u00fc\u00e7\u00fcn n\u00fcmun\u0259dir.\nYAP Veteranlar \u015euras\u0131n\u0131n s\u0259dri \u0259lav\u0259 edib ki, Heyd\u0259r \u018fliyev siyasi m\u0259kt\u0259binin \u0259n layiqli\nyetirm\u0259si c\u0259nab \u0130lham \u018fliyevdir. Prezident \u0130lham \u018fliyev bu g\u00fcn Heyd\u0259r \u018fliyev siyas\u0259tini\nu\u011furla davam etdirir. \u201cUlu \u00d6nd\u0259r Heyd\u0259r \u018fliyev h\u0259r zaman Az\u0259rbaycan g\u0259ncliyin\u0259 qay\u011f\u0131 il\u0259\nyana\u015f\u0131b, g\u0259ncl\u0259rin inki\u015faf\u0131n\u0131 x\u00fcsusi diqq\u0259t m\u0259rk\u0259zind\u0259 saxlay\u0131b. G\u0259ncl\u0259rimiz Heyd\u0259r\n\u018fliyevin z\u0259ngin irsini d\u0259rind\u0259n \u00f6yr\u0259nm\u0259li, Ulu \u00d6nd\u0259rin ideyalar\u0131na h\u0259mi\u015f\u0259 sadiq\nolmal\u0131d\u0131rlar\u201d, -dey\u0259 A.R\u0259himzad\u0259 vur\u011fulay\u0131b.\n\n\u00c7\u0131x\u0131\u015f ed\u0259n YAP Veteranlar \u015euras\u0131n\u0131n \u00fczv\u00fc, tarix elml\u0259ri doktoru Dilar\u0259 Seyidzad\u0259\n\u00dcmummilli Lider Heyd\u0259r \u018fliyevin d\u00f6vl\u0259timiz v\u0259 xalq\u0131m\u0131z qar\u015f\u0131s\u0131ndak\u0131 misilsiz xidm\u0259tl\u0259rd\u0259n\nb\u0259hs edib. Heyd\u0259r \u018fliyevi b\u00f6y\u00fck d\u00f6vl\u0259t xadimi v\u0259 g\u00fccl\u00fc s\u0259rk\u0259rd\u0259 kimi xarakteriz\u0259 ed\u0259n\nD.Seyidzad\u0259 bildirib ki, bu dahi \u015f\u0259xsiyy\u0259t b\u00fct\u00fcn h\u0259yat\u0131n\u0131 Az\u0259rbaycana h\u0259sr edib. Onun\ns\u00f6zl\u0259rin\u0259 g\u00f6r\u0259, Ulu \u00d6nd\u0259r Heyd\u0259r \u018fliyev m\u00fcst\u0259qil Az\u0259rbaycan\u0131 h\u0259m yaradan, h\u0259m\nm\u00f6hk\u0259ml\u0259ndir\u0259n, d\u00fcnyada tan\u0131dan, h\u0259m d\u0259 g\u0259l\u0259c\u0259y\u0259 do\u011fru u\u011furla aparan \u015f\u0259xsiyy\u0259t idi.\nD.Seyidzad\u0259 \u00e7\u0131x\u0131\u015f\u0131nda Ulu \u00d6nd\u0259r Heyd\u0259r \u018fliyev haqq\u0131nda xatir\u0259l\u0259rini t\u0259dbir i\u015ftirak\u00e7\u0131lar\u0131 il\u0259\nb\u00f6l\u00fc\u015f\u00fcb. YAP Veteranlar \u015euras\u0131n\u0131n \u00fczv\u00fc g\u0259ncl\u0259r\u0259 tariximizi, o c\u00fcml\u0259d\u0259n Heyd\u0259r \u018fliyev\nirsini d\u0259rind\u0259n \u00f6yr\u0259nm\u0259hyi t\u00f6vsiy\u0259 edib. \u00c7\u00fcnki bu irs \u0259slind\u0259, b\u00f6y\u00fck d\u00f6vl\u0259t\u00e7ilik irsidir. \u201cH\u0259r\nbir g\u0259nc y\u00fcks\u0259k bilikl\u0259r\u0259 yiy\u0259l\u0259nm\u0259li, qazand\u0131\u011f\u0131 bilik v\u0259 bacar\u0131qlar\u0131 m\u00fcst\u0259qil \u00f6lk\u0259mizin\ninki\u015faf\u0131na h\u0259sr etm\u0259li v\u0259 Prezidentimiz \u0130lham \u018fliyevin siyas\u0259tin\u0259 d\u0259st\u0259k olmal\u0131d\u0131r\u201d, -dey\u0259 o\ns\u00f6yl\u0259yib.\nYAP Veteranlar \u015euras\u0131n\u0131n \u00fczv\u00fc, Az\u0259rbaycan\u00a0 Respublikas\u0131n\u0131n Prezidenti yan\u0131nda D\u00f6vl\u0259t\n\u0130dar\u0259\u00e7ilik Akademiyas\u0131n\u0131n rektoru akademik Urxan \u018fl\u0259kb\u0259rov bildirib ki, Az\u0259rbaycan\u0131n \u0259ld\u0259\netdiyi u\u011furlar\u0131n b\u00fcn\u00f6vr\u0259si Heyd\u0259r \u018fliyev amili il\u0259 ba\u011fl\u0131d\u0131r. \u00c7\u00fcnki Heyd\u0259r \u018fliyev d\u00fcnya\nmiqyas\u0131nda dahi siyas\u0259t\u00e7i v\u0259 g\u00f6rk\u0259mli d\u00f6vl\u0259t xadimidir. Onun s\u00f6zl\u0259rin\u0259 g\u00f6r\u0259, Ulu \u00d6nd\u0259r\nHeyd\u0259r \u018fliyevin siyas\u0259tind\u0259 \u00a0\u0259n vacib m\u0259qamlardan biri milli kadr potensial\u0131n\u0131n\nformala\u015fd\u0131r\u0131lmas\u0131 il\u0259 ba\u011fl\u0131 olub. Ulu \u00d6nd\u0259rin r\u0259hb\u0259rliyi alt\u0131nda t\u0259hsil m\u00fc\u0259ssis\u0259l\u0259rinin z\u0259ngin\n\u015f\u0259b\u0259k\u0259sinin yarad\u0131lmas\u0131 v\u0259 onlar\u0131n maddi-texniki bazas\u0131n\u0131n formala\u015fd\u0131r\u0131lmas\u0131, respublika\nh\u00fcdudlar\u0131ndan k\u0259narda y\u00fcks\u0259kixtisasl\u0131 m\u00fct\u0259x\u0259ssisl\u0259rin, o c\u00fcml\u0259d\u0259n h\u0259rbi kadrlar\u0131n\nyeti\u015fdirilm\u0259si g\u0259l\u0259c\u0259k d\u00f6vl\u0259timiz \u00fc\u00e7\u00fcn z\u0259ruri intellektual potensial yarad\u0131b.\nYAP Veteranlar \u015euras\u0131n\u0131n \u00fczv\u00fc qeyd edib ki, Az\u0259rbaycan\u0131n inki\u015faf strategiyas\u0131n\u0131n m\u00fc\u0259llifi\n\u00dcmummilli Lider Heyd\u0259r \u018fliyevdir. Ulu \u00d6nd\u0259r Heyd\u0259r \u018fliyevin layiqli davam\u00e7\u0131s\u0131 olan\n\u00a0Prezident \u0130lham \u018fliyevin siyas\u0259ti n\u0259tic\u0259sind\u0259 Az\u0259rbaycan davaml\u0131 olaraq inki\u015faf edir v\u0259\ng\u00fccl\u0259nir.\nDaha sonra g\u0259ncl\u0259rin suallar\u0131 cavabland\u0131r\u0131l\u0131b.<\/p>\t\t\t\t\t<\/div>\n\t\t\t\t\t\t<\/div>\n\t\t\t\t<\/div>\n\t\t\t\t\t\t<\/div>\n\t\t\t\t\t<\/div>\n\t\t<\/div>\n\t\t\t\t\t\t\t\t<\/div>\n\t\t\t\t\t<\/div>\n\t\t<\/section>\n\t\t\t\t\t\t<\/div>\n\t\t\t\t\t\t<\/div>\n\t\t\t\t\t<\/div>","protected":false},"excerpt":{"rendered":"<p>May\u0131n 7-d\u0259 Az\u0259rbaycan Respublikas\u0131n\u0131n Prezidenti yan\u0131nda D\u00f6vl\u0259t \u0130dar\u0259\u00e7ilik<br \/>\nAkademiyas\u0131nda Yeni Az\u0259rbaycan Partiyas\u0131 (YAP) Veteranlar \u015euras\u0131 v\u0259 YAP G\u0259ncl\u0259r<br \/>\nBirliyinin birg\u0259 t\u0259\u015fkilat\u00e7\u0131l\u0131\u011f\u0131 il\u0259 \u00dcmummilli Lider Heyd\u0259r \u018fliyevin anadan olmas\u0131n\u0131n 101-ci<br \/>\nild\u00f6n\u00fcm\u00fcn\u0259 h\u0259sr olunmu\u015f \u201cHeyd\u0259r \u018fliyev 101: d\u00f6vl\u0259t idar\u0259\u00e7iliyind\u0259 liderlik\u201d m\u00f6vzusunda<br \/>\ng\u0259ncl\u0259rl\u0259 g\u00f6r\u00fc\u015f ke\u00e7irilib.<\/p>","protected":false},"author":2,"featured_media":22680,"comment_status":"closed","ping_status":"closed","sticky":false,"template":"","format":"standard","meta":[],"categories":[137],"tags":[],"_links":{"self":[{"href":"https:\/\/legacy.dia.edu.az\/en\/wp-json\/wp\/v2\/posts\/22671"}],"collection":[{"href":"https:\/\/legacy.dia.edu.az\/en\/wp-json\/wp\/v2\/posts"}],"about":[{"href":"https:\/\/legacy.dia.edu.az\/en\/wp-json\/wp\/v2\/types\/post"}],"author":[{"embeddable":true,"href":"https:\/\/legacy.dia.edu.az\/en\/wp-json\/wp\/v2\/users\/2"}],"replies":[{"embeddable":true,"href":"https:\/\/legacy.dia.edu.az\/en\/wp-json\/wp\/v2\/comments?post=22671"}],"version-history":[{"count":7,"href":"https:\/\/legacy.dia.edu.az\/en\/wp-json\/wp\/v2\/posts\/22671\/revisions"}],"predecessor-version":[{"id":22688,"href":"https:\/\/legacy.dia.edu.az\/en\/wp-json\/wp\/v2\/posts\/22671\/revisions\/22688"}],"wp:featuredmedia":[{"embeddable":true,"href":"https:\/\/legacy.dia.edu.az\/en\/wp-json\/wp\/v2\/media\/22680"}],"wp:attachment":[{"href":"https:\/\/legacy.dia.edu.az\/en\/wp-json\/wp\/v2\/media?parent=22671"}],"wp:term":[{"taxonomy":"category","embeddable":true,"href":"https:\/\/legacy.dia.edu.az\/en\/wp-json\/wp\/v2\/categories?post=22671"},{"taxonomy":"post_tag","embeddable":true,"href":"https:\/\/legacy.dia.edu.az\/en\/wp-json\/wp\/v2\/tags?post=22671"}],"curies":[{"name":"wp","href":"https:\/\/api.w.org\/{rel}","templated":true}]}}