{"id":22614,"date":"2024-05-06T13:36:28","date_gmt":"2024-05-06T09:36:28","guid":{"rendered":"https:\/\/dia.edu.az\/?p=22614"},"modified":"2024-05-06T13:41:50","modified_gmt":"2024-05-06T09:41:50","slug":"dia-da-t%c9%99lim-dovl%c9%99t-idar%c9%99ciliyi-v%c9%99-siyasi-suur-muasir-cagirislar-kontekstind%c9%99","status":"publish","type":"post","link":"https:\/\/legacy.dia.edu.az\/en\/arxivl\u0259r\/22614","title":{"rendered":"D\u0130A-da t\u0259lim: D\u00f6vl\u0259t idar\u0259\u00e7iliyi v\u0259 siyasi \u015f\u00fcur m\u00fcasir \u00e7a\u011f\u0131r\u0131\u015flar kontekstind\u0259"},"content":{"rendered":"<div data-elementor-type=\"wp-post\" data-elementor-id=\"22614\" class=\"elementor elementor-22614\" data-elementor-settings=\"[]\">\n\t\t\t\t\t\t<div class=\"elementor-inner\">\n\t\t\t\t\t\t\t<div class=\"elementor-section-wrap\">\n\t\t\t\t\t\t\t<section class=\"elementor-section elementor-top-section elementor-element elementor-element-7a31485 elementor-section-boxed elementor-section-height-default elementor-section-height-default\" data-id=\"7a31485\" data-element_type=\"section\">\n\t\t\t\t\t\t<div class=\"elementor-container elementor-column-gap-default\">\n\t\t\t\t\t\t\t<div class=\"elementor-row\">\n\t\t\t\t\t<div class=\"elementor-column elementor-col-100 elementor-top-column elementor-element elementor-element-a3e1530\" data-id=\"a3e1530\" data-element_type=\"column\">\n\t\t\t<div class=\"elementor-column-wrap elementor-element-populated\">\n\t\t\t\t\t\t\t<div class=\"elementor-widget-wrap\">\n\t\t\t\t\t\t<div class=\"elementor-element elementor-element-d1b64c9 elementor-widget elementor-widget-text-editor\" data-id=\"d1b64c9\" data-element_type=\"widget\" data-widget_type=\"text-editor.default\">\n\t\t\t\t<div class=\"elementor-widget-container\">\n\t\t\t\t\t\t\t\t<div class=\"elementor-text-editor elementor-clearfix\">\n\t\t\t\t\tD\u0130A-da t\u0259lim: D\u00f6vl\u0259t idar\u0259\u00e7iliyi v\u0259 siyasi \u015f\u00fcur m\u00fcasir \u00e7a\u011f\u0131r\u0131\u015flar kontekstind\u0259\t\t\t\t\t<\/div>\n\t\t\t\t\t\t<\/div>\n\t\t\t\t<\/div>\n\t\t\t\t\t\t<\/div>\n\t\t\t\t\t<\/div>\n\t\t<\/div>\n\t\t\t\t\t\t\t\t<\/div>\n\t\t\t\t\t<\/div>\n\t\t<\/section>\n\t\t\t\t<section class=\"elementor-section elementor-top-section elementor-element elementor-element-aed5ba5 elementor-section-boxed elementor-section-height-default elementor-section-height-default\" data-id=\"aed5ba5\" data-element_type=\"section\">\n\t\t\t\t\t\t<div class=\"elementor-container elementor-column-gap-default\">\n\t\t\t\t\t\t\t<div class=\"elementor-row\">\n\t\t\t\t\t<div class=\"elementor-column elementor-col-100 elementor-top-column elementor-element elementor-element-f3f80bc\" data-id=\"f3f80bc\" data-element_type=\"column\">\n\t\t\t<div class=\"elementor-column-wrap elementor-element-populated\">\n\t\t\t\t\t\t\t<div class=\"elementor-widget-wrap\">\n\t\t\t\t\t\t<div class=\"elementor-element elementor-element-c4efbf1 elementor-widget elementor-widget-image\" data-id=\"c4efbf1\" data-element_type=\"widget\" data-widget_type=\"image.default\">\n\t\t\t\t<div class=\"elementor-widget-container\">\n\t\t\t\t\t\t\t\t<div class=\"elementor-image\">\n\t\t\t\t\t\t\t\t\t\t\t\t\t<a href=\"https:\/\/dia.edu.az\/wp-content\/uploads\/2024\/05\/we.png\" data-elementor-open-lightbox=\"yes\" data-elementor-lightbox-title=\"we\">\n\t\t\t\t\t\t\t<img width=\"92\" height=\"92\" src=\"https:\/\/legacy.dia.edu.az\/wp-content\/uploads\/2024\/05\/we-92x92.png\" class=\"attachment-rdtheme-size8 size-rdtheme-size8\" alt=\"\" srcset=\"https:\/\/legacy.dia.edu.az\/wp-content\/uploads\/2024\/05\/we-92x92.png 92w, https:\/\/legacy.dia.edu.az\/wp-content\/uploads\/2024\/05\/we-150x150.png 150w, https:\/\/legacy.dia.edu.az\/wp-content\/uploads\/2024\/05\/we-150x150@2x.png 300w\" sizes=\"(max-width: 92px) 100vw, 92px\" \/>\t\t\t\t\t\t\t\t<\/a>\n\t\t\t\t\t\t\t\t\t\t\t\t\t\t<\/div>\n\t\t\t\t\t\t<\/div>\n\t\t\t\t<\/div>\n\t\t\t\t\t\t<\/div>\n\t\t\t\t\t<\/div>\n\t\t<\/div>\n\t\t\t\t\t\t\t\t<\/div>\n\t\t\t\t\t<\/div>\n\t\t<\/section>\n\t\t\t\t<section class=\"elementor-section elementor-top-section elementor-element elementor-element-071fa3f elementor-section-boxed elementor-section-height-default elementor-section-height-default\" data-id=\"071fa3f\" data-element_type=\"section\">\n\t\t\t\t\t\t<div class=\"elementor-container elementor-column-gap-default\">\n\t\t\t\t\t\t\t<div class=\"elementor-row\">\n\t\t\t\t\t<div class=\"elementor-column elementor-col-100 elementor-top-column elementor-element elementor-element-7fc3a10\" data-id=\"7fc3a10\" data-element_type=\"column\">\n\t\t\t<div class=\"elementor-column-wrap elementor-element-populated\">\n\t\t\t\t\t\t\t<div class=\"elementor-widget-wrap\">\n\t\t\t\t\t\t<div class=\"elementor-element elementor-element-3ed8386 elementor-widget elementor-widget-text-editor\" data-id=\"3ed8386\" data-element_type=\"widget\" data-widget_type=\"text-editor.default\">\n\t\t\t\t<div class=\"elementor-widget-container\">\n\t\t\t\t\t\t\t\t<div class=\"elementor-text-editor elementor-clearfix\">\n\t\t\t\t\t<p>Az\u0259rbaycan Respublikas\u0131n\u0131n Prezidenti yan\u0131nda D\u00f6vl\u0259t \u0130dar\u0259\u00e7ilik Akademiyas\u0131nda (D\u0130A) \u201cD\u00f6vl\u0259t idar\u0259\u00e7iliyi v\u0259 siyasi \u015f\u00fcur m\u00fcasir \u00e7a\u011f\u0131r\u0131\u015flar kontekstind\u0259\u201d m\u00f6vzusunda onlayn formada n\u00f6vb\u0259ti t\u0259lim ke\u00e7irilib. T\u0259lim Az\u0259rbaycan Respublikas\u0131n\u0131n D\u00f6vl\u0259t Miqrasiya Xidm\u0259tinin \u0259m\u0259kda\u015flar\u0131 \u00fc\u00e7\u00fcn t\u0259\u015fkil edilib.<\/p>\n<p>T\u0259limd\u0259 D\u00f6vl\u0259t \u0130dar\u0259\u00e7ilik Akademiyas\u0131n\u0131n D\u00f6vl\u0259t qullu\u011fu v\u0259 kadr siyas\u0259ti kafedras\u0131n\u0131n m\u00fcdiri, Milli M\u0259clisin deputat\u0131, professor Hikm\u0259t M\u0259mm\u0259dov \u00e7\u0131x\u0131\u015f ed\u0259r\u0259k siyasi m\u00fcnasib\u0259tl\u0259rin, siyasi prosesin v\u0259 f\u0259aliyy\u0259tin d\u0259rk edilm\u0259sinin m\u00fch\u00fcm a\u00e7ar\u0131 kimi siyasi \u015f\u00fcurun d\u00f6vl\u0259t idar\u0259\u00e7iliyind\u0259 fundamental rolundan b\u0259hs edib.\n\n\u201cSiyasi \u015f\u00fcur siyasi reall\u0131qlar\u0131n d\u0259rk edilm\u0259si say\u0259sind\u0259 meydana g\u0259l\u0259n inam, etiqad, bax\u0131\u015flar, d\u0259y\u0259rl\u0259r v\u0259 onlara \u0259saslanan siyasi m\u00f6vqe il\u0259 ictimai r\u0259yin m\u0259cmusu \u015f\u0259klind\u0259 f\u0259aliyy\u0259t g\u00f6st\u0259rir v\u0259 siyasi prosesin m\u00fch\u00fcm hiss\u0259si kimi \u00e7\u0131x\u0131\u015f edir\u201d, &#8211; dey\u0259 qeyd ed\u0259n H.M\u0259mm\u0259dov dinl\u0259yicil\u0259rin diqq\u0259tin\u0259 \u00e7atd\u0131r\u0131b ki, c\u0259miyy\u0259tin siyasi \u015f\u00fcurunu \u00f6yr\u0259nm\u0259d\u0259n real siyas\u0259t i\u015fl\u0259yib-haz\u0131rlamaq v\u0259 h\u0259yata ke\u00e7irm\u0259k m\u00fcmk\u00fcn deyil.<\/p>\n<p>Daha sonra professor H.M\u0259mm\u0259dov Az\u0259rbaycan c\u0259miyy\u0259tind\u0259 milli d\u00f6vl\u0259t\u00e7ilik \u015f\u00fcurunun formala\u015fmas\u0131nda \u00dcmummilli Lider Heyd\u0259r \u018fliyevin x\u00fcsusi rolu oldu\u011funu vur\u011fulay\u0131b. O bildirib ki, \u0259g\u0259r m\u00fcst\u0259qil Az\u0259rbaycan\u0131n yax\u0131n ke\u00e7mi\u015fi \u00dcmummilli Lider Heyd\u0259r \u018fliyevin \u015f\u0259r\u0259fli d\u00f6vl\u0259t\u00e7ilik f\u0259aliyy\u0259ti il\u0259 formala\u015faraq, xilaskarl\u0131q missiyas\u0131 v\u0259 quruculuq motivl\u0259ri il\u0259 tarix\u0259 yaz\u0131l\u0131bsa, \u00f6lk\u0259mizin bug\u00fcnk\u00fc davaml\u0131 v\u0259 h\u0259rt\u0259r\u0259fli y\u00fcks\u0259li\u015fi Prezident, M\u00fcz\u0259ff\u0259r Ali Ba\u015f Komandan \u0130lham \u018fliyevin simas\u0131nda beyn\u0259lxalq al\u0259md\u0259 daha geni\u015f \u015f\u00f6hr\u0259t tap\u0131r.\n\nT\u0259lim zaman\u0131, eyni zamanda, Prezident \u0130lham \u018fliyevin q\u0259tiyy\u0259tli v\u0259 m\u0259qs\u0259dy\u00f6nl\u00fc f\u0259aliyy\u0259ti n\u0259tic\u0259sind\u0259 Az\u0259rbaycan Ordusunun 30 illik i\u015f\u011fala son qoymas\u0131n\u0131n milli d\u00f6vl\u0259t\u00e7ilik \u015f\u00fcurunun g\u00fccl\u0259nm\u0259sind\u0259 olan rolundan da b\u0259hs edilib.<\/p>\n<p>Professor Hikm\u0259t M\u0259mm\u0259dov m\u0259hz \u00dcmummilli Lider Heyd\u0259r \u018fliyevin siyas\u0259tini d\u00f6vr\u00fcn t\u0259l\u0259bl\u0259rin\u0259 uy\u011fun davam etdir\u0259n \u00f6lk\u0259 r\u0259hb\u0259rinin h\u0259yata ke\u00e7irdiyi t\u0259dbirl\u0259rin Az\u0259rbaycan\u0131n milli g\u00fcc\u00fcn\u00fcn artmas\u0131na, strateji h\u0259d\u0259fl\u0259r\u0259 v\u0259 q\u0259l\u0259b\u0259y\u0259 do\u011fru \u0259min add\u0131mlarla ir\u0259lil\u0259m\u0259sin\u0259 olan t\u0259siri il\u0259 ba\u011fl\u0131 fikirl\u0259rini b\u00f6l\u00fc\u015f\u00fcb.<\/p>\t\t\t\t\t<\/div>\n\t\t\t\t\t\t<\/div>\n\t\t\t\t<\/div>\n\t\t\t\t\t\t<\/div>\n\t\t\t\t\t<\/div>\n\t\t<\/div>\n\t\t\t\t\t\t\t\t<\/div>\n\t\t\t\t\t<\/div>\n\t\t<\/section>\n\t\t\t\t<section class=\"elementor-section elementor-top-section elementor-element elementor-element-1d03df3 elementor-section-boxed elementor-section-height-default elementor-section-height-default\" data-id=\"1d03df3\" data-element_type=\"section\">\n\t\t\t\t\t\t<div class=\"elementor-container elementor-column-gap-default\">\n\t\t\t\t\t\t\t<div class=\"elementor-row\">\n\t\t\t\t\t<div class=\"elementor-column elementor-col-100 elementor-top-column elementor-element elementor-element-195fc82\" data-id=\"195fc82\" data-element_type=\"column\">\n\t\t\t<div class=\"elementor-column-wrap\">\n\t\t\t\t\t\t\t<div class=\"elementor-widget-wrap\">\n\t\t\t\t\t\t\t\t<\/div>\n\t\t\t\t\t<\/div>\n\t\t<\/div>\n\t\t\t\t\t\t\t\t<\/div>\n\t\t\t\t\t<\/div>\n\t\t<\/section>\n\t\t\t\t\t\t<\/div>\n\t\t\t\t\t\t<\/div>\n\t\t\t\t\t<\/div>","protected":false},"excerpt":{"rendered":"<p>Az\u0259rbaycan Respublikas\u0131n\u0131n Prezidenti yan\u0131nda D\u00f6vl\u0259t \u0130dar\u0259\u00e7ilik Akademiyas\u0131nda (D\u0130A) \u201cD\u00f6vl\u0259t idar\u0259\u00e7iliyi v\u0259 siyasi \u015f\u00fcur m\u00fcasir \u00e7a\u011f\u0131r\u0131\u015flar kontekstind\u0259\u201d m\u00f6vzusunda onlayn formada n\u00f6vb\u0259ti t\u0259lim ke\u00e7irilib. T\u0259lim Az\u0259rbaycan Respublikas\u0131n\u0131n D\u00f6vl\u0259t Miqrasiya Xidm\u0259tinin \u0259m\u0259kda\u015flar\u0131 \u00fc\u00e7\u00fcn t\u0259\u015fkil edilib.<\/p>","protected":false},"author":2,"featured_media":22615,"comment_status":"closed","ping_status":"closed","sticky":false,"template":"","format":"standard","meta":[],"categories":[137],"tags":[],"_links":{"self":[{"href":"https:\/\/legacy.dia.edu.az\/en\/wp-json\/wp\/v2\/posts\/22614"}],"collection":[{"href":"https:\/\/legacy.dia.edu.az\/en\/wp-json\/wp\/v2\/posts"}],"about":[{"href":"https:\/\/legacy.dia.edu.az\/en\/wp-json\/wp\/v2\/types\/post"}],"author":[{"embeddable":true,"href":"https:\/\/legacy.dia.edu.az\/en\/wp-json\/wp\/v2\/users\/2"}],"replies":[{"embeddable":true,"href":"https:\/\/legacy.dia.edu.az\/en\/wp-json\/wp\/v2\/comments?post=22614"}],"version-history":[{"count":8,"href":"https:\/\/legacy.dia.edu.az\/en\/wp-json\/wp\/v2\/posts\/22614\/revisions"}],"predecessor-version":[{"id":22623,"href":"https:\/\/legacy.dia.edu.az\/en\/wp-json\/wp\/v2\/posts\/22614\/revisions\/22623"}],"wp:featuredmedia":[{"embeddable":true,"href":"https:\/\/legacy.dia.edu.az\/en\/wp-json\/wp\/v2\/media\/22615"}],"wp:attachment":[{"href":"https:\/\/legacy.dia.edu.az\/en\/wp-json\/wp\/v2\/media?parent=22614"}],"wp:term":[{"taxonomy":"category","embeddable":true,"href":"https:\/\/legacy.dia.edu.az\/en\/wp-json\/wp\/v2\/categories?post=22614"},{"taxonomy":"post_tag","embeddable":true,"href":"https:\/\/legacy.dia.edu.az\/en\/wp-json\/wp\/v2\/tags?post=22614"}],"curies":[{"name":"wp","href":"https:\/\/api.w.org\/{rel}","templated":true}]}}