{"id":22592,"date":"2024-05-03T13:21:46","date_gmt":"2024-05-03T09:21:46","guid":{"rendered":"https:\/\/dia.edu.az\/?p=22592"},"modified":"2024-05-03T13:30:38","modified_gmt":"2024-05-03T09:30:38","slug":"v%c9%99kill%c9%99r-ucun-prezident-ilham-%c9%99liyevin-yeni-dovl%c9%99t-idar%c9%99cilik-texnologiyalaricop29-a-aparan-yol-adli-m%c9%99ruz%c9%99-t%c9%99qdim-edilib","status":"publish","type":"post","link":"https:\/\/legacy.dia.edu.az\/en\/arxivl\u0259r\/22592","title":{"rendered":"V\u0259kill\u0259r \u00fc\u00e7\u00fcn \u201cPrezident \u0130lham \u018fliyevin yeni d\u00f6vl\u0259t idar\u0259\u00e7ilik texnologiyalar\u0131:COP29-a aparan yol\u201d adl\u0131 m\u0259ruz\u0259 t\u0259qdim edilib"},"content":{"rendered":"<div data-elementor-type=\"wp-post\" data-elementor-id=\"22592\" class=\"elementor elementor-22592\" data-elementor-settings=\"[]\">\n\t\t\t\t\t\t<div class=\"elementor-inner\">\n\t\t\t\t\t\t\t<div class=\"elementor-section-wrap\">\n\t\t\t\t\t\t\t<section class=\"elementor-section elementor-top-section elementor-element elementor-element-0ddc37b elementor-section-boxed elementor-section-height-default elementor-section-height-default\" data-id=\"0ddc37b\" data-element_type=\"section\">\n\t\t\t\t\t\t<div class=\"elementor-container elementor-column-gap-default\">\n\t\t\t\t\t\t\t<div class=\"elementor-row\">\n\t\t\t\t\t<div class=\"elementor-column elementor-col-100 elementor-top-column elementor-element elementor-element-82f57cb\" data-id=\"82f57cb\" data-element_type=\"column\">\n\t\t\t<div class=\"elementor-column-wrap elementor-element-populated\">\n\t\t\t\t\t\t\t<div class=\"elementor-widget-wrap\">\n\t\t\t\t\t\t<div class=\"elementor-element elementor-element-49294c3 elementor-widget elementor-widget-text-editor\" data-id=\"49294c3\" data-element_type=\"widget\" data-widget_type=\"text-editor.default\">\n\t\t\t\t<div class=\"elementor-widget-container\">\n\t\t\t\t\t\t\t\t<div class=\"elementor-text-editor elementor-clearfix\">\n\t\t\t\t\tV\u0259kill\u0259r \u00fc\u00e7\u00fcn \u201cPrezident \u0130lham \u018fliyevin yeni d\u00f6vl\u0259t idar\u0259\u00e7ilik texnologiyalar\u0131: COP29-a aparan yol\u201d adl\u0131 m\u0259ruz\u0259 t\u0259qdim edilib\t\t\t\t\t<\/div>\n\t\t\t\t\t\t<\/div>\n\t\t\t\t<\/div>\n\t\t\t\t\t\t<\/div>\n\t\t\t\t\t<\/div>\n\t\t<\/div>\n\t\t\t\t\t\t\t\t<\/div>\n\t\t\t\t\t<\/div>\n\t\t<\/section>\n\t\t\t\t<section class=\"elementor-section elementor-top-section elementor-element elementor-element-ef6221b elementor-section-boxed elementor-section-height-default elementor-section-height-default\" data-id=\"ef6221b\" data-element_type=\"section\">\n\t\t\t\t\t\t<div class=\"elementor-container elementor-column-gap-default\">\n\t\t\t\t\t\t\t<div class=\"elementor-row\">\n\t\t\t\t\t<div class=\"elementor-column elementor-col-100 elementor-top-column elementor-element elementor-element-1072fee\" data-id=\"1072fee\" data-element_type=\"column\">\n\t\t\t<div class=\"elementor-column-wrap elementor-element-populated\">\n\t\t\t\t\t\t\t<div class=\"elementor-widget-wrap\">\n\t\t\t\t\t\t<div class=\"elementor-element elementor-element-ea03d0c elementor-arrows-position-inside elementor-pagination-position-outside elementor-widget elementor-widget-image-carousel\" data-id=\"ea03d0c\" data-element_type=\"widget\" data-settings=\"{&quot;navigation&quot;:&quot;both&quot;,&quot;autoplay&quot;:&quot;yes&quot;,&quot;pause_on_hover&quot;:&quot;yes&quot;,&quot;pause_on_interaction&quot;:&quot;yes&quot;,&quot;autoplay_speed&quot;:5000,&quot;infinite&quot;:&quot;yes&quot;,&quot;speed&quot;:500}\" data-widget_type=\"image-carousel.default\">\n\t\t\t\t<div class=\"elementor-widget-container\">\n\t\t\t\t\t<div class=\"elementor-image-carousel-wrapper swiper-container\" dir=\"ltr\">\n\t\t\t<div class=\"elementor-image-carousel swiper-wrapper\">\n\t\t\t\t<div class=\"swiper-slide\"><a data-elementor-open-lightbox=\"yes\" data-elementor-lightbox-slideshow=\"ea03d0c\" data-elementor-lightbox-title=\"003\" href=\"https:\/\/legacy.dia.edu.az\/wp-content\/uploads\/2024\/05\/9_6850c82566484cfff711eaaf7b8acda6-scaled.jpeg\"><figure class=\"swiper-slide-inner\"><img class=\"swiper-slide-image\" src=\"https:\/\/legacy.dia.edu.az\/wp-content\/uploads\/2024\/05\/9_6850c82566484cfff711eaaf7b8acda6-150x150.jpeg\" alt=\"003\" \/><\/figure><\/a><\/div><div class=\"swiper-slide\"><a data-elementor-open-lightbox=\"yes\" data-elementor-lightbox-slideshow=\"ea03d0c\" data-elementor-lightbox-title=\"004\" href=\"https:\/\/legacy.dia.edu.az\/wp-content\/uploads\/2024\/05\/2_6bef00b6b3ab15109053bb936432fb37-scaled.jpeg\"><figure class=\"swiper-slide-inner\"><img class=\"swiper-slide-image\" src=\"https:\/\/legacy.dia.edu.az\/wp-content\/uploads\/2024\/05\/2_6bef00b6b3ab15109053bb936432fb37-150x150.jpeg\" alt=\"004\" \/><\/figure><\/a><\/div><div class=\"swiper-slide\"><a data-elementor-open-lightbox=\"yes\" data-elementor-lightbox-slideshow=\"ea03d0c\" data-elementor-lightbox-title=\"002\" href=\"https:\/\/legacy.dia.edu.az\/wp-content\/uploads\/2024\/05\/10_4677e283cfbe7b9a35d5e9fcff3b99f4-scaled.jpeg\"><figure class=\"swiper-slide-inner\"><img class=\"swiper-slide-image\" src=\"https:\/\/legacy.dia.edu.az\/wp-content\/uploads\/2024\/05\/10_4677e283cfbe7b9a35d5e9fcff3b99f4-150x150.jpeg\" alt=\"002\" \/><\/figure><\/a><\/div><div class=\"swiper-slide\"><a data-elementor-open-lightbox=\"yes\" data-elementor-lightbox-slideshow=\"ea03d0c\" data-elementor-lightbox-title=\"001\" href=\"https:\/\/legacy.dia.edu.az\/wp-content\/uploads\/2024\/05\/12--scaled.jpeg\"><figure class=\"swiper-slide-inner\"><img class=\"swiper-slide-image\" src=\"https:\/\/legacy.dia.edu.az\/wp-content\/uploads\/2024\/05\/12--150x150.jpeg\" alt=\"001\" \/><\/figure><\/a><\/div>\t\t\t<\/div>\n\t\t\t\t\t\t\t\t\t\t\t\t<div class=\"swiper-pagination\"><\/div>\n\t\t\t\t\t\t\t\t\t\t\t\t\t<div class=\"elementor-swiper-button elementor-swiper-button-prev\">\n\t\t\t\t\t\t<i class=\"eicon-chevron-left\" aria-hidden=\"true\"><\/i>\n\t\t\t\t\t\t<span class=\"elementor-screen-only\">Previous<\/span>\n\t\t\t\t\t<\/div>\n\t\t\t\t\t<div class=\"elementor-swiper-button elementor-swiper-button-next\">\n\t\t\t\t\t\t<i class=\"eicon-chevron-right\" aria-hidden=\"true\"><\/i>\n\t\t\t\t\t\t<span class=\"elementor-screen-only\">Next<\/span>\n\t\t\t\t\t<\/div>\n\t\t\t\t\t\t\t\t\t<\/div>\n\t\t\t\t<\/div>\n\t\t\t\t<\/div>\n\t\t\t\t\t\t<\/div>\n\t\t\t\t\t<\/div>\n\t\t<\/div>\n\t\t\t\t\t\t\t\t<\/div>\n\t\t\t\t\t<\/div>\n\t\t<\/section>\n\t\t\t\t<section class=\"elementor-section elementor-top-section elementor-element elementor-element-566d639 elementor-section-boxed elementor-section-height-default elementor-section-height-default\" data-id=\"566d639\" data-element_type=\"section\">\n\t\t\t\t\t\t<div class=\"elementor-container elementor-column-gap-default\">\n\t\t\t\t\t\t\t<div class=\"elementor-row\">\n\t\t\t\t\t<div class=\"elementor-column elementor-col-100 elementor-top-column elementor-element elementor-element-0bc469b\" data-id=\"0bc469b\" data-element_type=\"column\">\n\t\t\t<div class=\"elementor-column-wrap elementor-element-populated\">\n\t\t\t\t\t\t\t<div class=\"elementor-widget-wrap\">\n\t\t\t\t\t\t<div class=\"elementor-element elementor-element-3e795e1 elementor-widget elementor-widget-text-editor\" data-id=\"3e795e1\" data-element_type=\"widget\" data-widget_type=\"text-editor.default\">\n\t\t\t\t<div class=\"elementor-widget-container\">\n\t\t\t\t\t\t\t\t<div class=\"elementor-text-editor elementor-clearfix\">\n\t\t\t\t\t<p>Az\u0259rbaycan Respublikas\u0131n\u0131n V\u0259kill\u0259r Kollegiyas\u0131 (ARVK) R\u0259yas\u0259t Hey\u0259tinin \u00fczvl\u0259ri,\nv\u0259kil qurumlar\u0131n\u0131n r\u0259hb\u0259rl\u0259ri, habel\u0259 K\u0130V n\u00fcmay\u0259nd\u0259l\u0259rinin i\u015ftirak\u0131 il\u0259 R\u0259yas\u0259t Hey\u0259tinin\ngeni\u015ft\u0259rkibli iclas\u0131 v\u0259 v\u0259killiy\u0259 namiz\u0259dl\u0259rin t\u0259nt\u0259n\u0259li andi\u00e7m\u0259 m\u0259rasimi ke\u00e7irilib.\nM\u0259rasimd\u0259 Kollegiya s\u0259dri Anar Ba\u011f\u0131rov \u00e7\u0131x\u0131\u015f ed\u0259r\u0259k Az\u0259rbaycanda v\u0259killiyin\ntarixind\u0259n, inki\u015faf\u0131ndan v\u0259 getdikc\u0259 daha da artan n\u00fcfuzundan, o c\u00fcml\u0259d\u0259n ARVK-n\u0131n\nbeyn\u0259lxalq \u0259laq\u0259l\u0259rinin qurulmas\u0131ndan, \u00e7oxsayl\u0131 n\u00fcfuzlu t\u0259\u015fkilatlara \u00fczv q\u0259bul\nedilm\u0259sind\u0259n dan\u0131\u015f\u0131b, habel\u0259 dig\u0259r m\u0259s\u0259l\u0259l\u0259r bar\u0259d\u0259 t\u0259dbir i\u015ftirak\u00e7\u0131lar\u0131na m\u0259lumat\nverib.\nEyni zamanda, s\u0259dr son d\u00f6vrl\u0259r v\u0259killikd\u0259 informasiya v\u0259 kommunikasiya\ntexnologiyalar\u0131n\u0131n t\u0259tbiqin\u0259 b\u00f6y\u00fck \u00fcst\u00fcnl\u00fck verildiyini d\u0259 xat\u0131rladaraq Kollegiya\nt\u0259r\u0259find\u0259n yarad\u0131lan \u201cElektron v\u0259kil orderi\u201d sisteminin f\u0259aliyy\u0259t\u0259 ba\u015flad\u0131\u011f\u0131n\u0131 bildirib.\nDaha sonra Az\u0259rbaycan Respublikas\u0131n\u0131n Prezidenti Yan\u0131nda D\u00f6vl\u0259t \u0130dar\u0259\u00e7ilik\nAkademiyas\u0131n\u0131n rektoru, akademik Urxan \u018fl\u0259kb\u0259rov \u00e7\u0131x\u0131\u015f\u0131nda andi\u00e7m\u0259 m\u0259rasimind\u0259\ni\u015ftirak ed\u0259n v\u0259kill\u0259ri t\u0259brik edib, g\u0259l\u0259c\u0259k f\u0259aliyy\u0259tl\u0259rind\u0259 u\u011furlar arzulay\u0131b.\nRektor \u201cPrezident \u0130lham \u018fliyevin yeni d\u00f6vl\u0259t idar\u0259\u00e7ilik texnologiyalar\u0131: COP29-a aparan\nyol\u201d m\u00f6vzusunda dan\u0131\u015faraq Az\u0259rbaycan\u0131n BMT-nin \u0130qlim D\u0259yi\u015fm\u0259l\u0259ri \u00fczr\u0259 \u00c7\u0259r\u00e7iv\u0259\nKonvensiyas\u0131n\u0131n T\u0259r\u0259fl\u0259r Konfrans\u0131n\u0131n 29-cu sessiyas\u0131na (COP29) ev sahibliyi\netm\u0259yinin \u0259h\u0259miyy\u0259tini vur\u011fulay\u0131b, bel\u0259 bir t\u0259dbirin \u00f6lk\u0259mizd\u0259 ke\u00e7irilm\u0259sinin \u00e7ox vacib\noldu\u011funu dil\u0259 g\u0259tirib. O, Az\u0259rbaycan Prezidentinin S\u0259r\u0259ncam\u0131 il\u0259 2024-c\u00fc ilin\nrespublikam\u0131zda \u201cYa\u015f\u0131l d\u00fcnya namin\u0259 h\u0259mr\u0259ylik ili\u201d elan edilm\u0259sinin \u00f6lk\u0259mizd\u0259 \u0259traf\nm\u00fchitin m\u00fchafiz\u0259si sah\u0259sind\u0259 apar\u0131lan m\u0259qs\u0259dy\u00f6nl\u00fc v\u0259 ard\u0131c\u0131l d\u00f6vl\u0259t siyas\u0259tinin t\u0259rkib\nhiss\u0259si oldu\u011funu n\u0259z\u0259r\u0259 \u00e7atd\u0131r\u0131b.\n\u00dcmummilli Lider Heyd\u0259r \u018fliyevin tarixi xidm\u0259tl\u0259rind\u0259n d\u0259 s\u00f6z a\u00e7an Urxan \u018fl\u0259kb\u0259rov\n\u00f6lk\u0259nin ictimai-siyasi, sosial-iqtisadi v\u0259 elmi-m\u0259d\u0259ni h\u0259yat\u0131nda \u0259sasl\u0131 d\u00f6n\u00fc\u015f\u00fcn\nyarand\u0131\u011f\u0131n\u0131 qeyd edib.\nAz\u0259rbaycanda qazan\u0131lan u\u011furlar\u0131n dahi r\u0259hb\u0259r Heyd\u0259r \u018fliyev siyas\u0259tinin b\u0259hr\u0259si\noldu\u011funu bildir\u0259n rektor Ulu \u00d6nd\u0259r t\u0259r\u0259find\u0259n m\u00fc\u0259yy\u0259nl\u0259\u015fdirilmi\u015f v\u0259 Prezident c\u0259nab\n\u0130lham \u018fliyevin u\u011furla davam etdirdiyi inki\u015faf strategiyas\u0131 say\u0259sind\u0259 \u00f6lk\u0259mizin qazand\u0131\u011f\u0131\nnailiyy\u0259tl\u0259r\u0259 diqq\u0259t \u00e7\u0259kib.\nH\u0259m\u00e7inin, m\u0259rasimd\u0259 v\u0259killiy\u0259 q\u0259bul \u00fczr\u0259 ixtisas imtahanlar\u0131ndan m\u00fcv\u0259ff\u0259qiyy\u0259tl\u0259\nke\u00e7\u0259n v\u0259 icbari t\u0259limi ba\u015fa vuran namiz\u0259dl\u0259rin andi\u00e7m\u0259 m\u0259rasimi olub, v\u0259killiy\u0259\n\nnamiz\u0259dl\u0259r Az\u0259rbaycan\u0131n D\u00f6vl\u0259t Bayra\u011f\u0131 \u00f6n\u00fcnd\u0259 and i\u00e7ib, onlara v\u0259siq\u0259l\u0259r t\u0259qdim\nedilib.<\/p>\t\t\t\t\t<\/div>\n\t\t\t\t\t\t<\/div>\n\t\t\t\t<\/div>\n\t\t\t\t\t\t<\/div>\n\t\t\t\t\t<\/div>\n\t\t<\/div>\n\t\t\t\t\t\t\t\t<\/div>\n\t\t\t\t\t<\/div>\n\t\t<\/section>\n\t\t\t\t\t\t<\/div>\n\t\t\t\t\t\t<\/div>\n\t\t\t\t\t<\/div>","protected":false},"excerpt":{"rendered":"<p>Az\u0259rbaycan Respublikas\u0131n\u0131n V\u0259kill\u0259r Kollegiyas\u0131 (ARVK) R\u0259yas\u0259t Hey\u0259tinin \u00fczvl\u0259ri,<br \/>\nv\u0259kil qurumlar\u0131n\u0131n r\u0259hb\u0259rl\u0259ri, habel\u0259 K\u0130V n\u00fcmay\u0259nd\u0259l\u0259rinin i\u015ftirak\u0131 il\u0259 R\u0259yas\u0259t Hey\u0259tinin geni\u015ft\u0259rkibli iclas\u0131 v\u0259 v\u0259killiy\u0259 namiz\u0259dl\u0259rin t\u0259nt\u0259n\u0259li andi\u00e7m\u0259 m\u0259rasimi ke\u00e7irilib.<\/p>","protected":false},"author":2,"featured_media":22593,"comment_status":"closed","ping_status":"closed","sticky":false,"template":"","format":"standard","meta":[],"categories":[137],"tags":[],"_links":{"self":[{"href":"https:\/\/legacy.dia.edu.az\/en\/wp-json\/wp\/v2\/posts\/22592"}],"collection":[{"href":"https:\/\/legacy.dia.edu.az\/en\/wp-json\/wp\/v2\/posts"}],"about":[{"href":"https:\/\/legacy.dia.edu.az\/en\/wp-json\/wp\/v2\/types\/post"}],"author":[{"embeddable":true,"href":"https:\/\/legacy.dia.edu.az\/en\/wp-json\/wp\/v2\/users\/2"}],"replies":[{"embeddable":true,"href":"https:\/\/legacy.dia.edu.az\/en\/wp-json\/wp\/v2\/comments?post=22592"}],"version-history":[{"count":5,"href":"https:\/\/legacy.dia.edu.az\/en\/wp-json\/wp\/v2\/posts\/22592\/revisions"}],"predecessor-version":[{"id":22601,"href":"https:\/\/legacy.dia.edu.az\/en\/wp-json\/wp\/v2\/posts\/22592\/revisions\/22601"}],"wp:featuredmedia":[{"embeddable":true,"href":"https:\/\/legacy.dia.edu.az\/en\/wp-json\/wp\/v2\/media\/22593"}],"wp:attachment":[{"href":"https:\/\/legacy.dia.edu.az\/en\/wp-json\/wp\/v2\/media?parent=22592"}],"wp:term":[{"taxonomy":"category","embeddable":true,"href":"https:\/\/legacy.dia.edu.az\/en\/wp-json\/wp\/v2\/categories?post=22592"},{"taxonomy":"post_tag","embeddable":true,"href":"https:\/\/legacy.dia.edu.az\/en\/wp-json\/wp\/v2\/tags?post=22592"}],"curies":[{"name":"wp","href":"https:\/\/api.w.org\/{rel}","templated":true}]}}